{"id":509,"date":"2019-06-13T10:51:31","date_gmt":"2019-06-13T10:51:31","guid":{"rendered":"https:\/\/site.educa.madrid.org\/cepa.getafe\/?p=509"},"modified":"2019-06-13T10:51:31","modified_gmt":"2019-06-13T10:51:31","slug":"abierto-el-plazo-de-matriculacion-del-curso-2019-2020","status":"publish","type":"post","link":"https:\/\/site.educa.madrid.org\/cepa.getafe\/index.php\/2019\/06\/13\/abierto-el-plazo-de-matriculacion-del-curso-2019-2020\/","title":{"rendered":"Abierto el plazo de matriculaci\u00f3n del curso 2019-2020"},"content":{"rendered":"<h1>Abierto el plazo de matriculaci\u00f3n del curso 2019-2020.<\/h1>\n<p>Se abre el plazo para matriculaci\u00f3n en la \u00faltima semana de <strong>Junio<\/strong> y la primera semana de <strong>Julio<\/strong> en horario de 10:00 a 13:30.<\/p>\n<p>La documentaci\u00f3n a adjuntar es:<\/p>\n<ul>\n<li>Fotocopia del DNI, Tarjeta de Residencia, NIE o pasaporte.<\/li>\n<li>Fotocopia de la tarjeta de la Seguridad Social.<\/li>\n<li>Fotograf\u00eda tama\u00f1o carnet.<\/li>\n<li>15 euros<\/li>\n<\/ul>\n<p>Inscripciones en la calle de Guadalajara n\u00famero 3 (junto al Alyuntamiento).<\/p>\n<p>\u00a1Te esperamos!<\/p>\n<p>&nbsp;<\/p>\n<p>&nbsp;<\/p>\n<p>&nbsp;<\/p>\n","protected":false},"excerpt":{"rendered":"<p>Abierto el plazo de matriculaci\u00f3n del curso 2019-2020. Se abre el plazo para matriculaci\u00f3n en la \u00faltima semana de Junio y la primera semana de Julio en horario de 10:00 a 13:30. La documentaci\u00f3n a adjuntar es: Fotocopia del DNI, Tarjeta de Residencia, NIE o pasaporte. Fotocopia de la tarjeta de la Seguridad Social. Fotograf\u00eda<\/p><\/div>\n<div class=\"blog-btn\"><a href=\"https:\/\/site.educa.madrid.org\/cepa.getafe\/index.php\/2019\/06\/13\/abierto-el-plazo-de-matriculacion-del-curso-2019-2020\/\" class=\"home-blog-btn\">Leer m\u00e1s<\/a><\/p>\n","protected":false},"author":2,"featured_media":0,"comment_status":"open","ping_status":"open","sticky":false,"template":"","format":"standard","meta":{"footnotes":""},"categories":[1],"tags":[],"post_folder":[],"class_list":["post-509","post","type-post","status-publish","format-standard","hentry","category-sin-categoria"],"rttpg_featured_image_url":null,"rttpg_author":{"display_name":"tic.cepa.getafe","author_link":"https:\/\/site.educa.madrid.org\/cepa.getafe\/index.php\/author\/cuenta_tic-cepa-getafe\/"},"rttpg_comment":0,"rttpg_category":"<a href=\"https:\/\/site.educa.madrid.org\/cepa.getafe\/index.php\/category\/sin-categoria\/\" rel=\"category tag\">Sin categor\u00eda<\/a>","rttpg_excerpt":"Abierto el plazo de matriculaci\u00f3n del curso 2019-2020. Se abre el plazo para matriculaci\u00f3n en la \u00faltima semana de Junio y la primera semana de Julio en horario de 10:00 a 13:30. La documentaci\u00f3n a adjuntar es: Fotocopia del DNI, Tarjeta de Residencia, NIE o pasaporte. Fotocopia de la tarjeta de la Seguridad Social. Fotograf\u00edaLeer&hellip;","post_mailing_queue_ids":[],"_links":{"self":[{"href":"https:\/\/site.educa.madrid.org\/cepa.getafe\/index.php\/wp-json\/wp\/v2\/posts\/509","targetHints":{"allow":["GET"]}}],"collection":[{"href":"https:\/\/site.educa.madrid.org\/cepa.getafe\/index.php\/wp-json\/wp\/v2\/posts"}],"about":[{"href":"https:\/\/site.educa.madrid.org\/cepa.getafe\/index.php\/wp-json\/wp\/v2\/types\/post"}],"author":[{"embeddable":true,"href":"https:\/\/site.educa.madrid.org\/cepa.getafe\/index.php\/wp-json\/wp\/v2\/users\/2"}],"replies":[{"embeddable":true,"href":"https:\/\/site.educa.madrid.org\/cepa.getafe\/index.php\/wp-json\/wp\/v2\/comments?post=509"}],"version-history":[{"count":2,"href":"https:\/\/site.educa.madrid.org\/cepa.getafe\/index.php\/wp-json\/wp\/v2\/posts\/509\/revisions"}],"predecessor-version":[{"id":511,"href":"https:\/\/site.educa.madrid.org\/cepa.getafe\/index.php\/wp-json\/wp\/v2\/posts\/509\/revisions\/511"}],"wp:attachment":[{"href":"https:\/\/site.educa.madrid.org\/cepa.getafe\/index.php\/wp-json\/wp\/v2\/media?parent=509"}],"wp:term":[{"taxonomy":"category","embeddable":true,"href":"https:\/\/site.educa.madrid.org\/cepa.getafe\/index.php\/wp-json\/wp\/v2\/categories?post=509"},{"taxonomy":"post_tag","embeddable":true,"href":"https:\/\/site.educa.madrid.org\/cepa.getafe\/index.php\/wp-json\/wp\/v2\/tags?post=509"},{"taxonomy":"post_folder","embeddable":true,"href":"https:\/\/site.educa.madrid.org\/cepa.getafe\/index.php\/wp-json\/wp\/v2\/post_folder?post=509"}],"curies":[{"name":"wp","href":"https:\/\/api.w.org\/{rel}","templated":true}]}}