{"id":179,"date":"2022-10-13T12:46:24","date_gmt":"2022-10-13T10:46:24","guid":{"rendered":"https:\/\/site.educa.madrid.org\/cepa.villaverde.madrid\/?p=179"},"modified":"2022-11-22T13:24:40","modified_gmt":"2022-11-22T12:24:40","slug":"orientacion-academica","status":"publish","type":"post","link":"https:\/\/site.educa.madrid.org\/cepa.villaverde.madrid\/index.php\/2022\/10\/13\/orientacion-academica\/","title":{"rendered":"Orientaci\u00f3n acad\u00e9mica"},"content":{"rendered":"\n<p><a href=\"https:\/\/cuadernodeorientacion.educa2.madrid.org\/\">CUADERNO INFORMATIVO DE ORIENTACI\u00d3N&nbsp;<\/a><a href=\"https:\/\/cuadernodeorientacion.educa2.madrid.org\/\">ACAD\u00c9MICA Y PROFESIONAL<\/a>&nbsp;(2018)&nbsp;&nbsp;COMUNIDAD DE MADRID&nbsp;<a href=\"https:\/\/guiaparafamilias.educa2.madrid.org\/\">&nbsp;<\/a>(<a href=\"https:\/\/guiaparafamilias.educa2.madrid.org\/\">informaci\u00f3n familias<\/a>)<\/p>\n\n\n\n<div class=\"wp-block-image is-style-default\"><figure class=\"aligncenter\"><img decoding=\"async\" src=\"http:\/\/www.educa2.madrid.org\/web\/educamadrid\/principal\/files\/f6382ef9-987f-490d-91c3-996b927a3790\/cUADERNO-ORIENTACION-2016.jpg?t=1463644923390\" alt=\"\" title=\"cUADERNO oRIENTACION 2016\"\/><\/figure><\/div>\n\n\n\n<p>Orientaci\u00f3n Acad\u00e9mica y Profesional &nbsp;Si tienes dudas sobre lo que puedes estudiar&nbsp;<a href=\"http:\/\/www.educaweb.com\/contenidos\/educativos\/\">educaweb es tu p\u00e1gina<\/a><\/p>\n\n\n\n<p><strong>Orientaci\u00f3n Vocacional:<\/strong><\/p>\n\n\n\n<p><strong><a href=\"https:\/\/www.elorienta.com\/movil\/index.php\">&#8211; Orienta Line<\/a>&nbsp;&nbsp;<a href=\"http:\/\/www.elorienta.com\/cepa_villaverde\/index.php\">&nbsp;<\/a><a href=\"https:\/\/www.elorienta.com\/cepa_villaverde\/\">BLOG ORIENTACION CEPA VILLAVERDE<\/a><\/strong><\/p>\n\n\n\n<p><strong>&#8211;<a href=\"https:\/\/www.elorienta.com\/movil\/index.php\">&nbsp;Blog&nbsp;&nbsp;Orientaline 2019-20<\/a><a href=\"http:\/\/www.elorienta.com\/cepa_villaverde\/index.php\" target=\"_blank\" rel=\"noreferrer noopener\"><\/a><\/strong><\/p>\n\n\n\n<div class=\"wp-block-image is-style-default\"><figure class=\"aligncenter\"><a href=\"http:\/\/www.orientaline.es\/?yafxb=16673\" target=\"_blank\" rel=\"noreferrer noopener\"><img decoding=\"async\" src=\"https:\/\/www.educa2.madrid.org\/web\/educamadrid\/principal\/files\/f6382ef9-987f-490d-91c3-996b927a3790\/Orientacion\/fotos\/orientaline-2017.jpg?t=1508881196700\" alt=\"\"\/><\/a><\/figure><\/div>\n\n\n\n<p><strong>Me oriento hacia la<a href=\"https:\/\/www.descubrelafp.org\/orientate\/\">&nbsp;<\/a><a href=\"http:\/\/www.comunidad.madrid\/servicios\/educacion\/formacion-profesional\">FORMACI\u00d3N PROFESIONAL EN LA COMUNIDAD DE MADRID<\/a><\/strong><\/p>\n\n\n\n<p><strong><a href=\"http:\/\/www.descubrelafp.org\/orientacion\/\">FP<\/a>&nbsp;&nbsp;<a href=\"https:\/\/www.youtube.com\/channel\/UCobMNX47r4lj4G1R629BdRQ\/videos\">v\u00eddeos sobre tareas laborales<\/a><\/strong><\/p>\n\n\n\n<p><strong>MATRICULACI\u00d3N EN EL CENTRO DE EDUCACI\u00d3N DE PERSONAS ADULTAS (CEPA):<\/strong><\/p>\n\n\n\n<p><a href=\"https:\/\/www.educa2.madrid.org\/web\/educamadrid\/principal\/files\/f6382ef9-987f-490d-91c3-996b927a3790\/Orientacion\/Academica\/Equivalencias%20titulos%20011211.pdf?t=1540882225252\"><strong>Equivalencia t\u00edtulos anteriores a la LOE<\/strong><\/a><\/p>\n\n\n\n<p><strong><a href=\"https:\/\/www.educa2.madrid.org\/web\/educamadrid\/principal\/files\/f6382ef9-987f-490d-91c3-996b927a3790\/Orientacion\/Academica\/Equivalencia-estudios-cuadro-MECD.pdf?t=1540883520739\">Equivalencia de estudios &#8211; cuadros del MECD<\/a>&nbsp; &nbsp; &nbsp; &nbsp; &nbsp; &nbsp;<a href=\"http:\/\/www.educacionyfp.gob.es\/servicios-al-ciudadano-mecd\/catalogo\/educacion\/gestion-titulos\/estudios-no-universitarios.html\">Ministerio de Educaci\u00f3n -Espa\u00f1a- Gesti\u00f3n tr\u00e1mites de t\u00edtulos<\/a><\/strong><\/p>\n\n\n\n<p><strong>ENSE\u00d1ANZAS PRESENCIALES O A DISTANCIA<\/strong><\/p>\n\n\n\n<ol class=\"wp-block-list\"><li>Expediente acad\u00e9mico; si no lo tienes, realizar\u00e1s una prueba para conocer tu nivel de competencias acad\u00e9micas. Posteriormente, la orientadora realizar\u00e1n una valoraci\u00f3n inicial (VIA) que nos indicar\u00e1 el nivel en el que tienes que matricularte.&nbsp;<\/li><li>Dos fotograf\u00edas.<\/li><li>Instancia de matriculaci\u00f3n.<\/li><\/ol>\n\n\n\n<p>&#8212; Compara la equivalencia de los estudios extranjeros con Espa\u00f1a:&nbsp;<a href=\"http:\/\/www.educa2.madrid.org\/web\/educamadrid\/principal\/files\/f6382ef9-987f-490d-91c3-996b927a3790\/Orientacion\/Academica\/ANEXO%20VII-convalidaciones-extranjeros.doc?t=1473534958027\">equivalencias<\/a><a href=\"http:\/\/www.educa2.madrid.org\/web\/educamadrid\/principal\/files\/f6382ef9-987f-490d-91c3-996b927a3790\/Orientacion\/Academica\/Convalidaciones-estudios-extranjeros.pdf?t=1400342655400\"><\/a><\/p>\n\n\n\n<p><a href=\"http:\/\/www.papelesespana.com\/documentacion\/homologacion-y-convalidacion-de-titulos-no-universitarios.html\">Tabla de equivalencias de t\u00edtulos<\/a>&nbsp;aprobados por el MECD con pa\u00edses extranjeros.<\/p>\n\n\n\n<p><a href=\"https:\/\/drive.google.com\/file\/d\/0B4kxH9HDVZCbakoyX19HOU1VTjA\/view\">RELACI\u00d3N DE PA\u00cdSES CON TABLAS DE EQUIVALENCIA: requisitos de la documentaci\u00f3n<\/a><\/p>\n\n\n\n<p><strong>Recursos para elegir carreras universitarias<\/strong>.&nbsp;<a href=\"https:\/\/monicadizorienta.blogspot.com\/2016\/05\/elegir-carrera-universitaria-enlaces.html?hash=bbe49268-abbc-4f43-920f-47f557009131&amp;utm_medium=social&amp;utm_source=facebook&amp;m=1\">Blog de Monica Diz<\/a><\/p>\n\n\n\n<p>&#8212;&nbsp;<strong>Convalidaciones de estudios<\/strong><\/p>\n\n\n\n<p><a href=\"http:\/\/www.madrid.org\/cs\/Satellite?c=CM_InfPractica_FA&amp;cid=1354568620364&amp;idConsejeria=1109266187254&amp;idListConsj=1109265444710&amp;idOrganismo=1109167987264&amp;language=es&amp;pagename=ComunidadMadrid%2FEstructura&amp;sm=1109170600517\">Convalidaci\u00f3n de documentos acad\u00e9micos no universitarios<\/a>&nbsp;para presentarlos fuera de Espa\u00f1a. Se presentan por cita previa en la C\/Alcal\u00e1 30-32- Consejer\u00eda de Educaci\u00f3n<\/p>\n\n\n\n<p><strong>Visitar p\u00e1gina&nbsp;<a href=\"http:\/\/www.mecd.gob.es\/educacion-mecd\/areas-educacion\/sistema-educativo\/ensenanzas\/educacion-secundaria-obligatoria\/equivalencias-efectos-laborales.html\">MEC<\/a>&nbsp; Universidad&nbsp;<a href=\"https:\/\/www.educacion.gob.es\/notasdecorte\/compBdDo\">Qedu<\/a><\/strong><\/p>\n\n\n\n<p>(2-abril-2018)-4480-Resoluci\u00f3n de 23 de marzo de 2018, de la Secretar\u00eda de Estado de Educaci\u00f3n,&nbsp;Formaci\u00f3n Profesional y Universidades, por la que se establecen las&nbsp;instrucciones para el<a href=\"https:\/\/www.boe.es\/boe\/dias\/2018\/04\/02\/pdfs\/BOE-A-2018-4480.pdf\">&nbsp;c\u00e1lculo de la calificaci\u00f3n final que debe figurar en las&nbsp;credenciales de convalidaci\u00f3n por 1\u00ba de Bachillerato y de homologaci\u00f3n de&nbsp;t\u00edtulos extranjeros al t\u00edtulo de Graduado o Graduada en Educaci\u00f3n Secundaria&nbsp;Obligatoria y al de Bachiller espa\u00f1ol.<\/a>&nbsp;(BOE, 2-4-2018, n\u00ba 80, Sec I, pp 34544 -34610)<\/p>\n\n\n\n<p>Orden 3371\/2010, de 16 de junio (BOCM de 16 de julio) del curso 2010-2011.<a rel=\"noreferrer noopener\" href=\"http:\/\/www.madrid.org\/fp\/equivalencias_convalidaciones\/equivalencias_academicas.htm\" target=\"_blank\">EQUIVALENCIA DE ESTUDIOS<\/a>-CONVALIDACIONES<br>Seg\u00fan el Real Decreto 1487\/1994, los alumnos que empezaron EGB y pasaron a la ESO (LOGSE) y aprobaron el primer ciclo (1\u00ba y 2\u00ba) pero no titularon, pueden solicitar la expedici\u00f3n del t\u00edtulo del Graduado Escolar.<br>Esto lo regula la disposici\u00f3n Transitoria 1\u00aa del Real Decreto 1487\/1994, de 1 de julio, por el que se modifica y completa el Real Decreto 986\/1991, de 14 de junio, por el que se aprueba el calendario de aplicaci\u00f3n de la nueva ordenaci\u00f3n del Sistema Educativo.<br><br>(17-junio-2009)<br><a rel=\"noreferrer noopener\" href=\"http:\/\/www.boe.es\/boe\/dias\/2009\/06\/17\/pdfs\/BOE-A-2009-10054.pdf\" target=\"_blank\">Orden EDU\/1603\/2009<\/a>, de 10 de junio establece la equivalencia de otros estudios con el Graduado en ESO y el Bachillerato<br>(14-marzo-2011)<br><a rel=\"noreferrer noopener\" href=\"http:\/\/www.boe.es\/boe\/dias\/2011\/03\/14\/pdfs\/BOE-A-2011-4628.pdf\" target=\"_blank\">Orden EDU\/520\/2011, de 7 de marzo<\/a>, equivalencia con los estudios ya extinguidos.<br><br><strong>T\u00edtulos acad\u00e9micos. Certificado de Escolaridad:<\/strong><br><a rel=\"noreferrer noopener\" href=\"http:\/\/www.boe.es\/boe\/dias\/2012\/06\/30\/pdfs\/BOE-A-2012-8747.pdf\" target=\"_blank\">**Orden ECD\/1417\/2012, de 20 de junio, por la que se establece la equivalencia del Certificado de Escolaridad y de otros estudios con el t\u00edtulo de Graduado Escolar regulado en la Ley 14\/1970, de 4 de agosto, General de Educaci\u00f3n y Financiamiento de la Reforma Educativa, a efectos laborales.**<\/a>&nbsp;(BOE 30-JUNIO-2012, n\u00ba156, pp 46938-46941).<br><\/p>\n\n\n\n<p>&#8212; Si deseas convalidar tus estudios en el extranjero u homologarlos&nbsp;<\/p>\n\n\n\n<ol class=\"wp-block-list\"><li>Las personas extranjeras que tienen un t\u00edtulo podr\u00edan&nbsp;<a href=\"http:\/\/web.mit.edu\/iberia\/homologacion.html\">homologar<\/a>&nbsp;en Madrid&nbsp;sus estudios en el Ministerio de Educaci\u00f3n. Esta opci\u00f3n suelen elegirla las personas que poseen un t\u00edtulo universitario en su pa\u00eds o las que desean estudiar en las universidades espa\u00f1olas.<\/li><li>Podr\u00edan consultar las caracter\u00edsticas de su convalidaci\u00f3n en &nbsp;los siguientes espacios:<\/li><\/ol>\n\n\n\n<p>Europa:-&nbsp;<a href=\"http:\/\/www.mecd.gob.es\/alemania\/\">Alemania<\/a>, &#8211;&nbsp;<a href=\"http:\/\/www.mecd.gob.es\/andorra\/\">Andorra<\/a>, &#8211;&nbsp;<a href=\"http:\/\/www.mecd.gob.es\/austria\/\">Austria,<\/a>&nbsp;&nbsp;&#8211;&nbsp;<a href=\"http:\/\/www.mecd.gob.es\/belgica\/\">B\u00e9lgica Paises Bajos y Luxemburgo,<\/a>&nbsp;&#8211;&nbsp;<a href=\"http:\/\/www.mecd.gob.es\/bulgaria\/\">Bulgaria<\/a>, &#8211;&nbsp;<a href=\"http:\/\/www.mecd.gob.es\/alemania\/oficinasycentros\/oficinas-educacion\/escandinavia\/Dinamarca.html\">Dinamarca,<\/a>&nbsp;&#8211;&nbsp;<a href=\"http:\/\/www.mecd.gob.es\/eslovaquia\/\">Eslovaquia,<\/a>&nbsp;&#8211;&nbsp;<a href=\"http:\/\/www.mecd.gob.es\/francia\/\">Francia<\/a>, &#8211;&nbsp;<a href=\"http:\/\/www.mecd.gob.es\/alemania\/oficinasycentros\/oficinas-educacion\/escandinavia\/Finlandia.html\">Finlandia<\/a>,-&nbsp;<a href=\"http:\/\/www.mecd.gob.es\/hungria\/\">Hungr\u00eda<\/a>, &#8211;&nbsp;<a href=\"http:\/\/www.mecd.gob.es\/italia\/\">Italia, Grecia e Albania<\/a>, &#8211;&nbsp;<a href=\"http:\/\/www.mecd.gob.es\/irlanda\/\">Irlanda<\/a>, .- &nbsp;<a href=\"http:\/\/www.mecd.gob.es\/educacion-mecd\/areas-educacion\/actividad-internacional\/oficinas-centros-exterior\/liechtenstein.html\">Liechtenstein<\/a>&#8211;&nbsp;<a href=\"http:\/\/www.mecd.gob.es\/alemania\/oficinasycentros\/oficinas-educacion\/escandinavia\/Noruega.html\">Noruega<\/a>&#8211; &nbsp;<a href=\"http:\/\/www.mecd.gob.es\/polonia\/\">Polonia<\/a>, &#8211;&nbsp;<a href=\"http:\/\/www.mecd.gob.es\/portugal\/\">Portugal,<\/a>&nbsp;&#8211;&nbsp;<a href=\"http:\/\/www.mecd.gob.es\/reinounido\/\">Reino Unido,&nbsp;<\/a>&#8211;<a href=\"http:\/\/www.mecd.gob.es\/republicacheca\/\">Rep\u00fablica Checa<\/a>&nbsp;&#8211;&nbsp;<a href=\"http:\/\/www.mecd.gob.es\/rumania\/\">Ruman\u00eda<\/a>, &#8212;&nbsp;<a href=\"http:\/\/www.educacion.es\/exterior\/ru\">Rusia<\/a>&nbsp;, &#8211;&nbsp;<a href=\"http:\/\/www.mecd.gob.es\/suecia\/\">Suecia<\/a>, &#8211;&nbsp;<a href=\"http:\/\/www.mecd.gob.es\/suiza\/\">Suiza<\/a>,<\/p>\n\n\n\n<p>\u00c1frica: &nbsp;&nbsp;&#8211;&nbsp;<a href=\"http:\/\/www.mecd.gob.es\/marruecos\/\">Marruecos<\/a>, &#8211;&nbsp;<a href=\"http:\/\/www.mecd.gob.es\/educacion-mecd\/areas-educacion\/actividad-internacional\/oficinas-centros-exterior\/guinea-ecuatorial.html\">Guinea Ecuatorial<\/a>,&nbsp;<a href=\"http:\/\/www.mecd.gob.es\/educacion-mecd\/areas-educacion\/actividad-internacional\/oficinas-centros-exterior\/tunez.html\">T\u00fanez<\/a><\/p>\n\n\n\n<p>Am\u00e9rica del Norte: &nbsp;&nbsp;&#8211;&nbsp;<a href=\"http:\/\/www.mecd.gob.es\/canada\/\">Canad\u00e1<\/a>&nbsp; &nbsp; &nbsp;&#8211;&nbsp;<a href=\"http:\/\/www.mecd.gob.es\/eeuu\/\">Estados Unidos<\/a><\/p>\n\n\n\n<p>Am\u00e9rica del Sur:&nbsp;&#8211;&nbsp;<a href=\"http:\/\/www.mecd.gob.es\/argentina\/\">Argentina, Chile,&nbsp;<\/a><a href=\"http:\/\/www.mecd.gob.es\/argentina\/\">Paraguay y Uruguay<\/a>&nbsp; &nbsp; &#8211;&nbsp;<a href=\"http:\/\/www.mecd.gob.es\/brasil\/\">Brasil<\/a>,&nbsp; &#8211;&nbsp;<a href=\"http:\/\/www.mecd.gob.es\/educacion-mecd\/areas-educacion\/actividad-internacional\/oficinas-centros-exterior\/colombia.html\">Colombia<\/a>, &#8211;&nbsp;<a href=\"http:\/\/www.mecd.gob.es\/educacion-mecd\/areas-educacion\/actividad-internacional\/oficinas-centros-exterior\/costa-rica.html\">Costa Rica<\/a>, &#8211; &nbsp;<a href=\"http:\/\/www.mecd.gob.es\/educacion-mecd\/areas-educacion\/actividad-internacional\/oficinas-centros-exterior\/ecuador.html\">Ecuador<\/a>, &#8211;&nbsp;<a href=\"http:\/\/www.mecd.gob.es\/educacion-mecd\/areas-educacion\/actividad-internacional\/oficinas-centros-exterior\/el-salvador.html\">El Salvador<\/a>, &#8211; &nbsp;<a href=\"http:\/\/www.mecd.gob.es\/educacion-mecd\/areas-educacion\/actividad-internacional\/oficinas-centros-exterior\/guatemala.html\">Guatemala<\/a>&nbsp;&#8211;&nbsp;<a href=\"http:\/\/www.educacion.gob.es\/exterior\/mx\/es\/home\/index.shtml\">M\u00e8xico<\/a><\/p>\n\n\n\n<p>Asia:&nbsp;&#8211;&nbsp;<a href=\"http:\/\/www.mecd.gob.es\/china\/\">China<\/a>,&nbsp;&nbsp;&#8211;&nbsp;<a href=\"http:\/\/www.mecd.gob.es\/filipinas\/\">Filipinas<\/a>, &nbsp;<a href=\"https:\/\/www.mecd.gob.es\/turquia\/\">Turquia<\/a><\/p>\n\n\n\n<p>Ocean\u00eda:&nbsp;&#8211;&nbsp;<a href=\"http:\/\/www.mecd.gob.es\/australia\/\">Australia<\/a>,&nbsp;<a href=\"http:\/\/www.mecd.gob.es\/nuevazelanda\/\">Nueva Zelanda<\/a><\/p>\n\n\n\n<h3 class=\"wp-block-heading\"><a href=\"http:\/\/www.educa2.madrid.org\/web\/convivencia\">MEJORA DE LA CONVIVENCIA Y CLIMA SOCIAL EN LOS CENTROS<\/a><\/h3>\n\n\n\n<h3 class=\"wp-block-heading\">Aprendizaje a lo largo de la vida&nbsp;<a href=\"http:\/\/www.mecd.gob.es\/alv\/inicio.html\">MECD<\/a><\/h3>\n\n\n\n<h3 class=\"wp-block-heading\">&nbsp;<a href=\"http:\/\/www.educa.jcyl.es\/adultos\/es\/homologaciones-equivalencias-titulos\">(Castilla y Le\u00f3n)<\/a><\/h3>\n\n\n\n<p>La Educaci\u00f3n de Personas Adultas en las Comunidades Aut\u00f3nomas:&nbsp;<\/p>\n\n\n\n<p><a href=\"http:\/\/www.juntadeandalucia.es\/educacion\/webportal\/web\/educacion-permanente\">Andaluc\u00eda&nbsp;<\/a>&nbsp; &nbsp;<a href=\"http:\/\/www.educaragon.org\/arboles\/arbol.asp?sepRuta=Sistema%2BEducativo\/%3Ca%2Bhref=%27\/educacion_no_uni.asp%27%3EEnse%F1anza%2Bno%2BUniversitaria%3C\/a%3E\/&amp;guiaeducativa=&amp;strSeccion=PPI04&amp;titpadre=Educaci%F3n%2Bpermanente&amp;arrpadres=$Pruebas%2Blibres%2By%2Bde%2Bacceso%2Bpara%2Bpersonas%2Badultas&amp;arrides=$1228&amp;arridesvin=$&amp;lngArbol=1229&amp;lngArbolvinculado\">Arag\u00f3n<\/a>&nbsp;&nbsp; &nbsp;<a href=\"http:\/\/www.educastur.es\/index.php?option=com_content&amp;task=category&amp;sectionid=31&amp;id=168&amp;Itemid=96\">Asturias<\/a>&nbsp;&nbsp; &nbsp;<a href=\"http:\/\/weib.caib.es\/Centres\/centres_.htm\">Baleares<\/a>&nbsp;&nbsp; &nbsp;<a href=\"http:\/\/www.gobiernodecanarias.org\/educacion\/dgfp\/webadultos\/scripts\/Default.asp\">Canarias<\/a>&nbsp;&nbsp; &nbsp;<a href=\"http:\/\/www.educantabria.es\/educacion_de_personas_adultas\/educacion_de_adultos\/pruebas-obtencio-titulos\/graduado-en-educacion-secundaria-obligatoria\">Cantabria<\/a>&nbsp;&nbsp; &nbsp;<a href=\"http:\/\/www.educa.jcyl.es\/educacyl\/cm\/educacyl\/tkContent;jsessionid=1c2bfd8f488dc48a1bae4c088c96f7276178b900120dd8e931d4e00168b35db3.e34Lc30Oc3yNaO0LbN4QbxqLahiRe0?idContent=7210&amp;locale=es_ES&amp;textOnly=false\">Castilla y Le\u00f3n<\/a>&nbsp;&nbsp;&nbsp;<a href=\"http:\/\/www.educa.jccm.es\/educa-jccm\/cm\/educa_jccm\/tkContent?idContent=61104&amp;locale=es_ES&amp;textOnly=false\">&nbsp;Castilla La Mancha<\/a>&nbsp;&nbsp;&nbsp;<a href=\"http:\/\/www20.gencat.cat\/portal\/site\/queestudiar\/menuitem.ef1906fb69d36fe8e85c7273b0c0e1a0\/?vgnextoid=47c85a9d0af2b210VgnVCM2000009b0c1e0aRCRD&amp;vgnextchannel=47c85a9d0af2b210VgnVCM2000009b0c1e0aRCRD&amp;vgnextfmt=default\">Catalu\u00f1a<\/a>&nbsp;<a href=\"http:\/\/www.educarex.es\/eda\/eda-portada.html\">Extremadura<\/a>&nbsp;&nbsp; &nbsp;<a href=\"http:\/\/www.edu.xunta.es\/web\/taxonomy\/term\/112\">Galicia&nbsp;<\/a>&nbsp; &nbsp;<a href=\"http:\/\/www.madrid.org\/cs\/Satellite?cid=1167899198100&amp;language=es&amp;pagename=PortalEducacion%2FPage%2FEDUC_contenidoFinal\">Madrid<\/a>&nbsp;&nbsp; &nbsp;<a href=\"http:\/\/www.educarm.es\/admin\/webForm.php?ar=612&amp;mode=visualizaAplicacionWeb&amp;aplicacion=EDUCACION_ADULTOS&amp;web=84&amp;zona=PROFESORES&amp;menuSeleccionado=526\">Murcia<\/a>&nbsp;&nbsp; &nbsp;<a href=\"http:\/\/www.educacion.navarra.es\/\">Navarra<\/a>&nbsp;&nbsp; &nbsp;<a href=\"http:\/\/www.educarioja.org\/educarioja\/index.jsp?tab=link&amp;menu=8&amp;acc=%2Fhtml%2Fcentros%2Fedu_adultos.htm\">La Rioja<\/a>&nbsp;&nbsp; &nbsp;<a href=\"http:\/\/www.hezkuntza.ejgv.euskadi.net\/r43-798\/es\/\">Pais Vasco<\/a>&nbsp;&nbsp; &nbsp;<a href=\"http:\/\/www.cece.gva.es\/ocd\/areaord\/val\/ordenacion_adultos.htm\">Valencia<\/a><\/p>\n\n\n\n<h3 class=\"wp-block-heading\"><strong>NO HE TERMINADO MIS ESTUDIOS&nbsp;<\/strong><\/h3>\n\n\n\n<pre class=\"wp-block-preformatted\">Puedes matricularte en b\u00e1sica y conseguir el t\u00edtulo de Graduado en ESO o un certificado de formaci\u00f3n profesional b\u00e1sico.<\/pre>\n\n\n\n<h4 class=\"wp-block-heading\">En algunos CEPAS se imparten programas de Formaci\u00f3n B\u00e1sica profesional. Presentamos los Centros donde se impart\u00eda programas de formaci\u00f3n&nbsp; profesional b\u00e1sica&nbsp;(FPB)&nbsp;<a href=\"http:\/\/www.madrid.org\/cs\/Satellite?blobcol=urldata&amp;blobheader=application%2Fpdf&amp;blobheadername1=Content-disposition&amp;blobheadername2=cadena&amp;blobheadervalue1=filename%3DFormaci%C3%B3n+Profesional+B%C3%A1sica+en+CEPA+2017-18.pdf&amp;blobheadervalue2=language%3Des%26site%3DPortalEducacion&amp;blobkey=id&amp;blobtable=MungoBlobs&amp;blobwhere=1352937188776&amp;ssbinary=true\">de<\/a><a href=\"http:\/\/www.madrid.org\/cs\/Satellite?blobcol=urldata&amp;blobheader=application%2Fpdf&amp;blobheadername1=Content-disposition&amp;blobheadername2=cadena&amp;blobheadervalue1=filename%3DFormaci%C3%B3n+Profesional+B%C3%A1sica+en+CEPA+2017-18.pdf&amp;blobheadervalue2=language%3Des%26site%3DPortalEducacion&amp;blobkey=id&amp;blobtable=MungoBlobs&amp;blobwhere=1352937188776&amp;ssbinary=true\">&nbsp;con car\u00e1cter experimental<\/a><\/h4>\n\n\n\n<p>Inform\u00e1tica y comunicaciones, hosteler\u00eda y turismo, agraria, servicios socioculturales, electricidad y electr\u00f3nica&#8230;<\/p>\n\n\n\n<p><strong>T\u00c9CNICAS DE ESTUDIO &nbsp;&nbsp;<\/strong><\/p>\n\n\n\n<p><strong>Aprender a aprender<\/strong><\/p>\n\n\n\n<p>Antes de empezar a estudiar hay que tener un lugar adecuado. Durante el estudio tienes que utilizar una serie de herramientas relacionadas con las t\u00e9cnicas de estudio que te ayuden a memorizar.<\/p>\n\n\n\n<p>Las<a href=\"https:\/\/www.educa2.madrid.org\/web\/educamadrid\/principal\/files\/f6382ef9-987f-490d-91c3-996b927a3790\/Orientacion\/Academica\/T%C3%A9cnicas%20de%20estudio.pdf?t=1553698219649\"><strong>&nbsp;t\u00e9cnicas de estudio<\/strong><\/a>&nbsp;te ayudar\u00e1n para que apruebes tus asignaturas.&nbsp;<\/p>\n\n\n\n<p>1- Las&nbsp;<strong>reglas nemot\u00e9cnicas<\/strong>&nbsp;te ayudan a recordar los temas.<\/p>\n\n\n\n<p>2-El&nbsp;<strong>esquema<\/strong>&nbsp;te ayuda a repasar los temas&nbsp;<\/p>\n\n\n\n<p>3-El&nbsp;<strong>resumen<\/strong>&nbsp;te ayuda a estudiar los temas<\/p>\n\n\n\n<p>Si necesitas&nbsp;<a href=\"http:\/\/www.aula21.net\/primera\/buscando.htm\">buscar informaci\u00f3n en internet<\/a>&nbsp;te indicamos c\u00f3mo puedes realizarlo<\/p>\n\n\n\n<p>Ahora que has memorizado el tema tienes que presentarlo para que pueda ser evaluado pero tendr\u00e1s que preparlo siguiendo unos&nbsp;<a href=\"http:\/\/cepalosrosales.wikispaces.com\/file\/view\/exposicion-del-tema.pdf\/118462443\/exposicion-del-tema.pdf\">pasos para la exposici\u00f3n del tema<\/a>, tambien tendr\u00e1s que prepararte pasa&nbsp;<a href=\"http:\/\/cepalosrosales.wikispaces.com\/file\/view\/Tecnicas_de_estudio-DESPUES-PRESENTACION-ORAL.pdf\/117972571\/Tecnicas_de_estudio-DESPUES-PRESENTACION-ORAL.pdf\">controles escritos, test&#8230;<\/a><\/p>\n\n\n\n<p>Es importante que vaya tranquilo a los ex\u00e1menes para&nbsp;<a href=\"http:\/\/www.conocimientosweb.net\/portal\/article678.html\">evitar ponerse nervioso<\/a>&nbsp;puede seguir algunas sugerencias.<\/p>\n\n\n\n<p>La forma de comunicarme facilita o entorpece las relaciones con mis compa\u00f1eros.&nbsp;<a href=\"http:\/\/www.madrid.org\/cs\/Satellite?blobcol=urldata&amp;blobheader=application%2Fpdf&amp;blobheadername1=Content-Disposition&amp;blobheadervalue1=filename%3DGUIA7-SECRETOS+COMUNICACION-WEB.pdf&amp;blobkey=id&amp;blobtable=MungoBlobs&amp;blobwhere=1220685084481&amp;ssbinary=true\">La comunicaci\u00f3n es algo m\u00e1s que hablar.<\/a><\/p>\n\n\n\n<p><strong>HE TERMINADO MIS ESTUDIOS DE GRADUADO EN ESO<\/strong><\/p>\n\n\n\n<p><em><strong>1. \u00bfD\u00f3nde me puedo informar?<\/strong><\/em><\/p>\n\n\n\n<p>La Comunidad de Madrid publica el&nbsp;cuaderno informativo de<a href=\"https:\/\/cuadernodeorientacion.educa2.madrid.org\/\">&nbsp;Orientaci\u00f3n Acad\u00e9mica y Profesional<\/a>&nbsp;2017-2018&nbsp;<\/p>\n\n\n\n<p>Una s\u00edntesis de los distintos estudios que se pueden realizar..<\/p>\n\n\n\n<p><em><strong>2. Estudiar Bachillerato<\/strong><\/em><\/p>\n\n\n\n<p>Si deseas estudiar<a href=\"https:\/\/cuadernodeorientacion.educa2.madrid.org\/web\/cuadernoorientacion\/educacion-secundaria\/secundaria-postobligatoria\/bachillerato\">&nbsp;bachillerato<\/a>&nbsp;tendr\u00e1s que superar la EVAU para entrar en la Universidad.&nbsp;Si necesitases compaginar los estudios de bachillerato con otras responsabilidades puedes cursar el&nbsp;<a href=\"http:\/\/gestiondgmejora.educa.madrid.org\/orientacion\/docs\/CAP07final13.pdf\">bachillerato nocturno.<\/a>&nbsp;Si no puedes asistir presencialmente puedes cursar el&nbsp;<a href=\"http:\/\/gestiondgmejora.educa.madrid.org\/orientacion\/docs\/CAP08final13.pdf\">bachillerato a distancia<\/a>.<\/p>\n\n\n\n<p><em><strong>3. Estudiar Formaci\u00f3n Profesional<\/strong><\/em>&nbsp;&nbsp;Puedes descargarte la&nbsp;app&nbsp; &nbsp; \u00abFP Mad\u00bb<\/p>\n\n\n\n<p>&nbsp;<a href=\"http:\/\/www.madrid.org\/fp\/\">Formaci\u00f3n Profesional<\/a>.&nbsp;Existen dos niveles<\/p>\n\n\n\n<p>3.a. Ciclos formativos de<a href=\"http:\/\/www.madrid.org\/fp\/ense_fp\/titulos_LOE_GM.htm\">&nbsp;<\/a><a href=\"http:\/\/www.madrid.org\/fp\/ense_fp\/titulos_LOE_GM.htm\">Grado Medio&nbsp;<\/a><\/p>\n\n\n\n<p>(Puedes acceder mediante una&nbsp;<a href=\"http:\/\/www.educa2.madrid.org\/web\/centro.cepa.villaverde.madrid\/grado-medio\">prueba de acceso a Ciclo Formativo de Grado Medio<\/a>&nbsp;sin Graduado ESO)<\/p>\n\n\n\n<p>3.b. Ciclos formativos de &nbsp;<a href=\"http:\/\/www.madrid.org\/fp\/ense_fp\/titulos_LOE_GS.htm\">Grado Superior<\/a>. Algunos se imparten a distancia&nbsp;<a href=\"http:\/\/gestiondgmejora.educa.madrid.org\/orientacion\/docs\/CAP11final13.pdf\">ciclos formativos a distancia<\/a>n<\/p>\n\n\n\n<p>(Puedes acceder mediante una&nbsp;<a href=\"http:\/\/www.educa2.madrid.org\/web\/centro.cepa.villaverde.madrid\/grado-superior\">prueba de acceso a Ciclo Formativo de Grado Superior<\/a>&nbsp;sin bachillerato)<\/p>\n\n\n\n<p><a href=\"http:\/\/www.madrid.org\/fp\/equivalencias_convalidaciones\/convalida.htm\">Convalidaciones de FP<\/a><\/p>\n\n\n\n<p>3.c Ense\u00f1anzas de R\u00e9gimen Especial Danza, Interpretaci\u00f3n, Deportes. Puedes descargarte la&nbsp;app \u00abERE mad\u00bb<\/p>\n\n\n\n<p><em><strong>4.Estudiar en la Universidad&nbsp;&nbsp;<\/strong><\/em><strong>&nbsp;app \u00abUNI Mad\u00bb<\/strong><\/p>\n\n\n\n<p>En Madrid existen 6 universidades p\u00fablicas, 6 privadas, una cat\u00f3lica y dos universidades a distancia. La informaci\u00f3n se recoge en el portal&nbsp;<a href=\"http:\/\/www.emes.es\/emes\/tabid\/195\/ctl\/Privacy\/Default.aspx\">Espacio Madrile\u00f1o de Ense\u00f1anzas Superior (EMES)<\/a>o&nbsp;<a href=\"http:\/\/www.comunidad.madrid\/servicios\/educacion\/universidades\">Ense\u00f1anzas Superiores Universitarias o Ciclos Formativos de Ense\u00f1anzas de R\u00e9gimen Especial en la Comunidad de Madrid.<\/a><\/p>\n\n\n\n<p>Se puede acceder&nbsp;a la Universidad (<a href=\"http:\/\/noticias.juridicas.com\/base_datos\/Admin\/rd1892-2008.html#a36\">RD1892\/2008<\/a>) desde: Bachillerato (art 5 al art 18), discapacidad (art 19), titulaci\u00f3n extranjera (desde art 20 al 25), T\u00e9cnicos superiores (art 26), mayores de 25 a\u00f1os (desde art 27 al art 36), mayores de 45 a\u00f1os (art 36 y 37).Admisi\u00f3n (desde el art 45 al 57).&nbsp;<a href=\"http:\/\/noticias.juridicas.com\/base_datos\/Admin\/rd558-2010.html#\">Modificaciones<\/a><\/p>\n\n\n\n<p><a href=\"http:\/\/gestiondgmejora.educa.madrid.org\/orientacion\/docs\/CAP11final13.pdf\">En Espa\u00f1a, se puede acceder a los Universidad si se superan unas pruebas de selecci\u00f3n, sin cursar el bachillerato o un ciclo formativo de grado superior. Existen distintos requisitos de acceso para los mayores de 25 a\u00f1os, para los mayores de 45 a\u00f1os. Existe otra modalidad de acceso para los mayores de 40 a\u00f1os con experiencia laboral.&nbsp;<\/a><\/p>\n\n\n\n<p><strong>REVISTAS Y LIBROS DE ORIENTACI\u00d3N&nbsp;<\/strong><\/p>\n\n\n\n<p>&#8211;&nbsp;<a href=\"https:\/\/www.fundacionbertelsmann.org\/fileadmin\/files\/Fundacion\/Publicaciones\/74._OPC_Guia_completa.pdf\">Gu\u00eda de la orientaci\u00f3n profesional coordinada<\/a>&nbsp;Echevarr\u00eda Samanes, Benito y Mart\u00ednez Mu\u00f1oz, Maris (coautores).<a href=\"https:\/\/www.fundacionbertelsmann.org\/es\/home\/\">Fundaci\u00f3n Bertelsmann<\/a>. ISBN: 978-84-617-1647-0.&nbsp;<a href=\"http:\/\/www.orientacioncoordinada.com\/guiacentros\/\">Material complementario<\/a><\/p>\n\n\n\n<p><a href=\"https:\/\/www.fundacionbertelsmann.org\/fileadmin\/\/files\/Fundacion\/Publicaciones\/98._Guia_de_padres_rb.pdf\">\u00bfC\u00f3mo orientar profesionalmente a tu hijo? Manual pr\u00e1ctico para padres.<\/a>Hern\u00e1ndez-Franco, V. (Coord.).&nbsp;<a href=\"https:\/\/www.fundacionbertelsmann.org\/es\/home\/\">Fundaci\u00f3n Bertelsmann<\/a>&nbsp;, Barcelona, 2015. ISBN: 978-84-608-1936-3<\/p>\n\n\n\n<p>&nbsp;<a href=\"http:\/\/www.qestudio.com\/\">QESTUDIO<\/a><\/p>\n\n\n\n<p>(2011) 2\u00aaquincena de&nbsp;<a href=\"http:\/\/ems6.net\/a\/?F=e98eb8aq9gm2qnhlp77ugbll9emte6t6yem5ku6c6valxp3myu7hhf2-2016548\">marzo n\u00ba 63<\/a>&nbsp;&#8211;1\u00aaquincena de abril&nbsp;<a href=\"http:\/\/ems6.net\/a\/?F=dpjrv47ebg2cdwpnkvae2t3pem9yy7gntl96vhaf2sexcv7un5bjrvz-2053289\">n\u00ba 64<\/a>, &#8211;2\u00aaquincena de abril&nbsp;<a href=\"http:\/\/www.qestudio.com\/newsletter\/2011\/sistemas-microinformaticos-redes-idiomas\/\">n\u00ba 65<\/a>&nbsp;&#8211;1\u00aa quincena de mayo&nbsp;<a href=\"http:\/\/www.qestudio.com\/newsletter\/2011\/ciencias-biomedicas-selectividad\/\">n\u00ba 66<\/a>&nbsp;&#8211;2\u00aa quincena de mayo&nbsp;<a href=\"http:\/\/ems6.net\/a\/?F=85jsuqme6ulfvkc4u65x6g44ejxkaepqltsflnvq5r4gml3pttkxcuq-2142902\">n\u00ba 67<\/a>&nbsp;&#8211;1\u00aa quincena de junio n\u00ba 68 &#8211;diciembre&nbsp;<a href=\"http:\/\/ems6.net\/a\/?F=uaw6zw7gby9n5zgglcv4r6rylkyl837bq2betn523ucabqb9hqqz3dq-2820968\">n\u00ba 76<\/a><br>(2012) 1\u00ba quincena de febrero n\u00ba &#8211;2\u00aaquincena de febrero n\u00ba79 &#8211;2\u00aaquincena de marzo&nbsp;<a href=\"http:\/\/marketing.senderglobal.com\/marketing\/action.php?id_c=%7Bid_campaign%7D&amp;id_n=2717&amp;id_e=masalmagro@gmail.com&amp;id_a=preview&amp;id_n=2717&amp;id_e=masalmagro@gmail.com&amp;id_a=bajas&amp;id_n=2717&amp;id_e=masalmagro@gmail.com&amp;id_a=preview\">n\u00ba 81<\/a><\/p>\n\n\n\n<p><a href=\"http:\/\/marketing.senderglobal.com\/marketing\/action.php?id_c=%7Bid_campaign%7D&amp;id_n=2717&amp;id_e=masalmagro@gmail.com&amp;id_a=preview&amp;id_n=2717&amp;id_e=masalmagro@gmail.com&amp;id_a=bajas&amp;id_n=2717&amp;id_e=masalmagro@gmail.com&amp;id_a=preview\">ENTRE ESTUDIANTES<\/a>:&nbsp;<a href=\"http:\/\/www.entreestudiantes.com\/hemeroteca.php\">Hemeroteca<\/a><\/p>\n\n\n\n<p>ORIENTACI\u00d3N Y TUTOR\u00cdA<\/p>\n\n\n\n<p><a href=\"http:\/\/enfamiliafad.org\/index.php?option=com_content&amp;view=article&amp;layout=edit&amp;id=446\">EN FAMILIA EDUCAR PARA LA VIDA&nbsp;<\/a>&#8212;&nbsp;<a href=\"http:\/\/enfamiliafad.org\/index.php\/materiales.html\">MATERIALES<\/a><\/p>\n\n\n\n<p>LA VOZ DE GALICIA en su proyecto prensa-escuela, presenta el libro ORIENTACI\u00d3N EDUCATIVA<br><br>Gu\u00eda del profesor &nbsp;<img loading=\"lazy\" decoding=\"async\" src=\"http:\/\/www.prensaescuela.es\/imagenes\/\/Portada%201.jpg\" width=\"90\" height=\"129\">Autora: Ana Torres Jack<br>Esta nueva gu\u00eda es el resultado de una selecci\u00f3n de cien art\u00edculos publicados por la psic\u00f3loga y orientadora educativa Ana Torres Jack entre 1998 y 2008 en La Voz de la Escuela. Est\u00e1 dividida en dos grandes bloques: Actividades de Tutor\u00eda y Orientaci\u00f3n Familiar.<br>&nbsp;<a href=\"http:\/\/www.prensaescuela.es\/imagenes\/\/Indice%20introducc.pdf\">\u00cdndice\/ Introducci\u00f3n&nbsp;<\/a>|&nbsp;<a href=\"http:\/\/www.prensaescuela.es\/imagenes\/\/Bloque%201.pdf\">Bloque I: Actividades de tutor\u00eda&nbsp;<\/a>|&nbsp;<a href=\"http:\/\/www.prensaescuela.es\/imagenes\/\/Bloue%202.pdf\">Bloque II: Orientaci\u00f3n Familiar<\/a><\/p>\n","protected":false},"excerpt":{"rendered":"<p>CUADERNO INFORMATIVO DE ORIENTACI\u00d3N&nbsp;ACAD\u00c9MICA Y PROFESIONAL&nbsp;(2018)&nbsp;&nbsp;COMUNIDAD DE MADRID&nbsp;&nbsp;(informaci\u00f3n familias) Orientaci\u00f3n Acad\u00e9mica y Profesional &nbsp;Si tienes dudas sobre lo que puedes estudiar&nbsp;educaweb es tu p\u00e1gina Orientaci\u00f3n Vocacional: &#8211; Orienta Line&nbsp;&nbsp;&nbsp;BLOG ORIENTACION &#8230;<\/p>\n","protected":false},"author":2,"featured_media":247,"comment_status":"closed","ping_status":"closed","sticky":false,"template":"","format":"standard","meta":{"footnotes":""},"categories":[9],"tags":[],"post_folder":[],"class_list":["post-179","post","type-post","status-publish","format-standard","has-post-thumbnail","hentry","category-centro"],"rttpg_featured_image_url":{"full":["https:\/\/site.educa.madrid.org\/cepa.villaverde.madrid\/\/wp-content\/uploads\/cepa.villaverde.madrid\/2022\/10\/sala-juntas-1.jpg",549,309,false],"landscape":["https:\/\/site.educa.madrid.org\/cepa.villaverde.madrid\/\/wp-content\/uploads\/cepa.villaverde.madrid\/2022\/10\/sala-juntas-1.jpg",549,309,false],"portraits":["https:\/\/site.educa.madrid.org\/cepa.villaverde.madrid\/\/wp-content\/uploads\/cepa.villaverde.madrid\/2022\/10\/sala-juntas-1.jpg",549,309,false],"thumbnail":["https:\/\/site.educa.madrid.org\/cepa.villaverde.madrid\/\/wp-content\/uploads\/cepa.villaverde.madrid\/2022\/10\/sala-juntas-1-150x150.jpg",150,150,true],"medium":["https:\/\/site.educa.madrid.org\/cepa.villaverde.madrid\/\/wp-content\/uploads\/cepa.villaverde.madrid\/2022\/10\/sala-juntas-1-300x169.jpg",300,169,true],"large":["https:\/\/site.educa.madrid.org\/cepa.villaverde.madrid\/\/wp-content\/uploads\/cepa.villaverde.madrid\/2022\/10\/sala-juntas-1.jpg",549,309,false],"thumblist":["https:\/\/site.educa.madrid.org\/cepa.villaverde.madrid\/\/wp-content\/uploads\/cepa.villaverde.madrid\/2022\/10\/sala-juntas-1-300x300.jpg",300,300,true],"thumbrelated":["https:\/\/site.educa.madrid.org\/cepa.villaverde.madrid\/\/wp-content\/uploads\/cepa.villaverde.madrid\/2022\/10\/sala-juntas-1.jpg",500,281,false],"meccarouselthumb":["https:\/\/site.educa.madrid.org\/cepa.villaverde.madrid\/\/wp-content\/uploads\/cepa.villaverde.madrid\/2022\/10\/sala-juntas-1-474x309.jpg",474,309,true],"gridsquare":["https:\/\/site.educa.madrid.org\/cepa.villaverde.madrid\/\/wp-content\/uploads\/cepa.villaverde.madrid\/2022\/10\/sala-juntas-1-391x260.jpg",391,260,true],"tileview":["https:\/\/site.educa.madrid.org\/cepa.villaverde.madrid\/\/wp-content\/uploads\/cepa.villaverde.madrid\/2022\/10\/sala-juntas-1-300x309.jpg",300,309,true],"1536x1536":["https:\/\/site.educa.madrid.org\/cepa.villaverde.madrid\/\/wp-content\/uploads\/cepa.villaverde.madrid\/2022\/10\/sala-juntas-1.jpg",549,309,false],"2048x2048":["https:\/\/site.educa.madrid.org\/cepa.villaverde.madrid\/\/wp-content\/uploads\/cepa.villaverde.madrid\/2022\/10\/sala-juntas-1.jpg",549,309,false],"onepress-blog-small":["https:\/\/site.educa.madrid.org\/cepa.villaverde.madrid\/\/wp-content\/uploads\/cepa.villaverde.madrid\/2022\/10\/sala-juntas-1-300x150.jpg",300,150,true],"onepress-small":["https:\/\/site.educa.madrid.org\/cepa.villaverde.madrid\/\/wp-content\/uploads\/cepa.villaverde.madrid\/2022\/10\/sala-juntas-1-480x300.jpg",480,300,true],"onepress-medium":["https:\/\/site.educa.madrid.org\/cepa.villaverde.madrid\/\/wp-content\/uploads\/cepa.villaverde.madrid\/2022\/10\/sala-juntas-1.jpg",549,309,false],"sow-carousel-default":["https:\/\/site.educa.madrid.org\/cepa.villaverde.madrid\/\/wp-content\/uploads\/cepa.villaverde.madrid\/2022\/10\/sala-juntas-1-272x182.jpg",272,182,true],"sow-post-carousel-overlay-theme":["https:\/\/site.educa.madrid.org\/cepa.villaverde.madrid\/\/wp-content\/uploads\/cepa.villaverde.madrid\/2022\/10\/sala-juntas-1.jpg",360,203,false],"sow-post-carousel-cards-theme":["https:\/\/site.educa.madrid.org\/cepa.villaverde.madrid\/\/wp-content\/uploads\/cepa.villaverde.madrid\/2022\/10\/sala-juntas-1.jpg",360,203,false],"rt_custom":["https:\/\/site.educa.madrid.org\/cepa.villaverde.madrid\/\/wp-content\/uploads\/cepa.villaverde.madrid\/2022\/10\/sala-juntas-1.jpg",549,309,false]},"rttpg_author":{"display_name":"tic.cepa.villaverde.madrid","author_link":"https:\/\/site.educa.madrid.org\/cepa.villaverde.madrid\/index.php\/author\/cuenta_tic-cepa-villaverde-madrid\/"},"rttpg_comment":0,"rttpg_category":"<a href=\"https:\/\/site.educa.madrid.org\/cepa.villaverde.madrid\/index.php\/category\/centro\/\" rel=\"category tag\">Centro<\/a>","rttpg_excerpt":"CUADERNO INFORMATIVO DE ORIENTACI\u00d3N&nbsp;ACAD\u00c9MICA Y PROFESIONAL&nbsp;(2018)&nbsp;&nbsp;COMUNIDAD DE MADRID&nbsp;&nbsp;(informaci\u00f3n familias) Orientaci\u00f3n Acad\u00e9mica y Profesional &nbsp;Si tienes dudas sobre lo que puedes estudiar&nbsp;educaweb es tu p\u00e1gina Orientaci\u00f3n Vocacional: &#8211; Orienta Line&nbsp;&nbsp;&nbsp;BLOG ORIENTACION ...","post_mailing_queue_ids":[],"_links":{"self":[{"href":"https:\/\/site.educa.madrid.org\/cepa.villaverde.madrid\/index.php\/wp-json\/wp\/v2\/posts\/179","targetHints":{"allow":["GET"]}}],"collection":[{"href":"https:\/\/site.educa.madrid.org\/cepa.villaverde.madrid\/index.php\/wp-json\/wp\/v2\/posts"}],"about":[{"href":"https:\/\/site.educa.madrid.org\/cepa.villaverde.madrid\/index.php\/wp-json\/wp\/v2\/types\/post"}],"author":[{"embeddable":true,"href":"https:\/\/site.educa.madrid.org\/cepa.villaverde.madrid\/index.php\/wp-json\/wp\/v2\/users\/2"}],"replies":[{"embeddable":true,"href":"https:\/\/site.educa.madrid.org\/cepa.villaverde.madrid\/index.php\/wp-json\/wp\/v2\/comments?post=179"}],"version-history":[{"count":2,"href":"https:\/\/site.educa.madrid.org\/cepa.villaverde.madrid\/index.php\/wp-json\/wp\/v2\/posts\/179\/revisions"}],"predecessor-version":[{"id":182,"href":"https:\/\/site.educa.madrid.org\/cepa.villaverde.madrid\/index.php\/wp-json\/wp\/v2\/posts\/179\/revisions\/182"}],"wp:featuredmedia":[{"embeddable":true,"href":"https:\/\/site.educa.madrid.org\/cepa.villaverde.madrid\/index.php\/wp-json\/wp\/v2\/media\/247"}],"wp:attachment":[{"href":"https:\/\/site.educa.madrid.org\/cepa.villaverde.madrid\/index.php\/wp-json\/wp\/v2\/media?parent=179"}],"wp:term":[{"taxonomy":"category","embeddable":true,"href":"https:\/\/site.educa.madrid.org\/cepa.villaverde.madrid\/index.php\/wp-json\/wp\/v2\/categories?post=179"},{"taxonomy":"post_tag","embeddable":true,"href":"https:\/\/site.educa.madrid.org\/cepa.villaverde.madrid\/index.php\/wp-json\/wp\/v2\/tags?post=179"},{"taxonomy":"post_folder","embeddable":true,"href":"https:\/\/site.educa.madrid.org\/cepa.villaverde.madrid\/index.php\/wp-json\/wp\/v2\/post_folder?post=179"}],"curies":[{"name":"wp","href":"https:\/\/api.w.org\/{rel}","templated":true}]}}