{"id":213,"date":"2022-10-13T14:00:41","date_gmt":"2022-10-13T12:00:41","guid":{"rendered":"https:\/\/site.educa.madrid.org\/cepa.villaverde.madrid\/?p=213"},"modified":"2022-10-19T13:39:33","modified_gmt":"2022-10-19T11:39:33","slug":"historia","status":"publish","type":"post","link":"https:\/\/site.educa.madrid.org\/cepa.villaverde.madrid\/index.php\/2022\/10\/13\/historia\/","title":{"rendered":"Historia"},"content":{"rendered":"<p>El Centro de Villaverde se inaugura en el a\u00f1o 1964, como C\u00e1tedra junto con otras cinco m\u00e1s (Canillejas, Fuencarral, Hortaleza, Pan Bendito y Vallecas), como centro de preformaci\u00f3n al servicio exclusivo de las Unidades Vecinales de Absorci\u00f3n (UVAs), desarrollando esta labor hasta el a\u00f1o 1978 en que se convierte en el Centro Social de Villaverde, con unos objetivos m\u00e1s amplios y con unas \u00e1reas de actuaci\u00f3n dirigidas, no s\u00f3lo a la poblaci\u00f3n de la UVA sino abiertas a todos los ciudadanos de Villaverde. Desde el a\u00f1o 1978 existi\u00f3 un acuerdo de colaboraci\u00f3n entre la Direcci\u00f3n General de Educaci\u00f3n B\u00e1sica (Ministerio de Educaci\u00f3n y Ciencia) y la Direcci\u00f3n General de Desarrollo Comunitario (Ministerio de Cultura) de que los centros contasen con profesorado del MEC en comisi\u00f3n de servicios para el desarrollo de Formaci\u00f3n Permanente de Adultos, siendo pionero en la pr\u00e1ctica de una educaci\u00f3n de personas adultas innovadora, hasta las transferencias educativas.<\/p>\n<p>En 1982 mediante una Orden del Ministerio de Cultura, se convierte en Centro de Animaci\u00f3n Sociocultural (CAS), no diferenci\u00e1ndose mucho sus objetivos, contenidos y organizaci\u00f3n de los de un Centro Social.<\/p>\n<p>Durante el curso 1985-1986,con las transferencias del Ministerio de Cultura a la Comunidad de Madrid, por Real Decreto 680\/1985, los CAS se transforman en Centros de Educaci\u00f3n de Adultos y Animaci\u00f3n Sociocultural (CEAS) transform\u00e1ndose en centros con caracter\u00edsticas principalmente educativas.<\/p>\n<p>En 1992 los profesores son asignados por el concurso de traslados como profesores definitivos. Los CEAS, en ese a\u00f1o, cambian su denominaci\u00f3n a Centros de Educaci\u00f3n de Personas Adultas (CEPA). En nuestro caso pasa a denominarse CEPA Villaverde<\/p>\n","protected":false},"excerpt":{"rendered":"<p>El Centro de Villaverde se inaugura en el a\u00f1o 1964, como C\u00e1tedra junto con otras cinco m\u00e1s (Canillejas, Fuencarral, Hortaleza, Pan Bendito y Vallecas), como centro de preformaci\u00f3n al servicio &#8230;<\/p>\n","protected":false},"author":2,"featured_media":321,"comment_status":"closed","ping_status":"closed","sticky":false,"template":"","format":"standard","meta":{"footnotes":""},"categories":[9],"tags":[],"post_folder":[],"class_list":["post-213","post","type-post","status-publish","format-standard","has-post-thumbnail","hentry","category-centro"],"rttpg_featured_image_url":{"full":["https:\/\/site.educa.madrid.org\/cepa.villaverde.madrid\/\/wp-content\/uploads\/cepa.villaverde.madrid\/2022\/10\/letra_H.png",150,152,false],"landscape":["https:\/\/site.educa.madrid.org\/cepa.villaverde.madrid\/\/wp-content\/uploads\/cepa.villaverde.madrid\/2022\/10\/letra_H.png",150,152,false],"portraits":["https:\/\/site.educa.madrid.org\/cepa.villaverde.madrid\/\/wp-content\/uploads\/cepa.villaverde.madrid\/2022\/10\/letra_H.png",150,152,false],"thumbnail":["https:\/\/site.educa.madrid.org\/cepa.villaverde.madrid\/\/wp-content\/uploads\/cepa.villaverde.madrid\/2022\/10\/letra_H-150x150.png",150,150,true],"medium":["https:\/\/site.educa.madrid.org\/cepa.villaverde.madrid\/\/wp-content\/uploads\/cepa.villaverde.madrid\/2022\/10\/letra_H.png",150,152,false],"large":["https:\/\/site.educa.madrid.org\/cepa.villaverde.madrid\/\/wp-content\/uploads\/cepa.villaverde.madrid\/2022\/10\/letra_H.png",150,152,false],"thumblist":["https:\/\/site.educa.madrid.org\/cepa.villaverde.madrid\/\/wp-content\/uploads\/cepa.villaverde.madrid\/2022\/10\/letra_H.png",150,152,false],"thumbrelated":["https:\/\/site.educa.madrid.org\/cepa.villaverde.madrid\/\/wp-content\/uploads\/cepa.villaverde.madrid\/2022\/10\/letra_H.png",150,152,false],"meccarouselthumb":["https:\/\/site.educa.madrid.org\/cepa.villaverde.madrid\/\/wp-content\/uploads\/cepa.villaverde.madrid\/2022\/10\/letra_H.png",150,152,false],"gridsquare":["https:\/\/site.educa.madrid.org\/cepa.villaverde.madrid\/\/wp-content\/uploads\/cepa.villaverde.madrid\/2022\/10\/letra_H.png",150,152,false],"tileview":["https:\/\/site.educa.madrid.org\/cepa.villaverde.madrid\/\/wp-content\/uploads\/cepa.villaverde.madrid\/2022\/10\/letra_H.png",150,152,false],"1536x1536":["https:\/\/site.educa.madrid.org\/cepa.villaverde.madrid\/\/wp-content\/uploads\/cepa.villaverde.madrid\/2022\/10\/letra_H.png",150,152,false],"2048x2048":["https:\/\/site.educa.madrid.org\/cepa.villaverde.madrid\/\/wp-content\/uploads\/cepa.villaverde.madrid\/2022\/10\/letra_H.png",150,152,false],"onepress-blog-small":["https:\/\/site.educa.madrid.org\/cepa.villaverde.madrid\/\/wp-content\/uploads\/cepa.villaverde.madrid\/2022\/10\/letra_H-150x150.png",150,150,true],"onepress-small":["https:\/\/site.educa.madrid.org\/cepa.villaverde.madrid\/\/wp-content\/uploads\/cepa.villaverde.madrid\/2022\/10\/letra_H.png",150,152,false],"onepress-medium":["https:\/\/site.educa.madrid.org\/cepa.villaverde.madrid\/\/wp-content\/uploads\/cepa.villaverde.madrid\/2022\/10\/letra_H.png",150,152,false],"sow-carousel-default":["https:\/\/site.educa.madrid.org\/cepa.villaverde.madrid\/\/wp-content\/uploads\/cepa.villaverde.madrid\/2022\/10\/letra_H.png",150,152,false],"sow-post-carousel-overlay-theme":["https:\/\/site.educa.madrid.org\/cepa.villaverde.madrid\/\/wp-content\/uploads\/cepa.villaverde.madrid\/2022\/10\/letra_H.png",150,152,false],"sow-post-carousel-cards-theme":["https:\/\/site.educa.madrid.org\/cepa.villaverde.madrid\/\/wp-content\/uploads\/cepa.villaverde.madrid\/2022\/10\/letra_H.png",150,152,false],"rt_custom":["https:\/\/site.educa.madrid.org\/cepa.villaverde.madrid\/\/wp-content\/uploads\/cepa.villaverde.madrid\/2022\/10\/letra_H.png",150,152,false]},"rttpg_author":{"display_name":"tic.cepa.villaverde.madrid","author_link":"https:\/\/site.educa.madrid.org\/cepa.villaverde.madrid\/index.php\/author\/cuenta_tic-cepa-villaverde-madrid\/"},"rttpg_comment":0,"rttpg_category":"<a href=\"https:\/\/site.educa.madrid.org\/cepa.villaverde.madrid\/index.php\/category\/centro\/\" rel=\"category tag\">Centro<\/a>","rttpg_excerpt":"El Centro de Villaverde se inaugura en el a\u00f1o 1964, como C\u00e1tedra junto con otras cinco m\u00e1s (Canillejas, Fuencarral, Hortaleza, Pan Bendito y Vallecas), como centro de preformaci\u00f3n al servicio ...","post_mailing_queue_ids":[],"_links":{"self":[{"href":"https:\/\/site.educa.madrid.org\/cepa.villaverde.madrid\/index.php\/wp-json\/wp\/v2\/posts\/213","targetHints":{"allow":["GET"]}}],"collection":[{"href":"https:\/\/site.educa.madrid.org\/cepa.villaverde.madrid\/index.php\/wp-json\/wp\/v2\/posts"}],"about":[{"href":"https:\/\/site.educa.madrid.org\/cepa.villaverde.madrid\/index.php\/wp-json\/wp\/v2\/types\/post"}],"author":[{"embeddable":true,"href":"https:\/\/site.educa.madrid.org\/cepa.villaverde.madrid\/index.php\/wp-json\/wp\/v2\/users\/2"}],"replies":[{"embeddable":true,"href":"https:\/\/site.educa.madrid.org\/cepa.villaverde.madrid\/index.php\/wp-json\/wp\/v2\/comments?post=213"}],"version-history":[{"count":2,"href":"https:\/\/site.educa.madrid.org\/cepa.villaverde.madrid\/index.php\/wp-json\/wp\/v2\/posts\/213\/revisions"}],"predecessor-version":[{"id":330,"href":"https:\/\/site.educa.madrid.org\/cepa.villaverde.madrid\/index.php\/wp-json\/wp\/v2\/posts\/213\/revisions\/330"}],"wp:featuredmedia":[{"embeddable":true,"href":"https:\/\/site.educa.madrid.org\/cepa.villaverde.madrid\/index.php\/wp-json\/wp\/v2\/media\/321"}],"wp:attachment":[{"href":"https:\/\/site.educa.madrid.org\/cepa.villaverde.madrid\/index.php\/wp-json\/wp\/v2\/media?parent=213"}],"wp:term":[{"taxonomy":"category","embeddable":true,"href":"https:\/\/site.educa.madrid.org\/cepa.villaverde.madrid\/index.php\/wp-json\/wp\/v2\/categories?post=213"},{"taxonomy":"post_tag","embeddable":true,"href":"https:\/\/site.educa.madrid.org\/cepa.villaverde.madrid\/index.php\/wp-json\/wp\/v2\/tags?post=213"},{"taxonomy":"post_folder","embeddable":true,"href":"https:\/\/site.educa.madrid.org\/cepa.villaverde.madrid\/index.php\/wp-json\/wp\/v2\/post_folder?post=213"}],"curies":[{"name":"wp","href":"https:\/\/api.w.org\/{rel}","templated":true}]}}