{"id":286,"date":"2022-10-10T12:21:18","date_gmt":"2022-10-10T10:21:18","guid":{"rendered":"https:\/\/site.educa.madrid.org\/cepa.villaverde.madrid\/?p=286"},"modified":"2022-10-19T12:41:23","modified_gmt":"2022-10-19T10:41:23","slug":"premio-miguel-hernandez-2018-mencion-especial-julian-sanz-del-rio","status":"publish","type":"post","link":"https:\/\/site.educa.madrid.org\/cepa.villaverde.madrid\/index.php\/2022\/10\/10\/premio-miguel-hernandez-2018-mencion-especial-julian-sanz-del-rio\/","title":{"rendered":"Premio Miguel Hern\u00e1ndez 2018 menci\u00f3n especial Julian Sanz del R\u00edo"},"content":{"rendered":"\n<div class=\"wp-block-image\"><figure class=\"aligncenter size-full\"><img loading=\"lazy\" decoding=\"async\" width=\"1024\" height=\"768\" src=\"https:\/\/site.educa.madrid.org\/cepa.villaverde.madrid\/\/wp-content\/uploads\/cepa.villaverde.madrid\/2022\/10\/Ministra.jpg\" alt=\"\" class=\"wp-image-139\" srcset=\"https:\/\/site.educa.madrid.org\/cepa.villaverde.madrid\/\/wp-content\/uploads\/cepa.villaverde.madrid\/2022\/10\/Ministra.jpg 1024w, https:\/\/site.educa.madrid.org\/cepa.villaverde.madrid\/\/wp-content\/uploads\/cepa.villaverde.madrid\/2022\/10\/Ministra-300x225.jpg 300w, https:\/\/site.educa.madrid.org\/cepa.villaverde.madrid\/\/wp-content\/uploads\/cepa.villaverde.madrid\/2022\/10\/Ministra-768x576.jpg 768w\" sizes=\"auto, (max-width: 1024px) 100vw, 1024px\" \/><\/figure><\/div>\n\n\n\n<p>El art\u00edculo completo del proyecto<a href=\"https:\/\/sede.educacion.gob.es\/publiventa\/premios-miguel-hernandez-2018\/ensenanza-formacion\/22819\" target=\"_blank\" rel=\"noreferrer noopener\"> \u00abMomentos Vivenciales en el CEPA Villaverde\u00bb se encuentra en la publicaci\u00f3n \u00abPremios Miguel Hern\u00e1ndez 2018\u00bb<\/a> del Ministerio de Educaci\u00f3n y Formaci\u00f3n Profesional, p\u00e1ginas 99 -129<\/p>\n\n\n\n<p>Difusi\u00f3n en<a href=\"https:\/\/ec.europa.eu\/epale\/es\/content\/momentos-vivenciales-en-el-cepa-villaverde-mencion-especial-julian-sanz-del-rio\" target=\"_blank\" rel=\"noreferrer noopener\"> EPALE<\/a><\/p>\n","protected":false},"excerpt":{"rendered":"<p>El art\u00edculo completo del proyecto \u00abMomentos Vivenciales en el CEPA Villaverde\u00bb se encuentra en la publicaci\u00f3n \u00abPremios Miguel Hern\u00e1ndez 2018\u00bb del Ministerio de Educaci\u00f3n y Formaci\u00f3n Profesional, p\u00e1ginas 99 -129 &#8230;<\/p>\n","protected":false},"author":2,"featured_media":0,"comment_status":"closed","ping_status":"closed","sticky":false,"template":"","format":"standard","meta":{"footnotes":""},"categories":[7],"tags":[],"post_folder":[],"class_list":["post-286","post","type-post","status-publish","format-standard","hentry","category-premios"],"rttpg_featured_image_url":null,"rttpg_author":{"display_name":"tic.cepa.villaverde.madrid","author_link":"https:\/\/site.educa.madrid.org\/cepa.villaverde.madrid\/index.php\/author\/cuenta_tic-cepa-villaverde-madrid\/"},"rttpg_comment":0,"rttpg_category":"<a href=\"https:\/\/site.educa.madrid.org\/cepa.villaverde.madrid\/index.php\/category\/premios\/\" rel=\"category tag\">Premios<\/a>","rttpg_excerpt":"El art\u00edculo completo del proyecto \u00abMomentos Vivenciales en el CEPA Villaverde\u00bb se encuentra en la publicaci\u00f3n \u00abPremios Miguel Hern\u00e1ndez 2018\u00bb del Ministerio de Educaci\u00f3n y Formaci\u00f3n Profesional, p\u00e1ginas 99 -129 ...","post_mailing_queue_ids":[],"_links":{"self":[{"href":"https:\/\/site.educa.madrid.org\/cepa.villaverde.madrid\/index.php\/wp-json\/wp\/v2\/posts\/286","targetHints":{"allow":["GET"]}}],"collection":[{"href":"https:\/\/site.educa.madrid.org\/cepa.villaverde.madrid\/index.php\/wp-json\/wp\/v2\/posts"}],"about":[{"href":"https:\/\/site.educa.madrid.org\/cepa.villaverde.madrid\/index.php\/wp-json\/wp\/v2\/types\/post"}],"author":[{"embeddable":true,"href":"https:\/\/site.educa.madrid.org\/cepa.villaverde.madrid\/index.php\/wp-json\/wp\/v2\/users\/2"}],"replies":[{"embeddable":true,"href":"https:\/\/site.educa.madrid.org\/cepa.villaverde.madrid\/index.php\/wp-json\/wp\/v2\/comments?post=286"}],"version-history":[{"count":3,"href":"https:\/\/site.educa.madrid.org\/cepa.villaverde.madrid\/index.php\/wp-json\/wp\/v2\/posts\/286\/revisions"}],"predecessor-version":[{"id":289,"href":"https:\/\/site.educa.madrid.org\/cepa.villaverde.madrid\/index.php\/wp-json\/wp\/v2\/posts\/286\/revisions\/289"}],"wp:attachment":[{"href":"https:\/\/site.educa.madrid.org\/cepa.villaverde.madrid\/index.php\/wp-json\/wp\/v2\/media?parent=286"}],"wp:term":[{"taxonomy":"category","embeddable":true,"href":"https:\/\/site.educa.madrid.org\/cepa.villaverde.madrid\/index.php\/wp-json\/wp\/v2\/categories?post=286"},{"taxonomy":"post_tag","embeddable":true,"href":"https:\/\/site.educa.madrid.org\/cepa.villaverde.madrid\/index.php\/wp-json\/wp\/v2\/tags?post=286"},{"taxonomy":"post_folder","embeddable":true,"href":"https:\/\/site.educa.madrid.org\/cepa.villaverde.madrid\/index.php\/wp-json\/wp\/v2\/post_folder?post=286"}],"curies":[{"name":"wp","href":"https:\/\/api.w.org\/{rel}","templated":true}]}}