{"id":298,"date":"2022-10-10T12:31:08","date_gmt":"2022-10-10T10:31:08","guid":{"rendered":"https:\/\/site.educa.madrid.org\/cepa.villaverde.madrid\/?p=298"},"modified":"2022-10-19T12:41:02","modified_gmt":"2022-10-19T10:41:02","slug":"remio-a-las-mejores-experiencias-en-orientacion-educativa-aula-2016-por-la-feria-del-estudiante-y-la-asociacion-de-orientacion-y-educacion-de-madrid-miembro-de-copoe","status":"publish","type":"post","link":"https:\/\/site.educa.madrid.org\/cepa.villaverde.madrid\/index.php\/2022\/10\/10\/remio-a-las-mejores-experiencias-en-orientacion-educativa-aula-2016-por-la-feria-del-estudiante-y-la-asociacion-de-orientacion-y-educacion-de-madrid-miembro-de-copoe\/","title":{"rendered":"Premio a las Mejores Experiencias en Orientaci\u00f3n Educativa \u2013AULA 2016, por la Feria del Estudiante y la Asociaci\u00f3n de Orientaci\u00f3n y Educaci\u00f3n de Madrid (miembro de COPOE)"},"content":{"rendered":"\n<div class=\"wp-block-image\"><figure class=\"aligncenter size-full\"><img loading=\"lazy\" decoding=\"async\" width=\"594\" height=\"396\" src=\"https:\/\/site.educa.madrid.org\/cepa.villaverde.madrid\/\/wp-content\/uploads\/cepa.villaverde.madrid\/2022\/10\/1540422653503.jpg\" alt=\"\" class=\"wp-image-140\" srcset=\"https:\/\/site.educa.madrid.org\/cepa.villaverde.madrid\/\/wp-content\/uploads\/cepa.villaverde.madrid\/2022\/10\/1540422653503.jpg 594w, https:\/\/site.educa.madrid.org\/cepa.villaverde.madrid\/\/wp-content\/uploads\/cepa.villaverde.madrid\/2022\/10\/1540422653503-300x200.jpg 300w, https:\/\/site.educa.madrid.org\/cepa.villaverde.madrid\/\/wp-content\/uploads\/cepa.villaverde.madrid\/2022\/10\/1540422653503-391x260.jpg 391w, https:\/\/site.educa.madrid.org\/cepa.villaverde.madrid\/\/wp-content\/uploads\/cepa.villaverde.madrid\/2022\/10\/1540422653503-272x182.jpg 272w\" sizes=\"auto, (max-width: 594px) 100vw, 594px\" \/><\/figure><\/div>\n\n\n\n<p>Pincha&nbsp;<a rel=\"noreferrer noopener\" href=\"http:\/\/www.ifema.es\/aula_01\/Prensa\/NotasdePrensa\/INS_073729\" target=\"_blank\">aqu\u00ed<\/a><\/p>\n\n\n\n<p><a rel=\"noreferrer noopener\" href=\"http:\/\/www.educa2.madrid.org\/web\/educamadrid\/principal\/files\/f6382ef9-987f-490d-91c3-996b927a3790\/Promece-2015\/Bloque-1-Analisis-situacion-planteamiento-problema-21-4-2015.pdf?t=1455064554581\" target=\"_blank\">Finalidad del programa formativo en Inteligencia Emocional<\/a><\/p>\n","protected":false},"excerpt":{"rendered":"<p>Pincha&nbsp;aqu\u00ed Finalidad del programa formativo en Inteligencia Emocional<\/p>\n","protected":false},"author":2,"featured_media":0,"comment_status":"open","ping_status":"open","sticky":false,"template":"","format":"standard","meta":{"footnotes":""},"categories":[7],"tags":[],"post_folder":[],"class_list":["post-298","post","type-post","status-publish","format-standard","hentry","category-premios"],"rttpg_featured_image_url":null,"rttpg_author":{"display_name":"tic.cepa.villaverde.madrid","author_link":"https:\/\/site.educa.madrid.org\/cepa.villaverde.madrid\/index.php\/author\/cuenta_tic-cepa-villaverde-madrid\/"},"rttpg_comment":0,"rttpg_category":"<a href=\"https:\/\/site.educa.madrid.org\/cepa.villaverde.madrid\/index.php\/category\/premios\/\" rel=\"category tag\">Premios<\/a>","rttpg_excerpt":"Pincha&nbsp;aqu\u00ed Finalidad del programa formativo en Inteligencia Emocional","post_mailing_queue_ids":[],"_links":{"self":[{"href":"https:\/\/site.educa.madrid.org\/cepa.villaverde.madrid\/index.php\/wp-json\/wp\/v2\/posts\/298","targetHints":{"allow":["GET"]}}],"collection":[{"href":"https:\/\/site.educa.madrid.org\/cepa.villaverde.madrid\/index.php\/wp-json\/wp\/v2\/posts"}],"about":[{"href":"https:\/\/site.educa.madrid.org\/cepa.villaverde.madrid\/index.php\/wp-json\/wp\/v2\/types\/post"}],"author":[{"embeddable":true,"href":"https:\/\/site.educa.madrid.org\/cepa.villaverde.madrid\/index.php\/wp-json\/wp\/v2\/users\/2"}],"replies":[{"embeddable":true,"href":"https:\/\/site.educa.madrid.org\/cepa.villaverde.madrid\/index.php\/wp-json\/wp\/v2\/comments?post=298"}],"version-history":[{"count":3,"href":"https:\/\/site.educa.madrid.org\/cepa.villaverde.madrid\/index.php\/wp-json\/wp\/v2\/posts\/298\/revisions"}],"predecessor-version":[{"id":302,"href":"https:\/\/site.educa.madrid.org\/cepa.villaverde.madrid\/index.php\/wp-json\/wp\/v2\/posts\/298\/revisions\/302"}],"wp:attachment":[{"href":"https:\/\/site.educa.madrid.org\/cepa.villaverde.madrid\/index.php\/wp-json\/wp\/v2\/media?parent=298"}],"wp:term":[{"taxonomy":"category","embeddable":true,"href":"https:\/\/site.educa.madrid.org\/cepa.villaverde.madrid\/index.php\/wp-json\/wp\/v2\/categories?post=298"},{"taxonomy":"post_tag","embeddable":true,"href":"https:\/\/site.educa.madrid.org\/cepa.villaverde.madrid\/index.php\/wp-json\/wp\/v2\/tags?post=298"},{"taxonomy":"post_folder","embeddable":true,"href":"https:\/\/site.educa.madrid.org\/cepa.villaverde.madrid\/index.php\/wp-json\/wp\/v2\/post_folder?post=298"}],"curies":[{"name":"wp","href":"https:\/\/api.w.org\/{rel}","templated":true}]}}