{"id":303,"date":"2022-10-10T12:34:35","date_gmt":"2022-10-10T10:34:35","guid":{"rendered":"https:\/\/site.educa.madrid.org\/cepa.villaverde.madrid\/?p=303"},"modified":"2022-10-19T12:54:56","modified_gmt":"2022-10-19T10:54:56","slug":"espabila-t","status":"publish","type":"post","link":"https:\/\/site.educa.madrid.org\/cepa.villaverde.madrid\/index.php\/2022\/10\/10\/espabila-t\/","title":{"rendered":"ESPABILA-T"},"content":{"rendered":"\n<div style=\"height:100px\" aria-hidden=\"true\" class=\"wp-block-spacer\"><\/div>\n\n\n\n<center><iframe loading=\"lazy\" src=\"https:\/\/www.youtube.com\/embed\/gUBD4xPqoxc\" title=\"YouTube video player\" allow=\"accelerometer; autoplay; clipboard-write; encrypted-media; gyroscope; picture-in-picture\" allowfullscreen=\"\" width=\"560\" height=\"315\" frameborder=\"0\"><\/iframe><\/center>\n\n\n\n<p>El<strong>\u00a0video \u00abESPABILA-T\u00a0<\/strong>recoge la memoria del trabajo de la Agrupaci\u00f3n de Centros n\u00ba MAA14\/00090, del Programa PROMECE del Instituto Nacional de Tecnolog\u00eda y Formaci\u00f3n del Profesorado (INTEF) del MECD-Espa\u00f1a realizado durante el a\u00f1o 2015.<\/p>\n\n\n\n<p>El proyecto \u00abEspabila-T\u00bb ha sido seleccionado para ser incluido en el blog PROMECE \u00abproyectos entre centros para la mejora del aprendizaje\u00bb. Ministerio de Educaci\u00f3n, Cultura y Deporte- Espa\u00f1a<\/p>\n\n\n\n<p>Se puede descargar el proyecto.&nbsp;Pincha&nbsp;<a href=\"http:\/\/blog.educalab.es\/promece\/category\/cepas\/\" target=\"_blank\" rel=\"noreferrer noopener\">aqu\u00ed.<\/a><\/p>\n","protected":false},"excerpt":{"rendered":"<p>El\u00a0video \u00abESPABILA-T\u00a0recoge la memoria del trabajo de la Agrupaci\u00f3n de Centros n\u00ba MAA14\/00090, del Programa PROMECE del Instituto Nacional de Tecnolog\u00eda y Formaci\u00f3n del Profesorado (INTEF) del MECD-Espa\u00f1a realizado durante &#8230;<\/p>\n","protected":false},"author":2,"featured_media":0,"comment_status":"open","ping_status":"open","sticky":false,"template":"","format":"standard","meta":{"footnotes":""},"categories":[7],"tags":[],"post_folder":[],"class_list":["post-303","post","type-post","status-publish","format-standard","hentry","category-premios"],"rttpg_featured_image_url":null,"rttpg_author":{"display_name":"tic.cepa.villaverde.madrid","author_link":"https:\/\/site.educa.madrid.org\/cepa.villaverde.madrid\/index.php\/author\/cuenta_tic-cepa-villaverde-madrid\/"},"rttpg_comment":0,"rttpg_category":"<a href=\"https:\/\/site.educa.madrid.org\/cepa.villaverde.madrid\/index.php\/category\/premios\/\" rel=\"category tag\">Premios<\/a>","rttpg_excerpt":"El\u00a0video \u00abESPABILA-T\u00a0recoge la memoria del trabajo de la Agrupaci\u00f3n de Centros n\u00ba MAA14\/00090, del Programa PROMECE del Instituto Nacional de Tecnolog\u00eda y Formaci\u00f3n del Profesorado (INTEF) del MECD-Espa\u00f1a realizado durante ...","post_mailing_queue_ids":[],"_links":{"self":[{"href":"https:\/\/site.educa.madrid.org\/cepa.villaverde.madrid\/index.php\/wp-json\/wp\/v2\/posts\/303","targetHints":{"allow":["GET"]}}],"collection":[{"href":"https:\/\/site.educa.madrid.org\/cepa.villaverde.madrid\/index.php\/wp-json\/wp\/v2\/posts"}],"about":[{"href":"https:\/\/site.educa.madrid.org\/cepa.villaverde.madrid\/index.php\/wp-json\/wp\/v2\/types\/post"}],"author":[{"embeddable":true,"href":"https:\/\/site.educa.madrid.org\/cepa.villaverde.madrid\/index.php\/wp-json\/wp\/v2\/users\/2"}],"replies":[{"embeddable":true,"href":"https:\/\/site.educa.madrid.org\/cepa.villaverde.madrid\/index.php\/wp-json\/wp\/v2\/comments?post=303"}],"version-history":[{"count":7,"href":"https:\/\/site.educa.madrid.org\/cepa.villaverde.madrid\/index.php\/wp-json\/wp\/v2\/posts\/303\/revisions"}],"predecessor-version":[{"id":320,"href":"https:\/\/site.educa.madrid.org\/cepa.villaverde.madrid\/index.php\/wp-json\/wp\/v2\/posts\/303\/revisions\/320"}],"wp:attachment":[{"href":"https:\/\/site.educa.madrid.org\/cepa.villaverde.madrid\/index.php\/wp-json\/wp\/v2\/media?parent=303"}],"wp:term":[{"taxonomy":"category","embeddable":true,"href":"https:\/\/site.educa.madrid.org\/cepa.villaverde.madrid\/index.php\/wp-json\/wp\/v2\/categories?post=303"},{"taxonomy":"post_tag","embeddable":true,"href":"https:\/\/site.educa.madrid.org\/cepa.villaverde.madrid\/index.php\/wp-json\/wp\/v2\/tags?post=303"},{"taxonomy":"post_folder","embeddable":true,"href":"https:\/\/site.educa.madrid.org\/cepa.villaverde.madrid\/index.php\/wp-json\/wp\/v2\/post_folder?post=303"}],"curies":[{"name":"wp","href":"https:\/\/api.w.org\/{rel}","templated":true}]}}