{"id":377,"date":"2022-11-28T17:28:29","date_gmt":"2022-11-28T16:28:29","guid":{"rendered":"https:\/\/site.educa.madrid.org\/cepa.villaverde.madrid\/?p=377"},"modified":"2026-09-03T16:48:31","modified_gmt":"2026-09-03T14:48:31","slug":"departamentos","status":"publish","type":"post","link":"https:\/\/site.educa.madrid.org\/cepa.villaverde.madrid\/index.php\/2022\/11\/28\/departamentos\/","title":{"rendered":"Departamentos"},"content":{"rendered":"<p>\u00c1mbito Social<\/p>\n<p>Jefa de departamento: <strong>L\u00e1zaro Rico, Silvia<\/strong> silvia.lazarorico@educa.madrid.org<\/p>\n<p>\u00c1mbito de Comunicaci\u00f3n<\/p>\n<p>Jefa de departamento: <strong>Gonzalo Rose, Irene<\/strong> irene.gonzalorose@educa.madrid.org<\/p>\n<p>\u00c1mbito Cient\u00edfico-Tecnol\u00f3gico.<\/p>\n<p>Jefa de departamento: <strong>Sancho Madrid, Asunci\u00f3n<\/strong> asunci\u00f3n.sancho@educa.madrid.org<\/p>\n<p>\u00c1mbito de Orientaci\u00f3n.<\/p>\n<p>Jefa de departamento:<strong> pr\u00f3ximamente<\/strong><\/p>\n","protected":false},"excerpt":{"rendered":"<p>\u00c1mbito Social Jefa de departamento: L\u00e1zaro Rico, Silvia silvia.lazarorico@educa.madrid.org \u00c1mbito de Comunicaci\u00f3n Jefa de departamento: Gonzalo Rose, Irene irene.gonzalorose@educa.madrid.org \u00c1mbito Cient\u00edfico-Tecnol\u00f3gico. Jefa de departamento: Sancho Madrid, Asunci\u00f3n asunci\u00f3n.sancho@educa.madrid.org \u00c1mbito de &#8230;<\/p>\n","protected":false},"author":2,"featured_media":0,"comment_status":"open","ping_status":"open","sticky":false,"template":"","format":"standard","meta":{"footnotes":""},"categories":[1],"tags":[],"post_folder":[],"class_list":["post-377","post","type-post","status-publish","format-standard","hentry","category-barra-lateral"],"rttpg_featured_image_url":null,"rttpg_author":{"display_name":"tic.cepa.villaverde.madrid","author_link":"https:\/\/site.educa.madrid.org\/cepa.villaverde.madrid\/index.php\/author\/cuenta_tic-cepa-villaverde-madrid\/"},"rttpg_comment":0,"rttpg_category":"<a href=\"https:\/\/site.educa.madrid.org\/cepa.villaverde.madrid\/index.php\/category\/barra-lateral\/\" rel=\"category tag\">Barra lateral<\/a>","rttpg_excerpt":"\u00c1mbito Social Jefa de departamento: L\u00e1zaro Rico, Silvia silvia.lazarorico@educa.madrid.org \u00c1mbito de Comunicaci\u00f3n Jefa de departamento: Gonzalo Rose, Irene irene.gonzalorose@educa.madrid.org \u00c1mbito Cient\u00edfico-Tecnol\u00f3gico. Jefa de departamento: Sancho Madrid, Asunci\u00f3n asunci\u00f3n.sancho@educa.madrid.org \u00c1mbito de ...","post_mailing_queue_ids":[],"_links":{"self":[{"href":"https:\/\/site.educa.madrid.org\/cepa.villaverde.madrid\/index.php\/wp-json\/wp\/v2\/posts\/377","targetHints":{"allow":["GET"]}}],"collection":[{"href":"https:\/\/site.educa.madrid.org\/cepa.villaverde.madrid\/index.php\/wp-json\/wp\/v2\/posts"}],"about":[{"href":"https:\/\/site.educa.madrid.org\/cepa.villaverde.madrid\/index.php\/wp-json\/wp\/v2\/types\/post"}],"author":[{"embeddable":true,"href":"https:\/\/site.educa.madrid.org\/cepa.villaverde.madrid\/index.php\/wp-json\/wp\/v2\/users\/2"}],"replies":[{"embeddable":true,"href":"https:\/\/site.educa.madrid.org\/cepa.villaverde.madrid\/index.php\/wp-json\/wp\/v2\/comments?post=377"}],"version-history":[{"count":2,"href":"https:\/\/site.educa.madrid.org\/cepa.villaverde.madrid\/index.php\/wp-json\/wp\/v2\/posts\/377\/revisions"}],"predecessor-version":[{"id":945,"href":"https:\/\/site.educa.madrid.org\/cepa.villaverde.madrid\/index.php\/wp-json\/wp\/v2\/posts\/377\/revisions\/945"}],"wp:attachment":[{"href":"https:\/\/site.educa.madrid.org\/cepa.villaverde.madrid\/index.php\/wp-json\/wp\/v2\/media?parent=377"}],"wp:term":[{"taxonomy":"category","embeddable":true,"href":"https:\/\/site.educa.madrid.org\/cepa.villaverde.madrid\/index.php\/wp-json\/wp\/v2\/categories?post=377"},{"taxonomy":"post_tag","embeddable":true,"href":"https:\/\/site.educa.madrid.org\/cepa.villaverde.madrid\/index.php\/wp-json\/wp\/v2\/tags?post=377"},{"taxonomy":"post_folder","embeddable":true,"href":"https:\/\/site.educa.madrid.org\/cepa.villaverde.madrid\/index.php\/wp-json\/wp\/v2\/post_folder?post=377"}],"curies":[{"name":"wp","href":"https:\/\/api.w.org\/{rel}","templated":true}]}}