{"id":7810,"date":"2026-09-03T11:19:46","date_gmt":"2026-09-03T09:19:46","guid":{"rendered":"https:\/\/site.educa.madrid.org\/cim.morenotorroba.madrid\/?p=7810"},"modified":"2026-09-03T11:27:50","modified_gmt":"2026-09-03T09:27:50","slug":"reparto-de-horarios-linea-no-integrada-curso-26-27","status":"publish","type":"post","link":"https:\/\/site.educa.madrid.org\/cim.morenotorroba.madrid\/index.php\/2026\/09\/03\/reparto-de-horarios-linea-no-integrada-curso-26-27\/","title":{"rendered":"REPARTO DE HORARIOS L\u00cdNEA NO INTEGRADA \u00a0 CURSO 26\/27"},"content":{"rendered":"\n<p><\/p>\n\n\n\n<p>El reparto de horarios de las asignaturas individuales (INSTRUMENTO, REPERTORIO, PIANO COMPLEMENTARIO,ACOMPA\u00d1AMIENTO) se realizar\u00e1 de forma telef\u00f3nica (mediante llamada del tutor\/profesor al alumno) durante la franja horaria asignada,<mark style=\"background-color:rgba(0, 0, 0, 0);color:#cf2e2e\" class=\"has-inline-color\"> a excepci\u00f3n de M\u00fasica de c\u00e1mara que ser\u00e1 presencial. La no asistencia a esta convocatoria supone la aceptaci\u00f3n del grupo y horario asignado<\/mark>.<\/p>\n\n\n\n<div data-wp-interactive=\"core\/file\" class=\"wp-block-file\"><object data-wp-bind--hidden=\"!state.hasPdfPreview\" hidden class=\"wp-block-file__embed\" data=\"https:\/\/site.educa.madrid.org\/cim.morenotorroba.madrid\/\/wp-content\/uploads\/cim.morenotorroba.madrid\/2026\/09\/Reparto-de-horarios-26-27.pdf\" type=\"application\/pdf\" style=\"width:100%;height:600px\" aria-label=\"Incrustado de Reparto de horarios 26-27.\"><\/object><a id=\"wp-block-file--media-95a3a333-5d38-4f03-a4a1-ba406aa19d60\" href=\"https:\/\/site.educa.madrid.org\/cim.morenotorroba.madrid\/\/wp-content\/uploads\/cim.morenotorroba.madrid\/2026\/09\/Reparto-de-horarios-26-27.pdf\">Reparto de horarios 26-27<\/a><a href=\"https:\/\/site.educa.madrid.org\/cim.morenotorroba.madrid\/\/wp-content\/uploads\/cim.morenotorroba.madrid\/2026\/09\/Reparto-de-horarios-26-27.pdf\" class=\"wp-block-file__button wp-element-button\" download aria-describedby=\"wp-block-file--media-95a3a333-5d38-4f03-a4a1-ba406aa19d60\">Descarga<\/a><\/div>\n","protected":false},"excerpt":{"rendered":"<p>El reparto de horarios de las asignaturas individuales (INSTRUMENTO, REPERTORIO, PIANO COMPLEMENTARIO,ACOMPA\u00d1AMIENTO) se realizar\u00e1 de forma telef\u00f3nica (mediante llamada del tutor\/profesor al [&hellip;]<\/p>\n","protected":false},"author":2,"featured_media":4072,"comment_status":"open","ping_status":"open","sticky":false,"template":"","format":"standard","meta":{"footnotes":""},"categories":[12,47],"tags":[],"post_folder":[],"class_list":["post-7810","post","type-post","status-publish","format-standard","has-post-thumbnail","hentry","category-inicio-curso","category-ultimasnovedades"],"rttpg_featured_image_url":{"full":["https:\/\/site.educa.madrid.org\/cim.morenotorroba.madrid\/\/wp-content\/uploads\/cim.morenotorroba.madrid\/2022\/09\/reparto-horarios.png",600,340,false],"landscape":["https:\/\/site.educa.madrid.org\/cim.morenotorroba.madrid\/\/wp-content\/uploads\/cim.morenotorroba.madrid\/2022\/09\/reparto-horarios.png",600,340,false],"portraits":["https:\/\/site.educa.madrid.org\/cim.morenotorroba.madrid\/\/wp-content\/uploads\/cim.morenotorroba.madrid\/2022\/09\/reparto-horarios.png",600,340,false],"thumbnail":["https:\/\/site.educa.madrid.org\/cim.morenotorroba.madrid\/\/wp-content\/uploads\/cim.morenotorroba.madrid\/2022\/09\/reparto-horarios-150x150.png",150,150,true],"medium":["https:\/\/site.educa.madrid.org\/cim.morenotorroba.madrid\/\/wp-content\/uploads\/cim.morenotorroba.madrid\/2022\/09\/reparto-horarios-300x170.png",300,170,true],"large":["https:\/\/site.educa.madrid.org\/cim.morenotorroba.madrid\/\/wp-content\/uploads\/cim.morenotorroba.madrid\/2022\/09\/reparto-horarios.png",600,340,false],"thumblist":["https:\/\/site.educa.madrid.org\/cim.morenotorroba.madrid\/\/wp-content\/uploads\/cim.morenotorroba.madrid\/2022\/09\/reparto-horarios-300x300.png",300,300,true],"thumbrelated":["https:\/\/site.educa.madrid.org\/cim.morenotorroba.madrid\/\/wp-content\/uploads\/cim.morenotorroba.madrid\/2022\/09\/reparto-horarios.png",500,283,false],"meccarouselthumb":["https:\/\/site.educa.madrid.org\/cim.morenotorroba.madrid\/\/wp-content\/uploads\/cim.morenotorroba.madrid\/2022\/09\/reparto-horarios-474x324.png",474,324,true],"gridsquare":["https:\/\/site.educa.madrid.org\/cim.morenotorroba.madrid\/\/wp-content\/uploads\/cim.morenotorroba.madrid\/2022\/09\/reparto-horarios-391x260.png",391,260,true],"tileview":["https:\/\/site.educa.madrid.org\/cim.morenotorroba.madrid\/\/wp-content\/uploads\/cim.morenotorroba.madrid\/2022\/09\/reparto-horarios-300x340.png",300,340,true],"1536x1536":["https:\/\/site.educa.madrid.org\/cim.morenotorroba.madrid\/\/wp-content\/uploads\/cim.morenotorroba.madrid\/2022\/09\/reparto-horarios.png",600,340,false],"2048x2048":["https:\/\/site.educa.madrid.org\/cim.morenotorroba.madrid\/\/wp-content\/uploads\/cim.morenotorroba.madrid\/2022\/09\/reparto-horarios.png",600,340,false],"sydney-large-thumb":["https:\/\/site.educa.madrid.org\/cim.morenotorroba.madrid\/\/wp-content\/uploads\/cim.morenotorroba.madrid\/2022\/09\/reparto-horarios.png",600,340,false],"sydney-medium-thumb":["https:\/\/site.educa.madrid.org\/cim.morenotorroba.madrid\/\/wp-content\/uploads\/cim.morenotorroba.madrid\/2022\/09\/reparto-horarios-550x340.png",550,340,true],"sydney-small-thumb":["https:\/\/site.educa.madrid.org\/cim.morenotorroba.madrid\/\/wp-content\/uploads\/cim.morenotorroba.madrid\/2022\/09\/reparto-horarios-230x130.png",230,130,true],"sydney-service-thumb":["https:\/\/site.educa.madrid.org\/cim.morenotorroba.madrid\/\/wp-content\/uploads\/cim.morenotorroba.madrid\/2022\/09\/reparto-horarios-350x198.png",350,198,true],"sydney-mas-thumb":["https:\/\/site.educa.madrid.org\/cim.morenotorroba.madrid\/\/wp-content\/uploads\/cim.morenotorroba.madrid\/2022\/09\/reparto-horarios-480x272.png",480,272,true],"sow-carousel-default":["https:\/\/site.educa.madrid.org\/cim.morenotorroba.madrid\/\/wp-content\/uploads\/cim.morenotorroba.madrid\/2022\/09\/reparto-horarios-272x182.png",272,182,true],"sow-post-carousel-overlay-theme":["https:\/\/site.educa.madrid.org\/cim.morenotorroba.madrid\/\/wp-content\/uploads\/cim.morenotorroba.madrid\/2022\/09\/reparto-horarios.png",360,204,false],"sow-post-carousel-cards-theme":["https:\/\/site.educa.madrid.org\/cim.morenotorroba.madrid\/\/wp-content\/uploads\/cim.morenotorroba.madrid\/2022\/09\/reparto-horarios.png",360,204,false],"rt_custom":["https:\/\/site.educa.madrid.org\/cim.morenotorroba.madrid\/\/wp-content\/uploads\/cim.morenotorroba.madrid\/2022\/09\/reparto-horarios.png",600,340,false]},"rttpg_author":{"display_name":"Cuenta Tic cim morenotorroba madrid","author_link":"https:\/\/site.educa.madrid.org\/cim.morenotorroba.madrid\/index.php\/author\/cuenta_tic-cim-morenotorroba-madrid\/"},"rttpg_comment":0,"rttpg_category":"<a href=\"https:\/\/site.educa.madrid.org\/cim.morenotorroba.madrid\/index.php\/category\/inicio-curso\/\" rel=\"category tag\">Inicio Curso<\/a> <a href=\"https:\/\/site.educa.madrid.org\/cim.morenotorroba.madrid\/index.php\/category\/ultimasnovedades\/\" rel=\"category tag\">\u00daltimas Novedades<\/a>","rttpg_excerpt":"El reparto de horarios de las asignaturas individuales (INSTRUMENTO, REPERTORIO, PIANO COMPLEMENTARIO,ACOMPA\u00d1AMIENTO) se realizar\u00e1 de forma telef\u00f3nica (mediante llamada del tutor\/profesor al [&hellip;]","post_mailing_queue_ids":[],"_links":{"self":[{"href":"https:\/\/site.educa.madrid.org\/cim.morenotorroba.madrid\/index.php\/wp-json\/wp\/v2\/posts\/7810","targetHints":{"allow":["GET"]}}],"collection":[{"href":"https:\/\/site.educa.madrid.org\/cim.morenotorroba.madrid\/index.php\/wp-json\/wp\/v2\/posts"}],"about":[{"href":"https:\/\/site.educa.madrid.org\/cim.morenotorroba.madrid\/index.php\/wp-json\/wp\/v2\/types\/post"}],"author":[{"embeddable":true,"href":"https:\/\/site.educa.madrid.org\/cim.morenotorroba.madrid\/index.php\/wp-json\/wp\/v2\/users\/2"}],"replies":[{"embeddable":true,"href":"https:\/\/site.educa.madrid.org\/cim.morenotorroba.madrid\/index.php\/wp-json\/wp\/v2\/comments?post=7810"}],"version-history":[{"count":1,"href":"https:\/\/site.educa.madrid.org\/cim.morenotorroba.madrid\/index.php\/wp-json\/wp\/v2\/posts\/7810\/revisions"}],"predecessor-version":[{"id":7812,"href":"https:\/\/site.educa.madrid.org\/cim.morenotorroba.madrid\/index.php\/wp-json\/wp\/v2\/posts\/7810\/revisions\/7812"}],"wp:featuredmedia":[{"embeddable":true,"href":"https:\/\/site.educa.madrid.org\/cim.morenotorroba.madrid\/index.php\/wp-json\/wp\/v2\/media\/4072"}],"wp:attachment":[{"href":"https:\/\/site.educa.madrid.org\/cim.morenotorroba.madrid\/index.php\/wp-json\/wp\/v2\/media?parent=7810"}],"wp:term":[{"taxonomy":"category","embeddable":true,"href":"https:\/\/site.educa.madrid.org\/cim.morenotorroba.madrid\/index.php\/wp-json\/wp\/v2\/categories?post=7810"},{"taxonomy":"post_tag","embeddable":true,"href":"https:\/\/site.educa.madrid.org\/cim.morenotorroba.madrid\/index.php\/wp-json\/wp\/v2\/tags?post=7810"},{"taxonomy":"post_folder","embeddable":true,"href":"https:\/\/site.educa.madrid.org\/cim.morenotorroba.madrid\/index.php\/wp-json\/wp\/v2\/post_folder?post=7810"}],"curies":[{"name":"wp","href":"https:\/\/api.w.org\/{rel}","templated":true}]}}