{"id":989,"date":"2023-11-15T16:41:14","date_gmt":"2023-11-15T15:41:14","guid":{"rendered":"https:\/\/site.educa.madrid.org\/cp.alarilla.fuentiduena\/?p=989"},"modified":"2023-11-15T16:41:14","modified_gmt":"2023-11-15T15:41:14","slug":"charla-guardia-civil-los-peligros-de-redes-sociales-e-internet","status":"publish","type":"post","link":"https:\/\/site.educa.madrid.org\/cp.alarilla.fuentiduena\/index.php\/2023\/11\/15\/charla-guardia-civil-los-peligros-de-redes-sociales-e-internet\/","title":{"rendered":"CHARLA GUARDIA CIVIL &#8211; LOS PELIGROS DE REDES SOCIALES E INTERNET"},"content":{"rendered":"<p>Buenas familias:<\/p>\n<div>\n<div>El pr\u00f3ximo mi\u00e9rcoles, 22 de noviembre, en el colegio vamos a dar una charla informativa sobre los peligros de las redes sociales e internet.<\/div>\n<div>Est\u00e1is todos invitados, ya que aunque teng\u00e1is ni\u00f1os peque\u00f1os y esto sea impensable a d\u00eda de hoy&#8230;todo llega.<\/div>\n<div>Est\u00e1 organizado por la Guardia Civil dentro del Plan Director.<\/div>\n<div><\/div>\n<div>LUGAR: COLEGIO ALARILLA<\/div>\n<div>D\u00cdA: MI\u00c9RCOLES 22 DE NOVIEMBRE<\/div>\n<div>HORA: 13H &#8211; 14H<\/div>\n<div>ENTRADA: POR LA PUERTA DE VILLAMANRIQUE<\/div>\n<div><img loading=\"lazy\" decoding=\"async\" class=\"alignnone size-full wp-image-990\" src=\"https:\/\/site.educa.madrid.org\/cp.alarilla.fuentiduena\/\/wp-content\/uploads\/cp.alarilla.fuentiduena\/2023\/11\/cartel.jpg\" alt=\"\" width=\"222\" height=\"227\" \/><\/div>\n<\/div>\n","protected":false},"excerpt":{"rendered":"<p>Buenas familias: El pr\u00f3ximo mi\u00e9rcoles, 22 de noviembre, en el colegio vamos a dar una charla informativa sobre los peligros de las redes sociales e internet. Est\u00e1is todos invitados, ya &#8230;<\/p>\n","protected":false},"author":3,"featured_media":990,"comment_status":"open","ping_status":"open","sticky":false,"template":"","format":"standard","meta":{"footnotes":""},"categories":[1],"tags":[],"post_folder":[],"class_list":["post-989","post","type-post","status-publish","format-standard","has-post-thumbnail","hentry","category-sin-categoria"],"rttpg_featured_image_url":{"full":["https:\/\/site.educa.madrid.org\/cp.alarilla.fuentiduena\/\/wp-content\/uploads\/cp.alarilla.fuentiduena\/2023\/11\/cartel.jpg",222,227,false],"landscape":["https:\/\/site.educa.madrid.org\/cp.alarilla.fuentiduena\/\/wp-content\/uploads\/cp.alarilla.fuentiduena\/2023\/11\/cartel.jpg",222,227,false],"portraits":["https:\/\/site.educa.madrid.org\/cp.alarilla.fuentiduena\/\/wp-content\/uploads\/cp.alarilla.fuentiduena\/2023\/11\/cartel.jpg",222,227,false],"thumbnail":["https:\/\/site.educa.madrid.org\/cp.alarilla.fuentiduena\/\/wp-content\/uploads\/cp.alarilla.fuentiduena\/2023\/11\/cartel-150x150.jpg",150,150,true],"medium":["https:\/\/site.educa.madrid.org\/cp.alarilla.fuentiduena\/\/wp-content\/uploads\/cp.alarilla.fuentiduena\/2023\/11\/cartel.jpg",222,227,false],"large":["https:\/\/site.educa.madrid.org\/cp.alarilla.fuentiduena\/\/wp-content\/uploads\/cp.alarilla.fuentiduena\/2023\/11\/cartel.jpg",222,227,false],"thumblist":["https:\/\/site.educa.madrid.org\/cp.alarilla.fuentiduena\/\/wp-content\/uploads\/cp.alarilla.fuentiduena\/2023\/11\/cartel.jpg",222,227,false],"thumbrelated":["https:\/\/site.educa.madrid.org\/cp.alarilla.fuentiduena\/\/wp-content\/uploads\/cp.alarilla.fuentiduena\/2023\/11\/cartel.jpg",222,227,false],"meccarouselthumb":["https:\/\/site.educa.madrid.org\/cp.alarilla.fuentiduena\/\/wp-content\/uploads\/cp.alarilla.fuentiduena\/2023\/11\/cartel.jpg",222,227,false],"gridsquare":["https:\/\/site.educa.madrid.org\/cp.alarilla.fuentiduena\/\/wp-content\/uploads\/cp.alarilla.fuentiduena\/2023\/11\/cartel.jpg",222,227,false],"tileview":["https:\/\/site.educa.madrid.org\/cp.alarilla.fuentiduena\/\/wp-content\/uploads\/cp.alarilla.fuentiduena\/2023\/11\/cartel.jpg",222,227,false],"1536x1536":["https:\/\/site.educa.madrid.org\/cp.alarilla.fuentiduena\/\/wp-content\/uploads\/cp.alarilla.fuentiduena\/2023\/11\/cartel.jpg",222,227,false],"2048x2048":["https:\/\/site.educa.madrid.org\/cp.alarilla.fuentiduena\/\/wp-content\/uploads\/cp.alarilla.fuentiduena\/2023\/11\/cartel.jpg",222,227,false],"onepress-blog-small":["https:\/\/site.educa.madrid.org\/cp.alarilla.fuentiduena\/\/wp-content\/uploads\/cp.alarilla.fuentiduena\/2023\/11\/cartel-222x150.jpg",222,150,true],"onepress-small":["https:\/\/site.educa.madrid.org\/cp.alarilla.fuentiduena\/\/wp-content\/uploads\/cp.alarilla.fuentiduena\/2023\/11\/cartel.jpg",222,227,false],"onepress-medium":["https:\/\/site.educa.madrid.org\/cp.alarilla.fuentiduena\/\/wp-content\/uploads\/cp.alarilla.fuentiduena\/2023\/11\/cartel.jpg",222,227,false],"sow-carousel-default":["https:\/\/site.educa.madrid.org\/cp.alarilla.fuentiduena\/\/wp-content\/uploads\/cp.alarilla.fuentiduena\/2023\/11\/cartel-222x182.jpg",222,182,true],"sow-post-carousel-overlay-theme":["https:\/\/site.educa.madrid.org\/cp.alarilla.fuentiduena\/\/wp-content\/uploads\/cp.alarilla.fuentiduena\/2023\/11\/cartel.jpg",222,227,false],"sow-post-carousel-cards-theme":["https:\/\/site.educa.madrid.org\/cp.alarilla.fuentiduena\/\/wp-content\/uploads\/cp.alarilla.fuentiduena\/2023\/11\/cartel.jpg",222,227,false],"rt_custom":["https:\/\/site.educa.madrid.org\/cp.alarilla.fuentiduena\/\/wp-content\/uploads\/cp.alarilla.fuentiduena\/2023\/11\/cartel.jpg",222,227,false]},"rttpg_author":{"display_name":"cp.alarilla.fuentiduena","author_link":"https:\/\/site.educa.madrid.org\/cp.alarilla.fuentiduena\/index.php\/author\/cuenta_cp-alarilla-fuentiduena\/"},"rttpg_comment":0,"rttpg_category":"<a href=\"https:\/\/site.educa.madrid.org\/cp.alarilla.fuentiduena\/index.php\/category\/sin-categoria\/\" rel=\"category tag\">Sin categor\u00eda<\/a>","rttpg_excerpt":"Buenas familias: El pr\u00f3ximo mi\u00e9rcoles, 22 de noviembre, en el colegio vamos a dar una charla informativa sobre los peligros de las redes sociales e internet. Est\u00e1is todos invitados, ya ...","post_mailing_queue_ids":[],"_links":{"self":[{"href":"https:\/\/site.educa.madrid.org\/cp.alarilla.fuentiduena\/index.php\/wp-json\/wp\/v2\/posts\/989","targetHints":{"allow":["GET"]}}],"collection":[{"href":"https:\/\/site.educa.madrid.org\/cp.alarilla.fuentiduena\/index.php\/wp-json\/wp\/v2\/posts"}],"about":[{"href":"https:\/\/site.educa.madrid.org\/cp.alarilla.fuentiduena\/index.php\/wp-json\/wp\/v2\/types\/post"}],"author":[{"embeddable":true,"href":"https:\/\/site.educa.madrid.org\/cp.alarilla.fuentiduena\/index.php\/wp-json\/wp\/v2\/users\/3"}],"replies":[{"embeddable":true,"href":"https:\/\/site.educa.madrid.org\/cp.alarilla.fuentiduena\/index.php\/wp-json\/wp\/v2\/comments?post=989"}],"version-history":[{"count":1,"href":"https:\/\/site.educa.madrid.org\/cp.alarilla.fuentiduena\/index.php\/wp-json\/wp\/v2\/posts\/989\/revisions"}],"predecessor-version":[{"id":991,"href":"https:\/\/site.educa.madrid.org\/cp.alarilla.fuentiduena\/index.php\/wp-json\/wp\/v2\/posts\/989\/revisions\/991"}],"wp:featuredmedia":[{"embeddable":true,"href":"https:\/\/site.educa.madrid.org\/cp.alarilla.fuentiduena\/index.php\/wp-json\/wp\/v2\/media\/990"}],"wp:attachment":[{"href":"https:\/\/site.educa.madrid.org\/cp.alarilla.fuentiduena\/index.php\/wp-json\/wp\/v2\/media?parent=989"}],"wp:term":[{"taxonomy":"category","embeddable":true,"href":"https:\/\/site.educa.madrid.org\/cp.alarilla.fuentiduena\/index.php\/wp-json\/wp\/v2\/categories?post=989"},{"taxonomy":"post_tag","embeddable":true,"href":"https:\/\/site.educa.madrid.org\/cp.alarilla.fuentiduena\/index.php\/wp-json\/wp\/v2\/tags?post=989"},{"taxonomy":"post_folder","embeddable":true,"href":"https:\/\/site.educa.madrid.org\/cp.alarilla.fuentiduena\/index.php\/wp-json\/wp\/v2\/post_folder?post=989"}],"curies":[{"name":"wp","href":"https:\/\/api.w.org\/{rel}","templated":true}]}}