{"id":3984,"date":"2026-09-02T14:13:36","date_gmt":"2026-09-02T12:13:36","guid":{"rendered":"https:\/\/site.educa.madrid.org\/cp.antoniomingote.alcala\/?p=3984"},"modified":"2026-09-02T14:17:31","modified_gmt":"2026-09-02T12:17:31","slug":"bienvenidos-al-nuevo-curso","status":"publish","type":"post","link":"https:\/\/site.educa.madrid.org\/cp.antoniomingote.alcala\/index.php\/2026\/09\/02\/bienvenidos-al-nuevo-curso\/","title":{"rendered":"\u00a1Bienvenidos al nuevo curso!"},"content":{"rendered":"\n<p>A todas las familias y alumnos que se incorporan por primera vez al colegio, les\u00a0damos la bienvenida y les animamos a ilusionarse con nuestro proyecto para\u00a0conseguir con trabajo los objetivos propuestos.\u00a0<\/p>\n\n\n\n<p>Teniendo en cuenta las instrucciones dictadas por la Comunidad de Madrid, os&nbsp; ofrecemos las siguientes informaciones de cara a los primeros d\u00edas de curso:&nbsp;<\/p>\n\n\n\n<div style=\"height:32px\" aria-hidden=\"true\" class=\"wp-block-spacer\"><\/div>\n\n\n\n<h2 class=\"wp-block-heading\"><strong>INICIO Y FINAL DEL CURSO LECTIVO: <\/strong><strong>&nbsp;<\/strong><\/h2>\n\n\n\n<p>Comenzaremos el lunes 7 de septiembre y finalizaremos el viernes 18 de junio.&nbsp;&nbsp;<\/p>\n\n\n\n<div style=\"height:32px\" aria-hidden=\"true\" class=\"wp-block-spacer\"><\/div>\n\n\n\n<h2 class=\"wp-block-heading\"><strong>HORARIO GENERAL DEL CENTRO: <\/strong><strong>&nbsp;<\/strong><\/h2>\n\n\n\n<figure class=\"wp-block-table is-style-stripes\"><table class=\"has-fixed-layout\"><tbody><tr><td>Los primeros del cole&nbsp;<\/td><td>Septiembre a junio: 7:00 a 9:00 h<\/td><\/tr><tr><td>Guarder\u00eda&nbsp;<\/td><td>Septiembre a junio: 8:30 a 9:00 h<\/td><\/tr><tr><td>Horario de clases&nbsp;<\/td><td>Septiembre y junio: 9:00 a 13:00 h Octubre a mayo: 9:00 a 14:00 h<\/td><\/tr><tr><td>Comedor (2 turnos)&nbsp;<\/td><td>Septiembre y junio: 13:00 a 15:00 h Octubre a mayo: 14:00 a 16:00 h<\/td><\/tr><tr><td>Actividades extraescolares&nbsp;<\/td><td>Septiembre y junio: no hay&nbsp;Octubre a mayo: 16:00 a 19:00 h<\/td><\/tr><\/tbody><\/table><\/figure>\n\n\n\n<div style=\"height:26px\" aria-hidden=\"true\" class=\"wp-block-spacer\"><\/div>\n\n\n\n<h2 class=\"wp-block-heading\"><strong>ENTRADAS Y SALIDAS DEL CENTRO HORARIO LECTIVO:<\/strong><strong>&nbsp;<\/strong><\/h2>\n\n\n\n<h3 class=\"wp-block-heading\">Educaci\u00f3n Infantil<\/h3>\n\n\n\n<p>Las familias podr\u00e1n acceder a las instalaciones para &nbsp;poder acompa\u00f1ar a sus hijos \/ as a las zonas ubicadas para la entrega.&nbsp;&nbsp;<\/p>\n\n\n\n<p>3 a\u00f1os: los grupos para el periodo de adaptaci\u00f3n lo facilitar\u00e1n &nbsp; las maestras tutoras del nivel al inicio de curso. La entrada ser\u00e1&nbsp;&nbsp;por la puerta 2 y deber\u00e1n girar a la derecha para poder acceder&nbsp;a la zona de 3 a\u00f1os.<\/p>\n\n\n\n<p>4 a\u00f1os y 5 a\u00f1os A: la entrada ser\u00e1 tambi\u00e9n por la misma puerta,&nbsp;&nbsp;pero en esta ocasi\u00f3n, nada m\u00e1s bajar las escaleras, girar\u00e1n a&nbsp;&nbsp;mano izquierda para llegar a la zona de 4 a\u00f1os.&nbsp;&nbsp;<\/p>\n\n\n\n<p>5 a\u00f1os B y C: los mayores de infantil entran por la puerta&nbsp;principal del pabell\u00f3n de infantil donde har\u00e1n una fila y&nbsp;&nbsp;esperar\u00e1n a que las maestras tutoras les recojan.&nbsp;&nbsp;<\/p>\n\n\n\n<h3 class=\"wp-block-heading\">Educaci\u00f3n primaria: &nbsp;<\/h3>\n\n\n\n<p>\u25aa 1\u00ba, 2\u00ba y 3\u00ba: entrada y salida por la puerta principal (conserjer\u00eda)&nbsp;<\/p>\n\n\n\n<p>\u25aa 4\u00ba, 5\u00ba y 6\u00ba: entrada y salida por la puerta 5 del colegio (pegada&nbsp;&nbsp;al parking e iglesia del barrio)&nbsp;&nbsp;<\/p>\n\n\n\n<div style=\"height:26px\" aria-hidden=\"true\" class=\"wp-block-spacer\"><\/div>\n\n\n\n<ul class=\"wp-block-list\">\n<li>Las puertas se abrir\u00e1n a las 8:55 h hasta las 9:05 h. &nbsp;<\/li>\n\n\n\n<li>Se ruega m\u00e1xima puntualidad.&nbsp;&nbsp;<\/li>\n\n\n\n<li>Los tutores y maestros especialistas recibir\u00e1n a los alumnos en las\u00a0aulas.\u00a0\u00a0<\/li>\n<\/ul>\n\n\n\n<figure class=\"wp-block-image size-large\"><img loading=\"lazy\" decoding=\"async\" width=\"1024\" height=\"724\" src=\"https:\/\/site.educa.madrid.org\/cp.antoniomingote.alcala\/\/wp-content\/uploads\/cp.antoniomingote.alcala\/2026\/09\/1-1024x724.png\" alt=\"\" class=\"wp-image-3989\" srcset=\"https:\/\/site.educa.madrid.org\/cp.antoniomingote.alcala\/\/wp-content\/uploads\/cp.antoniomingote.alcala\/2026\/09\/1-1024x724.png 1024w, https:\/\/site.educa.madrid.org\/cp.antoniomingote.alcala\/\/wp-content\/uploads\/cp.antoniomingote.alcala\/2026\/09\/1-300x212.png 300w, https:\/\/site.educa.madrid.org\/cp.antoniomingote.alcala\/\/wp-content\/uploads\/cp.antoniomingote.alcala\/2026\/09\/1-768x543.png 768w, https:\/\/site.educa.madrid.org\/cp.antoniomingote.alcala\/\/wp-content\/uploads\/cp.antoniomingote.alcala\/2026\/09\/1-1536x1086.png 1536w, https:\/\/site.educa.madrid.org\/cp.antoniomingote.alcala\/\/wp-content\/uploads\/cp.antoniomingote.alcala\/2026\/09\/1-2048x1448.png 2048w\" sizes=\"auto, (max-width: 1024px) 100vw, 1024px\" \/><\/figure>\n\n\n\n<div style=\"height:28px\" aria-hidden=\"true\" class=\"wp-block-spacer\"><\/div>\n\n\n\n<h2 class=\"wp-block-heading\"><strong>ENTRADAS LOS PRIMEROS EL COLE <\/strong><strong>&nbsp;<\/strong><\/h2>\n\n\n\n<p>Todos los alumnos que hagan uso de este servicio entrar\u00e1n por la &nbsp;puerta principal del colegio (la de conserjer\u00eda). Es una de las puertas&nbsp;m\u00e1s grandes. All\u00ed les recibir\u00e1 la coordinadora de comedor.&nbsp;<\/p>\n\n\n\n<div style=\"height:28px\" aria-hidden=\"true\" class=\"wp-block-spacer\"><\/div>\n\n\n\n<h2 class=\"wp-block-heading\">S<strong>ALIDAS DE COMEDOR<\/strong><strong>&nbsp;<\/strong><\/h2>\n\n\n\n<h3 class=\"wp-block-heading\">Infantil: &nbsp;<\/h3>\n\n\n\n<ul class=\"wp-block-list\">\n<li>3 a\u00f1os: los alumnos que hagan uso de este servicio saldr\u00e1n por &nbsp;el patio de 3 a\u00f1os. All\u00ed mismo les recoger\u00e1n las familias y ser\u00e1n&nbsp;las monitoras las encargadas de entregaros a los alumnos.&nbsp;&nbsp;<\/li>\n\n\n\n<li>4 y 5 a\u00f1os: saldr\u00e1n por el patio grande de la zona de infantil.&nbsp;&nbsp;<\/li>\n<\/ul>\n\n\n\n<h3 class=\"wp-block-heading\">Primaria:<\/h3>\n\n\n\n<ul class=\"wp-block-list\">\n<li>1\u00ba saldr\u00e1 por le patio grande de la zona de infantil. &nbsp;<\/li>\n\n\n\n<li>2\u00ba y 3\u00ba: los alumnos que hagan uso de este servicio saldr\u00e1n por la&nbsp;&nbsp;puerta principal (la de conserjer\u00eda).&nbsp;<\/li>\n\n\n\n<li>4\u00ba, 5\u00ba y 6\u00ba: por \u00faltimo, los m\u00e1s mayores del cole, les acompa\u00f1ar\u00e1 la&nbsp;monitora de comedor a la puerta 5 donde estar\u00e1n las familias&nbsp;esper\u00e1ndoles en la misma.&nbsp;<\/li>\n<\/ul>\n\n\n\n<figure class=\"wp-block-image size-large\"><img loading=\"lazy\" decoding=\"async\" width=\"1024\" height=\"724\" src=\"https:\/\/site.educa.madrid.org\/cp.antoniomingote.alcala\/\/wp-content\/uploads\/cp.antoniomingote.alcala\/2026\/09\/2-1024x724.png\" alt=\"\" class=\"wp-image-3990\" srcset=\"https:\/\/site.educa.madrid.org\/cp.antoniomingote.alcala\/\/wp-content\/uploads\/cp.antoniomingote.alcala\/2026\/09\/2-1024x724.png 1024w, https:\/\/site.educa.madrid.org\/cp.antoniomingote.alcala\/\/wp-content\/uploads\/cp.antoniomingote.alcala\/2026\/09\/2-300x212.png 300w, https:\/\/site.educa.madrid.org\/cp.antoniomingote.alcala\/\/wp-content\/uploads\/cp.antoniomingote.alcala\/2026\/09\/2-768x543.png 768w, https:\/\/site.educa.madrid.org\/cp.antoniomingote.alcala\/\/wp-content\/uploads\/cp.antoniomingote.alcala\/2026\/09\/2-1536x1086.png 1536w, https:\/\/site.educa.madrid.org\/cp.antoniomingote.alcala\/\/wp-content\/uploads\/cp.antoniomingote.alcala\/2026\/09\/2-2048x1448.png 2048w\" sizes=\"auto, (max-width: 1024px) 100vw, 1024px\" \/><\/figure>\n\n\n\n<div style=\"height:28px\" aria-hidden=\"true\" class=\"wp-block-spacer\"><\/div>\n\n\n\n<h2 class=\"wp-block-heading\"><strong>SALIDAS DE ALUMNOS EN HORARIO LECTIVO<\/strong><strong>&nbsp;<\/strong><\/h2>\n\n\n\n<p>Las familias se dirigir\u00e1n a la puerta principal del colegio y le &nbsp;comunicar\u00e1n a la Auxiliar de control y mantenimiento a por qu\u00e9 alumno&nbsp;vienen a recoger.&nbsp;&nbsp;<\/p>\n\n\n\n<p>A continuaci\u00f3n, tendr\u00e1n que firmar en el libro de registro de salidas para&nbsp;que conste que ese alumno \/ a ya no est\u00e1 en el centro.&nbsp;&nbsp;<\/p>\n\n\n\n<p class=\"has-medium-font-size\">Un saludo y nos vemos pronto.&nbsp;&nbsp;<\/p>\n\n\n\n<p><strong>El director del centro<\/strong>.&nbsp;&nbsp;<\/p>\n\n\n\n<p><strong>Juan Carlos Mor\u00e1n Rey.<\/strong><\/p>\n","protected":false},"excerpt":{"rendered":"<p>Aqu\u00ed os dejamos las informaciones m\u00e1s importantes para el inicio de curso: horario general del centro, entradas y salidas, primeros del cole y salidas de comedor.<\/p>\n","protected":false},"author":3,"featured_media":3494,"comment_status":"closed","ping_status":"open","sticky":false,"template":"","format":"standard","meta":{"footnotes":""},"categories":[11],"tags":[],"post_folder":[],"class_list":["post-3984","post","type-post","status-publish","format-standard","has-post-thumbnail","hentry","category-latest-news"],"rttpg_featured_image_url":{"full":["https:\/\/site.educa.madrid.org\/cp.antoniomingote.alcala\/\/wp-content\/uploads\/cp.antoniomingote.alcala\/2024\/09\/2148959033.jpg",1000,668,false],"landscape":["https:\/\/site.educa.madrid.org\/cp.antoniomingote.alcala\/\/wp-content\/uploads\/cp.antoniomingote.alcala\/2024\/09\/2148959033.jpg",1000,668,false],"portraits":["https:\/\/site.educa.madrid.org\/cp.antoniomingote.alcala\/\/wp-content\/uploads\/cp.antoniomingote.alcala\/2024\/09\/2148959033.jpg",1000,668,false],"thumbnail":["https:\/\/site.educa.madrid.org\/cp.antoniomingote.alcala\/\/wp-content\/uploads\/cp.antoniomingote.alcala\/2024\/09\/2148959033-150x150.jpg",150,150,true],"medium":["https:\/\/site.educa.madrid.org\/cp.antoniomingote.alcala\/\/wp-content\/uploads\/cp.antoniomingote.alcala\/2024\/09\/2148959033-300x200.jpg",300,200,true],"large":["https:\/\/site.educa.madrid.org\/cp.antoniomingote.alcala\/\/wp-content\/uploads\/cp.antoniomingote.alcala\/2024\/09\/2148959033.jpg",640,428,false],"thumblist":["https:\/\/site.educa.madrid.org\/cp.antoniomingote.alcala\/\/wp-content\/uploads\/cp.antoniomingote.alcala\/2024\/09\/2148959033-300x300.jpg",300,300,true],"thumbrelated":["https:\/\/site.educa.madrid.org\/cp.antoniomingote.alcala\/\/wp-content\/uploads\/cp.antoniomingote.alcala\/2024\/09\/2148959033-500x500.jpg",500,500,true],"meccarouselthumb":["https:\/\/site.educa.madrid.org\/cp.antoniomingote.alcala\/\/wp-content\/uploads\/cp.antoniomingote.alcala\/2024\/09\/2148959033-474x324.jpg",474,324,true],"gridsquare":["https:\/\/site.educa.madrid.org\/cp.antoniomingote.alcala\/\/wp-content\/uploads\/cp.antoniomingote.alcala\/2024\/09\/2148959033-391x260.jpg",391,260,true],"tileview":["https:\/\/site.educa.madrid.org\/cp.antoniomingote.alcala\/\/wp-content\/uploads\/cp.antoniomingote.alcala\/2024\/09\/2148959033-300x400.jpg",300,400,true],"1536x1536":["https:\/\/site.educa.madrid.org\/cp.antoniomingote.alcala\/\/wp-content\/uploads\/cp.antoniomingote.alcala\/2024\/09\/2148959033.jpg",1000,668,false],"2048x2048":["https:\/\/site.educa.madrid.org\/cp.antoniomingote.alcala\/\/wp-content\/uploads\/cp.antoniomingote.alcala\/2024\/09\/2148959033.jpg",1000,668,false],"sow-carousel-default":["https:\/\/site.educa.madrid.org\/cp.antoniomingote.alcala\/\/wp-content\/uploads\/cp.antoniomingote.alcala\/2024\/09\/2148959033-272x182.jpg",272,182,true],"sow-post-carousel-overlay-theme":["https:\/\/site.educa.madrid.org\/cp.antoniomingote.alcala\/\/wp-content\/uploads\/cp.antoniomingote.alcala\/2024\/09\/2148959033.jpg",360,240,false],"sow-post-carousel-cards-theme":["https:\/\/site.educa.madrid.org\/cp.antoniomingote.alcala\/\/wp-content\/uploads\/cp.antoniomingote.alcala\/2024\/09\/2148959033.jpg",360,240,false],"rt_custom":["https:\/\/site.educa.madrid.org\/cp.antoniomingote.alcala\/\/wp-content\/uploads\/cp.antoniomingote.alcala\/2024\/09\/2148959033.jpg",1000,668,false]},"rttpg_author":{"display_name":"cp.antoniomingote.alcala","author_link":"https:\/\/site.educa.madrid.org\/cp.antoniomingote.alcala\/index.php\/author\/cuenta_cp-antoniomingote-alcala\/"},"rttpg_comment":0,"rttpg_category":"<a href=\"https:\/\/site.educa.madrid.org\/cp.antoniomingote.alcala\/index.php\/category\/latest-news\/\" rel=\"category tag\">Latest News<\/a>","rttpg_excerpt":"Aqu\u00ed os dejamos las informaciones m\u00e1s importantes para el inicio de curso: horario general del centro, entradas y salidas, primeros del cole y salidas de comedor.","post_mailing_queue_ids":[],"_links":{"self":[{"href":"https:\/\/site.educa.madrid.org\/cp.antoniomingote.alcala\/index.php\/wp-json\/wp\/v2\/posts\/3984","targetHints":{"allow":["GET"]}}],"collection":[{"href":"https:\/\/site.educa.madrid.org\/cp.antoniomingote.alcala\/index.php\/wp-json\/wp\/v2\/posts"}],"about":[{"href":"https:\/\/site.educa.madrid.org\/cp.antoniomingote.alcala\/index.php\/wp-json\/wp\/v2\/types\/post"}],"author":[{"embeddable":true,"href":"https:\/\/site.educa.madrid.org\/cp.antoniomingote.alcala\/index.php\/wp-json\/wp\/v2\/users\/3"}],"replies":[{"embeddable":true,"href":"https:\/\/site.educa.madrid.org\/cp.antoniomingote.alcala\/index.php\/wp-json\/wp\/v2\/comments?post=3984"}],"version-history":[{"count":4,"href":"https:\/\/site.educa.madrid.org\/cp.antoniomingote.alcala\/index.php\/wp-json\/wp\/v2\/posts\/3984\/revisions"}],"predecessor-version":[{"id":3992,"href":"https:\/\/site.educa.madrid.org\/cp.antoniomingote.alcala\/index.php\/wp-json\/wp\/v2\/posts\/3984\/revisions\/3992"}],"wp:featuredmedia":[{"embeddable":true,"href":"https:\/\/site.educa.madrid.org\/cp.antoniomingote.alcala\/index.php\/wp-json\/wp\/v2\/media\/3494"}],"wp:attachment":[{"href":"https:\/\/site.educa.madrid.org\/cp.antoniomingote.alcala\/index.php\/wp-json\/wp\/v2\/media?parent=3984"}],"wp:term":[{"taxonomy":"category","embeddable":true,"href":"https:\/\/site.educa.madrid.org\/cp.antoniomingote.alcala\/index.php\/wp-json\/wp\/v2\/categories?post=3984"},{"taxonomy":"post_tag","embeddable":true,"href":"https:\/\/site.educa.madrid.org\/cp.antoniomingote.alcala\/index.php\/wp-json\/wp\/v2\/tags?post=3984"},{"taxonomy":"post_folder","embeddable":true,"href":"https:\/\/site.educa.madrid.org\/cp.antoniomingote.alcala\/index.php\/wp-json\/wp\/v2\/post_folder?post=3984"}],"curies":[{"name":"wp","href":"https:\/\/api.w.org\/{rel}","templated":true}]}}