{"id":3928,"date":"2026-09-04T12:29:59","date_gmt":"2026-09-04T10:29:59","guid":{"rendered":"https:\/\/site.educa.madrid.org\/cp.cuba.madrid\/?p=3928"},"modified":"2026-09-04T12:36:39","modified_gmt":"2026-09-04T10:36:39","slug":"comienzo-de-curso-26-27","status":"publish","type":"post","link":"https:\/\/site.educa.madrid.org\/cp.cuba.madrid\/index.php\/2026\/09\/04\/comienzo-de-curso-26-27\/","title":{"rendered":"COMIENZO DE CURSO 26\/27"},"content":{"rendered":"<p>Queridas familias:<\/p>\n<p>Como muchos de vosotros sabr\u00e9is, os informamos que el pr\u00f3ximo lunes 078\/09\/2026 comenzar\u00e1 oficialmente el CURSO ESCOLAR 26\/27 para todos los alumnos. Despu\u00e9s del verano, el Equipo Docente viene con energ\u00edas renovadas y la ilusi\u00f3n de siempre para atajar este nuevo curso y dar la bienvenida a los alumnos.<\/p>\n<p>EN LA P\u00c1GINA INICIAL EST\u00c1N LAS INSTRUCCIONES GENERALES A TENER EN CUENTA PARA EL COMIENZO DEL CURSO. POR FAVOR, LEEDLAS ATENTAMENTE (informaci\u00f3n a las familias &gt; Lea con atenci\u00f3n el siguiente documento).<\/p>\n<p>\u00a1Nos vemos el lunes 07\/09\/2026<\/p>\n","protected":false},"excerpt":{"rendered":"<p>Queridas familias: Como muchos de vosotros sabr\u00e9is, os informamos que el pr\u00f3ximo lunes 078\/09\/2026 comenzar\u00e1 oficialmente el CURSO ESCOLAR 26\/27 para todos los alumnos. Despu\u00e9s del verano, el Equipo Docente viene con energ\u00edas renovadas y la ilusi\u00f3n de siempre para atajar este nuevo curso y dar la bienvenida a los alumnos. EN LA P\u00c1GINA INICIAL [&hellip;]<\/p>\n","protected":false},"author":3,"featured_media":3929,"comment_status":"open","ping_status":"open","sticky":false,"template":"","format":"standard","meta":{"footnotes":""},"categories":[1],"tags":[],"post_folder":[],"class_list":["post-3928","post","type-post","status-publish","format-standard","has-post-thumbnail","hentry","category-sin-categoria"],"rttpg_featured_image_url":{"full":["https:\/\/site.educa.madrid.org\/cp.cuba.madrid\/\/wp-content\/uploads\/cp.cuba.madrid\/2026\/09\/miniatura-inicio-de-curso.jpg",1024,800,false],"landscape":["https:\/\/site.educa.madrid.org\/cp.cuba.madrid\/\/wp-content\/uploads\/cp.cuba.madrid\/2026\/09\/miniatura-inicio-de-curso.jpg",1024,800,false],"portraits":["https:\/\/site.educa.madrid.org\/cp.cuba.madrid\/\/wp-content\/uploads\/cp.cuba.madrid\/2026\/09\/miniatura-inicio-de-curso.jpg",1024,800,false],"thumbnail":["https:\/\/site.educa.madrid.org\/cp.cuba.madrid\/\/wp-content\/uploads\/cp.cuba.madrid\/2026\/09\/miniatura-inicio-de-curso-150x150.jpg",150,150,true],"medium":["https:\/\/site.educa.madrid.org\/cp.cuba.madrid\/\/wp-content\/uploads\/cp.cuba.madrid\/2026\/09\/miniatura-inicio-de-curso-300x234.jpg",300,234,true],"large":["https:\/\/site.educa.madrid.org\/cp.cuba.madrid\/\/wp-content\/uploads\/cp.cuba.madrid\/2026\/09\/miniatura-inicio-de-curso.jpg",640,500,false],"thumblist":["https:\/\/site.educa.madrid.org\/cp.cuba.madrid\/\/wp-content\/uploads\/cp.cuba.madrid\/2026\/09\/miniatura-inicio-de-curso-300x300.jpg",300,300,true],"thumbrelated":["https:\/\/site.educa.madrid.org\/cp.cuba.madrid\/\/wp-content\/uploads\/cp.cuba.madrid\/2026\/09\/miniatura-inicio-de-curso-500x500.jpg",500,500,true],"meccarouselthumb":["https:\/\/site.educa.madrid.org\/cp.cuba.madrid\/\/wp-content\/uploads\/cp.cuba.madrid\/2026\/09\/miniatura-inicio-de-curso-474x324.jpg",474,324,true],"gridsquare":["https:\/\/site.educa.madrid.org\/cp.cuba.madrid\/\/wp-content\/uploads\/cp.cuba.madrid\/2026\/09\/miniatura-inicio-de-curso-391x260.jpg",391,260,true],"tileview":["https:\/\/site.educa.madrid.org\/cp.cuba.madrid\/\/wp-content\/uploads\/cp.cuba.madrid\/2026\/09\/miniatura-inicio-de-curso-300x400.jpg",300,400,true],"1536x1536":["https:\/\/site.educa.madrid.org\/cp.cuba.madrid\/\/wp-content\/uploads\/cp.cuba.madrid\/2026\/09\/miniatura-inicio-de-curso.jpg",1024,800,false],"2048x2048":["https:\/\/site.educa.madrid.org\/cp.cuba.madrid\/\/wp-content\/uploads\/cp.cuba.madrid\/2026\/09\/miniatura-inicio-de-curso.jpg",1024,800,false],"total-portfolio-thumb":["https:\/\/site.educa.madrid.org\/cp.cuba.madrid\/\/wp-content\/uploads\/cp.cuba.madrid\/2026\/09\/miniatura-inicio-de-curso-400x400.jpg",400,400,true],"total-team-thumb":["https:\/\/site.educa.madrid.org\/cp.cuba.madrid\/\/wp-content\/uploads\/cp.cuba.madrid\/2026\/09\/miniatura-inicio-de-curso-350x420.jpg",350,420,true],"total-blog-thumb":["https:\/\/site.educa.madrid.org\/cp.cuba.madrid\/\/wp-content\/uploads\/cp.cuba.madrid\/2026\/09\/miniatura-inicio-de-curso-400x280.jpg",400,280,true],"total-thumb":["https:\/\/site.educa.madrid.org\/cp.cuba.madrid\/\/wp-content\/uploads\/cp.cuba.madrid\/2026\/09\/miniatura-inicio-de-curso-100x100.jpg",100,100,true],"total-blog-header":["https:\/\/site.educa.madrid.org\/cp.cuba.madrid\/\/wp-content\/uploads\/cp.cuba.madrid\/2026\/09\/miniatura-inicio-de-curso-720x360.jpg",720,360,true],"sow-carousel-default":["https:\/\/site.educa.madrid.org\/cp.cuba.madrid\/\/wp-content\/uploads\/cp.cuba.madrid\/2026\/09\/miniatura-inicio-de-curso-272x182.jpg",272,182,true],"sow-post-carousel-overlay-theme":["https:\/\/site.educa.madrid.org\/cp.cuba.madrid\/\/wp-content\/uploads\/cp.cuba.madrid\/2026\/09\/miniatura-inicio-de-curso-360x476.jpg",360,476,true],"sow-post-carousel-cards-theme":["https:\/\/site.educa.madrid.org\/cp.cuba.madrid\/\/wp-content\/uploads\/cp.cuba.madrid\/2026\/09\/miniatura-inicio-de-curso-360x240.jpg",360,240,true],"rt_custom":["https:\/\/site.educa.madrid.org\/cp.cuba.madrid\/\/wp-content\/uploads\/cp.cuba.madrid\/2026\/09\/miniatura-inicio-de-curso.jpg",1024,800,false]},"rttpg_author":{"display_name":"cp.cuba.madrid","author_link":"https:\/\/site.educa.madrid.org\/cp.cuba.madrid\/index.php\/author\/cuenta_cp-cuba-madrid\/"},"rttpg_comment":0,"rttpg_category":"<a href=\"https:\/\/site.educa.madrid.org\/cp.cuba.madrid\/index.php\/category\/sin-categoria\/\" rel=\"category tag\">Sin categor\u00eda<\/a>","rttpg_excerpt":"Queridas familias: Como muchos de vosotros sabr\u00e9is, os informamos que el pr\u00f3ximo lunes 078\/09\/2026 comenzar\u00e1 oficialmente el CURSO ESCOLAR 26\/27 para todos los alumnos. Despu\u00e9s del verano, el Equipo Docente viene con energ\u00edas renovadas y la ilusi\u00f3n de siempre para atajar este nuevo curso y dar la bienvenida a los alumnos. EN LA P\u00c1GINA INICIAL&hellip;","post_mailing_queue_ids":[],"_links":{"self":[{"href":"https:\/\/site.educa.madrid.org\/cp.cuba.madrid\/index.php\/wp-json\/wp\/v2\/posts\/3928","targetHints":{"allow":["GET"]}}],"collection":[{"href":"https:\/\/site.educa.madrid.org\/cp.cuba.madrid\/index.php\/wp-json\/wp\/v2\/posts"}],"about":[{"href":"https:\/\/site.educa.madrid.org\/cp.cuba.madrid\/index.php\/wp-json\/wp\/v2\/types\/post"}],"author":[{"embeddable":true,"href":"https:\/\/site.educa.madrid.org\/cp.cuba.madrid\/index.php\/wp-json\/wp\/v2\/users\/3"}],"replies":[{"embeddable":true,"href":"https:\/\/site.educa.madrid.org\/cp.cuba.madrid\/index.php\/wp-json\/wp\/v2\/comments?post=3928"}],"version-history":[{"count":2,"href":"https:\/\/site.educa.madrid.org\/cp.cuba.madrid\/index.php\/wp-json\/wp\/v2\/posts\/3928\/revisions"}],"predecessor-version":[{"id":3932,"href":"https:\/\/site.educa.madrid.org\/cp.cuba.madrid\/index.php\/wp-json\/wp\/v2\/posts\/3928\/revisions\/3932"}],"wp:featuredmedia":[{"embeddable":true,"href":"https:\/\/site.educa.madrid.org\/cp.cuba.madrid\/index.php\/wp-json\/wp\/v2\/media\/3929"}],"wp:attachment":[{"href":"https:\/\/site.educa.madrid.org\/cp.cuba.madrid\/index.php\/wp-json\/wp\/v2\/media?parent=3928"}],"wp:term":[{"taxonomy":"category","embeddable":true,"href":"https:\/\/site.educa.madrid.org\/cp.cuba.madrid\/index.php\/wp-json\/wp\/v2\/categories?post=3928"},{"taxonomy":"post_tag","embeddable":true,"href":"https:\/\/site.educa.madrid.org\/cp.cuba.madrid\/index.php\/wp-json\/wp\/v2\/tags?post=3928"},{"taxonomy":"post_folder","embeddable":true,"href":"https:\/\/site.educa.madrid.org\/cp.cuba.madrid\/index.php\/wp-json\/wp\/v2\/post_folder?post=3928"}],"curies":[{"name":"wp","href":"https:\/\/api.w.org\/{rel}","templated":true}]}}