{"id":3866,"date":"2026-08-28T10:52:28","date_gmt":"2026-08-28T08:52:28","guid":{"rendered":"https:\/\/site.educa.madrid.org\/cp.daoizyvelarde.alcala\/?p=3866"},"modified":"2026-08-28T10:52:28","modified_gmt":"2026-08-28T08:52:28","slug":"calendario-escolar-2026-2027","status":"publish","type":"post","link":"https:\/\/site.educa.madrid.org\/cp.daoizyvelarde.alcala\/index.php\/2026\/08\/28\/calendario-escolar-2026-2027\/","title":{"rendered":"CALENDARIO ESCOLAR 2026-2027"},"content":{"rendered":"<h1><strong>Calendario Escolar 2026-2027<\/strong><\/h1>\n<p>Ya est\u00e1 disponible el <a href=\"https:\/\/www.educa2.madrid.org\/web\/calendario-escolar-de-la-comunidad-de-madrid\/calendario-escolar-26-27\">calendario escolar<\/a> para el curso 2026-2027. En \u00e9l se pueden consultar las fechas m\u00e1s importantes del curso, incluyendo periodos lectivos, vacaciones y d\u00edas no lectivos.<\/p>\n<h4>\ud83d\udcc5 Inicio de las clases: 7 de septiembre de 2026<\/h4>\n<p>&nbsp;<\/p>\n","protected":false},"excerpt":{"rendered":"<p>Calendario Escolar 2026-2027 Ya est\u00e1 disponible el calendario escolar para el curso 2026-2027. En \u00e9l se pueden consultar las fechas m\u00e1s importantes [&hellip;]<\/p>\n","protected":false},"author":2,"featured_media":3867,"comment_status":"open","ping_status":"open","sticky":false,"template":"","format":"standard","meta":{"footnotes":""},"categories":[9],"tags":[],"post_folder":[],"class_list":["post-3866","post","type-post","status-publish","format-standard","has-post-thumbnail","hentry","category-novedades"],"rttpg_featured_image_url":{"full":["https:\/\/site.educa.madrid.org\/cp.daoizyvelarde.alcala\/\/wp-content\/uploads\/cp.daoizyvelarde.alcala\/2026\/08\/Designer-5.jpg",1536,1024,false],"landscape":["https:\/\/site.educa.madrid.org\/cp.daoizyvelarde.alcala\/\/wp-content\/uploads\/cp.daoizyvelarde.alcala\/2026\/08\/Designer-5.jpg",1536,1024,false],"portraits":["https:\/\/site.educa.madrid.org\/cp.daoizyvelarde.alcala\/\/wp-content\/uploads\/cp.daoizyvelarde.alcala\/2026\/08\/Designer-5.jpg",1536,1024,false],"thumbnail":["https:\/\/site.educa.madrid.org\/cp.daoizyvelarde.alcala\/\/wp-content\/uploads\/cp.daoizyvelarde.alcala\/2026\/08\/Designer-5-150x150.jpg",150,150,true],"medium":["https:\/\/site.educa.madrid.org\/cp.daoizyvelarde.alcala\/\/wp-content\/uploads\/cp.daoizyvelarde.alcala\/2026\/08\/Designer-5-300x200.jpg",300,200,true],"large":["https:\/\/site.educa.madrid.org\/cp.daoizyvelarde.alcala\/\/wp-content\/uploads\/cp.daoizyvelarde.alcala\/2026\/08\/Designer-5-1024x683.jpg",1024,683,true],"thumblist":["https:\/\/site.educa.madrid.org\/cp.daoizyvelarde.alcala\/\/wp-content\/uploads\/cp.daoizyvelarde.alcala\/2026\/08\/Designer-5-300x300.jpg",300,300,true],"thumbrelated":["https:\/\/site.educa.madrid.org\/cp.daoizyvelarde.alcala\/\/wp-content\/uploads\/cp.daoizyvelarde.alcala\/2026\/08\/Designer-5-500x500.jpg",500,500,true],"meccarouselthumb":["https:\/\/site.educa.madrid.org\/cp.daoizyvelarde.alcala\/\/wp-content\/uploads\/cp.daoizyvelarde.alcala\/2026\/08\/Designer-5-474x324.jpg",474,324,true],"gridsquare":["https:\/\/site.educa.madrid.org\/cp.daoizyvelarde.alcala\/\/wp-content\/uploads\/cp.daoizyvelarde.alcala\/2026\/08\/Designer-5-391x260.jpg",391,260,true],"tileview":["https:\/\/site.educa.madrid.org\/cp.daoizyvelarde.alcala\/\/wp-content\/uploads\/cp.daoizyvelarde.alcala\/2026\/08\/Designer-5-300x400.jpg",300,400,true],"1536x1536":["https:\/\/site.educa.madrid.org\/cp.daoizyvelarde.alcala\/\/wp-content\/uploads\/cp.daoizyvelarde.alcala\/2026\/08\/Designer-5.jpg",1536,1024,false],"2048x2048":["https:\/\/site.educa.madrid.org\/cp.daoizyvelarde.alcala\/\/wp-content\/uploads\/cp.daoizyvelarde.alcala\/2026\/08\/Designer-5.jpg",1536,1024,false],"sydney-large-thumb":["https:\/\/site.educa.madrid.org\/cp.daoizyvelarde.alcala\/\/wp-content\/uploads\/cp.daoizyvelarde.alcala\/2026\/08\/Designer-5-1000x667.jpg",1000,667,true],"sydney-medium-thumb":["https:\/\/site.educa.madrid.org\/cp.daoizyvelarde.alcala\/\/wp-content\/uploads\/cp.daoizyvelarde.alcala\/2026\/08\/Designer-5-550x400.jpg",550,400,true],"sydney-small-thumb":["https:\/\/site.educa.madrid.org\/cp.daoizyvelarde.alcala\/\/wp-content\/uploads\/cp.daoizyvelarde.alcala\/2026\/08\/Designer-5-230x153.jpg",230,153,true],"sydney-service-thumb":["https:\/\/site.educa.madrid.org\/cp.daoizyvelarde.alcala\/\/wp-content\/uploads\/cp.daoizyvelarde.alcala\/2026\/08\/Designer-5-350x233.jpg",350,233,true],"sydney-mas-thumb":["https:\/\/site.educa.madrid.org\/cp.daoizyvelarde.alcala\/\/wp-content\/uploads\/cp.daoizyvelarde.alcala\/2026\/08\/Designer-5-480x320.jpg",480,320,true],"sow-carousel-default":["https:\/\/site.educa.madrid.org\/cp.daoizyvelarde.alcala\/\/wp-content\/uploads\/cp.daoizyvelarde.alcala\/2026\/08\/Designer-5-272x182.jpg",272,182,true],"sow-post-carousel-overlay-theme":["https:\/\/site.educa.madrid.org\/cp.daoizyvelarde.alcala\/\/wp-content\/uploads\/cp.daoizyvelarde.alcala\/2026\/08\/Designer-5-360x476.jpg",360,476,true],"sow-post-carousel-cards-theme":["https:\/\/site.educa.madrid.org\/cp.daoizyvelarde.alcala\/\/wp-content\/uploads\/cp.daoizyvelarde.alcala\/2026\/08\/Designer-5-360x240.jpg",360,240,true],"rt_custom":["https:\/\/site.educa.madrid.org\/cp.daoizyvelarde.alcala\/\/wp-content\/uploads\/cp.daoizyvelarde.alcala\/2026\/08\/Designer-5.jpg",1536,1024,false]},"rttpg_author":{"display_name":"tic.cp.daoizyvelarde.alcala","author_link":"https:\/\/site.educa.madrid.org\/cp.daoizyvelarde.alcala\/index.php\/author\/cuenta_tic-cp-daoizyvelarde-alcala\/"},"rttpg_comment":0,"rttpg_category":"<a href=\"https:\/\/site.educa.madrid.org\/cp.daoizyvelarde.alcala\/index.php\/category\/novedades\/\" rel=\"category tag\">Novedades<\/a>","rttpg_excerpt":"Calendario Escolar 2026-2027 Ya est\u00e1 disponible el calendario escolar para el curso 2026-2027. En \u00e9l se pueden consultar las fechas m\u00e1s importantes [&hellip;]","post_mailing_queue_ids":[],"_links":{"self":[{"href":"https:\/\/site.educa.madrid.org\/cp.daoizyvelarde.alcala\/index.php\/wp-json\/wp\/v2\/posts\/3866","targetHints":{"allow":["GET"]}}],"collection":[{"href":"https:\/\/site.educa.madrid.org\/cp.daoizyvelarde.alcala\/index.php\/wp-json\/wp\/v2\/posts"}],"about":[{"href":"https:\/\/site.educa.madrid.org\/cp.daoizyvelarde.alcala\/index.php\/wp-json\/wp\/v2\/types\/post"}],"author":[{"embeddable":true,"href":"https:\/\/site.educa.madrid.org\/cp.daoizyvelarde.alcala\/index.php\/wp-json\/wp\/v2\/users\/2"}],"replies":[{"embeddable":true,"href":"https:\/\/site.educa.madrid.org\/cp.daoizyvelarde.alcala\/index.php\/wp-json\/wp\/v2\/comments?post=3866"}],"version-history":[{"count":1,"href":"https:\/\/site.educa.madrid.org\/cp.daoizyvelarde.alcala\/index.php\/wp-json\/wp\/v2\/posts\/3866\/revisions"}],"predecessor-version":[{"id":3868,"href":"https:\/\/site.educa.madrid.org\/cp.daoizyvelarde.alcala\/index.php\/wp-json\/wp\/v2\/posts\/3866\/revisions\/3868"}],"wp:featuredmedia":[{"embeddable":true,"href":"https:\/\/site.educa.madrid.org\/cp.daoizyvelarde.alcala\/index.php\/wp-json\/wp\/v2\/media\/3867"}],"wp:attachment":[{"href":"https:\/\/site.educa.madrid.org\/cp.daoizyvelarde.alcala\/index.php\/wp-json\/wp\/v2\/media?parent=3866"}],"wp:term":[{"taxonomy":"category","embeddable":true,"href":"https:\/\/site.educa.madrid.org\/cp.daoizyvelarde.alcala\/index.php\/wp-json\/wp\/v2\/categories?post=3866"},{"taxonomy":"post_tag","embeddable":true,"href":"https:\/\/site.educa.madrid.org\/cp.daoizyvelarde.alcala\/index.php\/wp-json\/wp\/v2\/tags?post=3866"},{"taxonomy":"post_folder","embeddable":true,"href":"https:\/\/site.educa.madrid.org\/cp.daoizyvelarde.alcala\/index.php\/wp-json\/wp\/v2\/post_folder?post=3866"}],"curies":[{"name":"wp","href":"https:\/\/api.w.org\/{rel}","templated":true}]}}