{"id":25596,"date":"2026-08-27T18:29:17","date_gmt":"2026-08-27T16:29:17","guid":{"rendered":"https:\/\/site.educa.madrid.org\/cp.infantaleonor.sanagustin\/?p=25596"},"modified":"2026-08-27T18:35:21","modified_gmt":"2026-08-27T16:35:21","slug":"proyecto-radio-infanta","status":"publish","type":"post","link":"https:\/\/site.educa.madrid.org\/cp.infantaleonor.sanagustin\/index.php\/2026\/08\/27\/proyecto-radio-infanta\/","title":{"rendered":"Proyecto Radio Infanta"},"content":{"rendered":"\n<div class=\"wp-block-rttpg-row alignfull rttpg-block-postgrid rttpg-block-2b8cf5 rttpg-block rttpg-row-wrap rttpg-block-frontend\" style=\"--d-gap-x:55px;--t-gap-x:20px;--m-gap-x:20px;--d-gap-y:20px;--t-gap-y:20px;--m-gap-y:20px\"><div class=\"rttpg-container\"><div class=\"rttpg-row\">\n<div class=\"wp-block-rttpg-column rttpg-block-postgrid rttpg-block-237449 rttpg-block rttpg-column rttpg-block-frontend\"><div id=\"pl-gb25596-6a9748b222acd\"  class=\"panel-layout wp-block-siteorigin-panels-layout-block panel-layout\" ><div id=\"pg-gb25596-6a9748b222acd-0\"  class=\"panel-grid panel-has-style\" ><div style=\"padding: 0px 0; \" data-overlay=\"true\" data-overlay-color=\"#000000\" class=\"panel-row-style panel-row-style-for-gb25596-6a9748b222acd-0\" ><div id=\"pgc-gb25596-6a9748b222acd-0-0\"  class=\"panel-grid-cell\" ><div id=\"panel-gb25596-6a9748b222acd-0-0-0\" class=\"so-panel widget widget_sow-hero panel-first-child panel-last-child\" data-index=\"0\" ><div style=\"text-align: left;\" data-title-color=\"#443f3f\" data-headings-color=\"#443f3f\" class=\"panel-widget-style panel-widget-style-for-gb25596-6a9748b222acd-0-0-0\" ><div\n\t\t\t\n\t\t\tclass=\"so-widget-sow-hero so-widget-sow-hero-default-93887bd4c318-25596 so-widget-fittext-wrapper\"\n\t\t\t data-fit-text-compressor=\"0.85\"\n\t\t>\t\t\t\t<div class=\"sow-slider-base\" style=\"display: none\" tabindex=\"0\">\n\t\t\t\t\t<ul\n\t\t\t\t\tclass=\"sow-slider-images\"\n\t\t\t\t\tdata-settings=\"{&quot;pagination&quot;:true,&quot;speed&quot;:400,&quot;timeout&quot;:8000,&quot;paused&quot;:true,&quot;pause_on_hover&quot;:false,&quot;swipe&quot;:&quot;&quot;,&quot;nav_always_show_desktop&quot;:&quot;&quot;,&quot;nav_always_show_mobile&quot;:&quot;&quot;,&quot;breakpoint&quot;:&quot;780px&quot;,&quot;unmute&quot;:false,&quot;anchor&quot;:null}\"\n\t\t\t\t\tstyle=\"min-height: 500px\"\t\t\t\t\tdata-anchor-id=\"\"\n\t\t\t\t>\t\t<li class=\"sow-slider-image  sow-slider-image-cover\" style=\"visibility: visible;;background-color: #ffffff\" >\n\t\t\t\t\t<div class=\"sow-slider-image-container\">\n\t\t\t<div class=\"sow-slider-image-wrapper\">\n\t\t\t\t<div class=\"et_pb_section et_pb_section_0 et_pb_section_video_on_hover et_pb_section_parallax_hover et_pb_with_background et_section_regular et_pb_section_first\" data-padding-tablet=\"|||\" data-fix-page-container=\"on\">\n<div class=\"et_pb_row et_pb_row_0\">\n<div class=\"et_pb_column et_pb_column_4_4 et_pb_column_0 et_pb_css_mix_blend_mode_passthrough et-last-child\">\n<div class=\"et_pb_module none divienhancer-hover-effect et_pb_text et_pb_text_0 et_pb_text_align_center et_pb_bg_layout_light\">\n<div class=\"et_pb_text_inner\">\n<h1 style=\"text-align: center\"><span style=\"color: #333399\">Radio Infanta<\/span><\/h1>\n<\/div>\n<\/div>\n<\/div>\n<\/div>\n<\/div>\n<div class=\"et_pb_with_border et_pb_section et_pb_section_1 et_section_regular\">\n<div class=\"et_pb_row et_pb_row_1 et_pb_equal_columns et_had_animation\">\n<div class=\"et_pb_column et_pb_column_4_4 et_pb_column_1 et_pb_css_mix_blend_mode_passthrough et-last-child\">\n<div class=\"et_pb_module none divienhancer-hover-effect et_pb_text et_pb_text_1 et_pb_text_align_center et_pb_bg_layout_light\">\n<div class=\"et_pb_text_inner\">\n<h5 style=\"text-align: center\"><span style=\"color: #000000\">No te pierdas el \u00a0V\u00eddeo Promocional \u00abRADIO INFANTA\u00bb, realizado por los alumnos del CEIP Infanta Leonor.<\/span><\/h5>\n<\/div>\n<\/div>\n<\/div>\n<\/div>\n<\/div>\n\t\t\t<\/div>\n\t\t<\/div>\n\t\t<div class=\"sow-slider-image-overlay sow-slider-image-cover\" style=\"opacity: 0.25;background-image: url(https:\/\/site.educa.madrid.org\/cp.infantaleonor.sanagustin\/\/wp-content\/uploads\/cp.infantaleonor.sanagustin\/2025\/05\/Chroma-IV.jpg)\"  ><\/div>\t\t<\/li>\n\t\t<\/ul>\t\t\t\t<ol class=\"sow-slider-pagination\">\n\t\t\t\t\t\t\t\t\t\t\t<li><a href=\"#\" data-goto=\"0\" aria-label=\"Display slide 1\"><\/a><\/li>\n\t\t\t\t\t\t\t\t\t<\/ol>\n\n\t\t\t\t<div class=\"sow-slide-nav sow-slide-nav-next\">\n\t\t\t\t\t<a href=\"#\" data-goto=\"next\" aria-label=\"Next slide\" data-action=\"next\">\n\t\t\t\t\t\t<em class=\"sow-sld-icon-thin-right\"><\/em>\n\t\t\t\t\t<\/a>\n\t\t\t\t<\/div>\n\n\t\t\t\t<div class=\"sow-slide-nav sow-slide-nav-prev\">\n\t\t\t\t\t<a href=\"#\" data-goto=\"previous\" aria-label=\"Previous slide\" data-action=\"prev\">\n\t\t\t\t\t\t<em class=\"sow-sld-icon-thin-left\"><\/em>\n\t\t\t\t\t<\/a>\n\t\t\t\t<\/div>\n\t\t\t\t<\/div><\/div><\/div><\/div><\/div><\/div><\/div><\/div><\/div>\n\n\n\n<div class=\"wp-block-rttpg-column rttpg-block-postgrid rttpg-block-ff9555 rttpg-block rttpg-column rttpg-block-frontend\"><div id=\"pl-gb25596-6a9748b223e22\"  class=\"panel-layout wp-block-siteorigin-panels-layout-block panel-layout\" ><div id=\"pg-gb25596-6a9748b223e22-0\"  class=\"panel-grid panel-has-style\" ><div style=\"padding: 0px 0; \" data-overlay=\"true\" data-overlay-color=\"#000000\" class=\"panel-row-style panel-row-style-for-gb25596-6a9748b223e22-0\" ><div id=\"pgc-gb25596-6a9748b223e22-0-0\"  class=\"panel-grid-cell\" ><div id=\"panel-gb25596-6a9748b223e22-0-0-0\" class=\"so-panel widget widget_sow-editor panel-first-child panel-last-child\" data-index=\"0\" ><div style=\"text-align: left;\" data-title-color=\"#443f3f\" data-headings-color=\"#443f3f\" class=\"panel-widget-style panel-widget-style-for-gb25596-6a9748b223e22-0-0-0\" ><div\n\t\t\t\n\t\t\tclass=\"so-widget-sow-editor so-widget-sow-editor-base\"\n\t\t\t\n\t\t>\n<div class=\"siteorigin-widget-tinymce textwidget\">\n\t<h2><span style=\"color: #00ff00;\">\u00a1Escucha los \u00faltimos podcasts!<\/span><\/h2>\n<h3><b>Ponte al d\u00eda con Radio Infanta<\/b><\/h3>\n<h4>Adivinanzas, animales en peligro de extinci\u00f3n, nuestro libro recomendado y la entrevista de la semana.<\/h4>\n<p>&nbsp;<\/p>\n<\/div>\n<\/div><\/div><\/div><\/div><\/div><\/div><\/div><\/div>\n\n\n\n<div class=\"wp-block-rttpg-column rttpg-block-postgrid rttpg-block-a23f81 rttpg-block rttpg-column rttpg-block-frontend\"><div id=\"pl-gb25596-6a9748b224478\"  class=\"panel-layout wp-block-siteorigin-panels-layout-block panel-layout\" ><div id=\"pg-gb25596-6a9748b224478-0\"  class=\"panel-grid panel-has-style\" ><div style=\"padding: 0px 0; \" data-overlay=\"true\" data-overlay-color=\"#000000\" class=\"panel-row-style panel-row-style-for-gb25596-6a9748b224478-0\" ><div id=\"pgc-gb25596-6a9748b224478-0-0\"  class=\"panel-grid-cell\" ><div id=\"panel-gb25596-6a9748b224478-0-0-0\" class=\"so-panel widget widget_sow-image panel-first-child panel-last-child\" data-index=\"0\" ><div style=\"text-align: left;\" data-title-color=\"#443f3f\" data-headings-color=\"#443f3f\" class=\"panel-widget-style panel-widget-style-for-gb25596-6a9748b224478-0-0-0\" ><div\n\t\t\t\n\t\t\tclass=\"so-widget-sow-image so-widget-sow-image-default-e8513d21b1d5-25596\"\n\t\t\t\n\t\t>\n<div class=\"sow-image-container\">\n\t\t<img \n\tsrc=\"https:\/\/site.educa.madrid.org\/cp.infantaleonor.sanagustin\/\/wp-content\/uploads\/cp.infantaleonor.sanagustin\/2025\/05\/pexels-george-milton-6953871-768x772.jpg\" width=\"768\" height=\"772\" srcset=\"https:\/\/site.educa.madrid.org\/cp.infantaleonor.sanagustin\/\/wp-content\/uploads\/cp.infantaleonor.sanagustin\/2025\/05\/pexels-george-milton-6953871-768x772.jpg 768w, https:\/\/site.educa.madrid.org\/cp.infantaleonor.sanagustin\/\/wp-content\/uploads\/cp.infantaleonor.sanagustin\/2025\/05\/pexels-george-milton-6953871-1019x1024.jpg 1019w, https:\/\/site.educa.madrid.org\/cp.infantaleonor.sanagustin\/\/wp-content\/uploads\/cp.infantaleonor.sanagustin\/2025\/05\/pexels-george-milton-6953871-150x150.jpg 150w, https:\/\/site.educa.madrid.org\/cp.infantaleonor.sanagustin\/\/wp-content\/uploads\/cp.infantaleonor.sanagustin\/2025\/05\/pexels-george-milton-6953871-1000x1005.jpg 1000w, https:\/\/site.educa.madrid.org\/cp.infantaleonor.sanagustin\/\/wp-content\/uploads\/cp.infantaleonor.sanagustin\/2025\/05\/pexels-george-milton-6953871-230x231.jpg 230w, https:\/\/site.educa.madrid.org\/cp.infantaleonor.sanagustin\/\/wp-content\/uploads\/cp.infantaleonor.sanagustin\/2025\/05\/pexels-george-milton-6953871-350x352.jpg 350w, https:\/\/site.educa.madrid.org\/cp.infantaleonor.sanagustin\/\/wp-content\/uploads\/cp.infantaleonor.sanagustin\/2025\/05\/pexels-george-milton-6953871-480x482.jpg 480w, https:\/\/site.educa.madrid.org\/cp.infantaleonor.sanagustin\/\/wp-content\/uploads\/cp.infantaleonor.sanagustin\/2025\/05\/pexels-george-milton-6953871.jpg 1269w\" sizes=\"(max-width: 768px) 100vw, 768px\" alt=\"\" \t\tclass=\"so-widget-image\"\/>\n\t<\/div>\n\n<\/div><\/div><\/div><\/div><\/div><\/div><\/div><\/div>\n<\/div><\/div><\/div>\n\n\n\n<div class=\"wp-block-rttpg-row alignfull rttpg-block-postgrid rttpg-block-b57621 rttpg-block rttpg-row-wrap rttpg-block-frontend\" style=\"--d-gap-x:12px;--t-gap-x:20px;--m-gap-x:20px;--d-gap-y:20px;--t-gap-y:20px;--m-gap-y:20px\"><div class=\"rttpg-container\"><div class=\"rttpg-row\">\n<div class=\"wp-block-rttpg-column rttpg-block-postgrid rttpg-block-51832f rttpg-block rttpg-column rttpg-block-frontend\">\n<div class=\"wp-block-rttpg-row alignfull rttpg-block-postgrid rttpg-block-05fe7f rttpg-block rttpg-row-wrap rttpg-block-frontend\" style=\"--d-gap-x:20px;--t-gap-x:20px;--m-gap-x:20px;--d-gap-y:20px;--t-gap-y:20px;--m-gap-y:20px\"><div class=\"rttpg-container\"><div class=\"rttpg-row\">\n<div class=\"wp-block-rttpg-column rttpg-block-postgrid rttpg-block-67e022 rttpg-block rttpg-column rttpg-block-frontend\">\n<iframe loading=\"lazy\" src=\"https:\/\/mediateca.educa.madrid.org\/video\/z8dk7v7shyb8g2ef\/fs\" width=\"600\" height=\"400\" frameborder=\"0\" scrolling=\"no\" style=\"border:0;overflow:hidden\" allowfullscreen=\"\"><\/iframe>\n<\/div>\n<\/div><\/div><\/div>\n<\/div>\n\n\n\n<div class=\"wp-block-rttpg-column rttpg-block-postgrid rttpg-block-a76861 rttpg-block rttpg-column rttpg-block-frontend\">\n<div class=\"wp-block-rttpg-row alignfull rttpg-block-postgrid rttpg-block-352e15 rttpg-block rttpg-row-wrap rttpg-block-frontend\" style=\"--d-gap-x:20px;--t-gap-x:20px;--m-gap-x:20px;--d-gap-y:20px;--t-gap-y:20px;--m-gap-y:20px\"><div class=\"rttpg-container\"><div class=\"rttpg-row\">\n<div class=\"wp-block-rttpg-column rttpg-block-postgrid rttpg-block-cc984b rttpg-block rttpg-column rttpg-block-frontend\"><div id=\"pl-gb25596-6a9748b22538e\"  class=\"panel-layout wp-block-siteorigin-panels-layout-block panel-layout\" ><div id=\"pg-gb25596-6a9748b22538e-0\"  class=\"panel-grid panel-has-style\" ><div style=\"padding: 0px 0; \" data-overlay=\"true\" data-overlay-color=\"#000000\" class=\"panel-row-style panel-row-style-for-gb25596-6a9748b22538e-0\" ><div id=\"pgc-gb25596-6a9748b22538e-0-0\"  class=\"panel-grid-cell\" ><div id=\"panel-gb25596-6a9748b22538e-0-0-0\" class=\"so-panel widget widget_sow-button panel-first-child panel-last-child\" data-index=\"0\" ><div style=\"text-align: left;\" data-title-color=\"#443f3f\" data-headings-color=\"#443f3f\" class=\"panel-widget-style panel-widget-style-for-gb25596-6a9748b22538e-0-0-0\" ><div\n\t\t\t\n\t\t\tclass=\"so-widget-sow-button so-widget-sow-button-flat-ccedb17c292c-25596\"\n\t\t\t\n\t\t><div class=\"ow-button-base ow-button-align-center\"\n>\n\t\t\t<a\n\t\t\t\t\thref=\"https:\/\/mediateca.educa.madrid.org\/audio\/krmye29qcoxaxps1\"\n\t\t\t\t\tclass=\"sowb-button ow-icon-placement-left ow-button-hover\" target=\"_blank\" rel=\"noopener noreferrer\" \t>\n\t\t<span>\n\t\t\t\n\t\t\tCAP\u00cdTULO 1\t\t<\/span>\n\t\t\t<\/a>\n\t<\/div>\n<\/div><\/div><\/div><\/div><\/div><\/div><\/div><\/div>\n\n\n\n<div class=\"wp-block-rttpg-column rttpg-block-postgrid rttpg-block-95e8ad rttpg-block rttpg-column rttpg-block-frontend\"><div id=\"pl-gb25596-6a9748b225c68\"  class=\"panel-layout wp-block-siteorigin-panels-layout-block panel-layout\" ><div id=\"pg-gb25596-6a9748b225c68-0\"  class=\"panel-grid panel-has-style\" ><div style=\"padding: 0px 0; \" data-overlay=\"true\" data-overlay-color=\"#000000\" class=\"panel-row-style panel-row-style-for-gb25596-6a9748b225c68-0\" ><div id=\"pgc-gb25596-6a9748b225c68-0-0\"  class=\"panel-grid-cell\" ><div id=\"panel-gb25596-6a9748b225c68-0-0-0\" class=\"so-panel widget widget_sow-button panel-first-child panel-last-child\" data-index=\"0\" ><div style=\"text-align: left;\" data-title-color=\"#443f3f\" data-headings-color=\"#443f3f\" class=\"panel-widget-style panel-widget-style-for-gb25596-6a9748b225c68-0-0-0\" ><div\n\t\t\t\n\t\t\tclass=\"so-widget-sow-button so-widget-sow-button-flat-ccedb17c292c-25596\"\n\t\t\t\n\t\t><div class=\"ow-button-base ow-button-align-center\"\n>\n\t\t\t<a\n\t\t\t\t\thref=\"https:\/\/mediateca.educa.madrid.org\/audio\/dgt8uda3xidrbasq\"\n\t\t\t\t\tclass=\"sowb-button ow-icon-placement-left ow-button-hover\" target=\"_blank\" rel=\"noopener noreferrer\" \t>\n\t\t<span>\n\t\t\t\n\t\t\tCAP\u00cdTULO 2\t\t<\/span>\n\t\t\t<\/a>\n\t<\/div>\n<\/div><\/div><\/div><\/div><\/div><\/div><\/div><\/div>\n\n\n\n<div class=\"wp-block-rttpg-column rttpg-block-postgrid rttpg-block-c9819b rttpg-block rttpg-column rttpg-block-frontend\"><div id=\"pl-gb25596-6a9748b226139\"  class=\"panel-layout wp-block-siteorigin-panels-layout-block panel-layout\" ><div id=\"pg-gb25596-6a9748b226139-0\"  class=\"panel-grid panel-has-style\" ><div style=\"padding: 0px 0; \" data-overlay=\"true\" data-overlay-color=\"#000000\" class=\"panel-row-style panel-row-style-for-gb25596-6a9748b226139-0\" ><div id=\"pgc-gb25596-6a9748b226139-0-0\"  class=\"panel-grid-cell\" ><div id=\"panel-gb25596-6a9748b226139-0-0-0\" class=\"so-panel widget widget_sow-button panel-first-child panel-last-child\" data-index=\"0\" ><div style=\"text-align: left;\" data-title-color=\"#443f3f\" data-headings-color=\"#443f3f\" class=\"panel-widget-style panel-widget-style-for-gb25596-6a9748b226139-0-0-0\" ><div\n\t\t\t\n\t\t\tclass=\"so-widget-sow-button so-widget-sow-button-flat-ccedb17c292c-25596\"\n\t\t\t\n\t\t><div class=\"ow-button-base ow-button-align-center\"\n>\n\t\t\t<a\n\t\t\t\t\thref=\"https:\/\/mediateca.educa.madrid.org\/audio\/4prorvad9lha1yfp\"\n\t\t\t\t\tclass=\"sowb-button ow-icon-placement-left ow-button-hover\" target=\"_blank\" rel=\"noopener noreferrer\" \t>\n\t\t<span>\n\t\t\t\n\t\t\tCAP\u00cdTULO 3\t\t<\/span>\n\t\t\t<\/a>\n\t<\/div>\n<\/div><\/div><\/div><\/div><\/div><\/div><\/div><\/div>\n<\/div><\/div><\/div>\n<\/div>\n<\/div><\/div><\/div>\n\n\n\n<div class=\"wp-block-rttpg-row alignfull rttpg-block-postgrid rttpg-block-698c36 rttpg-block rttpg-row-wrap rttpg-block-frontend\" style=\"--d-gap-x:20px;--t-gap-x:20px;--m-gap-x:20px;--d-gap-y:20px;--t-gap-y:20px;--m-gap-y:20px\"><div class=\"rttpg-container\"><div class=\"rttpg-row\">\n<div class=\"wp-block-rttpg-column rttpg-block-postgrid rttpg-block-1ba56e rttpg-block rttpg-column rttpg-block-frontend\"><div id=\"pl-gb25596-6a9748b226821\"  class=\"panel-layout wp-block-siteorigin-panels-layout-block panel-layout\" ><div id=\"pg-gb25596-6a9748b226821-0\"  class=\"panel-grid panel-has-style\" ><div style=\"padding: 0px 0; \" data-overlay=\"true\" data-overlay-color=\"#000000\" class=\"panel-row-style panel-row-style-for-gb25596-6a9748b226821-0\" ><div id=\"pgc-gb25596-6a9748b226821-0-0\"  class=\"panel-grid-cell\" ><div id=\"panel-gb25596-6a9748b226821-0-0-0\" class=\"so-panel widget widget_sow-editor panel-first-child panel-last-child\" data-index=\"0\" ><div style=\"text-align: left;\" data-title-color=\"#443f3f\" data-headings-color=\"#443f3f\" class=\"panel-widget-style panel-widget-style-for-gb25596-6a9748b226821-0-0-0\" ><div\n\t\t\t\n\t\t\tclass=\"so-widget-sow-editor so-widget-sow-editor-base\"\n\t\t\t\n\t\t>\n<div class=\"siteorigin-widget-tinymce textwidget\">\n\t<h4 style=\"text-align: center;\"><span style=\"color: #000080;\">Audiocuento 1\u00baA<\/span><\/h4>\n<h5 style=\"text-align: center;\">Audiocuento sobre las aventuras de Super R grabado por alumnos de 1\u00baA de Educaci\u00f3n Primaria.<\/h5>\n<\/div>\n<\/div><\/div><\/div><\/div><\/div><\/div><div id=\"pg-gb25596-6a9748b226821-1\"  class=\"panel-grid panel-has-style\" ><div style=\"padding: 0px 0; \" data-overlay=\"true\" data-overlay-color=\"#000000\" class=\"panel-row-style panel-row-style-for-gb25596-6a9748b226821-1\" ><div id=\"pgc-gb25596-6a9748b226821-1-0\"  class=\"panel-grid-cell\" ><div id=\"panel-gb25596-6a9748b226821-1-0-0\" class=\"widget_text so-panel widget widget_custom_html panel-first-child panel-last-child\" data-index=\"1\" ><div style=\"text-align: center;\" data-title-color=\"#443f3f\" data-headings-color=\"#443f3f\" class=\"widget_text panel-widget-style panel-widget-style-for-gb25596-6a9748b226821-1-0-0\" ><div class=\"textwidget custom-html-widget\"><iframe loading=\"lazy\" src=\"https:\/\/mediateca.educa.madrid.org\/audio\/1ve3t8c7a2232bu3\/fs\" width=\"420\" height=\"40\" frameborder=\"0\" scrolling=\"no\" style=\"border:0;overflow:hidden\"><\/iframe><br \/><small><a href=\"https:\/\/mediateca.educa.madrid.org\/audio\/1ve3t8c7a2232bu3\">Audiocuento 1\u00baA (Mediateca de EducaMadrid)<\/a><\/small><\/div><\/div><\/div><\/div><\/div><\/div><\/div><\/div>\n<\/div><\/div><\/div>\n\n\n\n<div class=\"wp-block-rttpg-row alignfull rttpg-block-postgrid rttpg-block-b1f1ef rttpg-block rttpg-row-wrap rttpg-block-frontend\" style=\"--d-gap-x:20px;--t-gap-x:20px;--m-gap-x:20px;--d-gap-y:20px;--t-gap-y:20px;--m-gap-y:20px\"><div class=\"rttpg-container\"><div class=\"rttpg-row\">\n<div class=\"wp-block-rttpg-column rttpg-block-postgrid rttpg-block-b9e5d5 rttpg-block rttpg-column rttpg-block-frontend\"><div id=\"pl-gb25596-6a9748b226f12\"  class=\"panel-layout wp-block-siteorigin-panels-layout-block panel-layout\" ><div id=\"pg-gb25596-6a9748b226f12-0\"  class=\"panel-grid panel-has-style\" ><div style=\"padding: 0px 0; \" data-overlay=\"true\" data-overlay-color=\"#000000\" class=\"panel-row-style panel-row-style-for-gb25596-6a9748b226f12-0\" ><div id=\"pgc-gb25596-6a9748b226f12-0-0\"  class=\"panel-grid-cell\" ><div id=\"panel-gb25596-6a9748b226f12-0-0-0\" class=\"so-panel widget widget_sow-editor panel-first-child panel-last-child\" data-index=\"0\" ><div style=\"text-align: left;\" data-title-color=\"#443f3f\" data-headings-color=\"#443f3f\" class=\"panel-widget-style panel-widget-style-for-gb25596-6a9748b226f12-0-0-0\" ><div\n\t\t\t\n\t\t\tclass=\"so-widget-sow-editor so-widget-sow-editor-base\"\n\t\t\t\n\t\t>\n<div class=\"siteorigin-widget-tinymce textwidget\">\n\t<h4 style=\"text-align: center;\"><span style=\"color: #000080;\">Audiocuento 1\u00baB<\/span><\/h4>\n<h5 style=\"text-align: center;\">Audiocuento sobre las aventuras de Super R grabado por alumnos de 1\u00baB y 1\u00baC de Educaci\u00f3n Primaria.<\/h5>\n<\/div>\n<\/div><\/div><\/div><\/div><\/div><\/div><div id=\"pg-gb25596-6a9748b226f12-1\"  class=\"panel-grid panel-has-style\" ><div style=\"padding: 0px 0; \" data-overlay=\"true\" data-overlay-color=\"#000000\" class=\"panel-row-style panel-row-style-for-gb25596-6a9748b226f12-1\" ><div id=\"pgc-gb25596-6a9748b226f12-1-0\"  class=\"panel-grid-cell\" ><div id=\"panel-gb25596-6a9748b226f12-1-0-0\" class=\"widget_text so-panel widget widget_custom_html panel-first-child panel-last-child\" data-index=\"1\" ><div style=\"text-align: center;\" data-title-color=\"#443f3f\" data-headings-color=\"#443f3f\" class=\"widget_text panel-widget-style panel-widget-style-for-gb25596-6a9748b226f12-1-0-0\" ><div class=\"textwidget custom-html-widget\"><iframe loading=\"lazy\" src=\"https:\/\/mediateca.educa.madrid.org\/audio\/whp2oqpks5ia8tlx\/fs\" width=\"420\" height=\"40\" frameborder=\"0\" scrolling=\"no\" style=\"border:0;overflow:hidden\"><\/iframe><br \/><small><a href=\"https:\/\/mediateca.educa.madrid.org\/audio\/whp2oqpks5ia8tlx\">Audiocuento 1\u00baB y 1\u00baC (Mediateca de EducaMadrid)<\/a><\/small><\/div><\/div><\/div><\/div><\/div><\/div><\/div><\/div>\n<\/div><\/div><\/div>\n\n\n\n<div class=\"wp-block-rttpg-row alignfull rttpg-block-postgrid rttpg-block-b1b0c9 rttpg-block rttpg-row-wrap rttpg-block-frontend\" style=\"--d-gap-x:20px;--t-gap-x:20px;--m-gap-x:20px;--d-gap-y:20px;--t-gap-y:20px;--m-gap-y:20px\"><div class=\"rttpg-container\"><div class=\"rttpg-row\">\n<div class=\"wp-block-rttpg-column rttpg-block-postgrid rttpg-block-2a7979 rttpg-block rttpg-column rttpg-block-frontend\"><div id=\"pl-gb25596-6a9748b2275e0\"  class=\"panel-layout wp-block-siteorigin-panels-layout-block panel-layout\" ><div id=\"pg-gb25596-6a9748b2275e0-0\"  class=\"panel-grid panel-has-style\" ><div style=\"padding: 0px 0; \" data-overlay=\"true\" data-overlay-color=\"#000000\" class=\"panel-row-style panel-row-style-for-gb25596-6a9748b2275e0-0\" ><div id=\"pgc-gb25596-6a9748b2275e0-0-0\"  class=\"panel-grid-cell\" ><div id=\"panel-gb25596-6a9748b2275e0-0-0-0\" class=\"so-panel widget widget_sow-editor panel-first-child panel-last-child\" data-index=\"0\" ><div style=\"text-align: left;\" data-title-color=\"#443f3f\" data-headings-color=\"#443f3f\" class=\"panel-widget-style panel-widget-style-for-gb25596-6a9748b2275e0-0-0-0\" ><div\n\t\t\t\n\t\t\tclass=\"so-widget-sow-editor so-widget-sow-editor-base\"\n\t\t\t\n\t\t>\n<div class=\"siteorigin-widget-tinymce textwidget\">\n\t<h4 style=\"text-align: center;\"><span style=\"color: #000080;\">Biograf\u00edas 2\u00ba<\/span><\/h4>\n<h5 style=\"text-align: center;\">Cristiano Ronaldo<br \/>\nBiograf\u00eda del futbolista Cristiano Ronaldo, creada y grabada por alumnos de 2\u00baB de Educaci\u00f3n Primaria.<\/h5>\n<\/div>\n<\/div><\/div><\/div><\/div><\/div><\/div><div id=\"pg-gb25596-6a9748b2275e0-1\"  class=\"panel-grid panel-has-style\" ><div style=\"padding: 0px 0; \" data-overlay=\"true\" data-overlay-color=\"#000000\" class=\"panel-row-style panel-row-style-for-gb25596-6a9748b2275e0-1\" ><div id=\"pgc-gb25596-6a9748b2275e0-1-0\"  class=\"panel-grid-cell\" ><div id=\"panel-gb25596-6a9748b2275e0-1-0-0\" class=\"widget_text so-panel widget widget_custom_html panel-first-child panel-last-child\" data-index=\"1\" ><div style=\"text-align: center;\" data-title-color=\"#443f3f\" data-headings-color=\"#443f3f\" class=\"widget_text panel-widget-style panel-widget-style-for-gb25596-6a9748b2275e0-1-0-0\" ><div class=\"textwidget custom-html-widget\"><iframe loading=\"lazy\" src=\"https:\/\/mediateca.educa.madrid.org\/audio\/pa1dltlhpjg5hk13\/fs\" width=\"420\" height=\"40\" frameborder=\"0\" scrolling=\"no\" style=\"border:0;overflow:hidden\"><\/iframe><br \/><small><a href=\"https:\/\/mediateca.educa.madrid.org\/audio\/pa1dltlhpjg5hk13\">Biograf\u00eda de Cristiano Ronaldo (2\u00ba) (Mediateca de EducaMadrid)<\/a><\/small><\/div><\/div><\/div><\/div><\/div><\/div><\/div><\/div>\n<\/div><\/div><\/div>\n\n\n\n<div class=\"wp-block-rttpg-row alignfull rttpg-block-postgrid rttpg-block-df1fb9 rttpg-block rttpg-row-wrap rttpg-block-frontend\" style=\"--d-gap-x:20px;--t-gap-x:20px;--m-gap-x:20px;--d-gap-y:20px;--t-gap-y:20px;--m-gap-y:20px\"><div class=\"rttpg-container\"><div class=\"rttpg-row\">\n<div class=\"wp-block-rttpg-column rttpg-block-postgrid rttpg-block-2d7a82 rttpg-block rttpg-column rttpg-block-frontend\"><div id=\"pl-gb25596-6a9748b227c82\"  class=\"panel-layout wp-block-siteorigin-panels-layout-block panel-layout\" ><div id=\"pg-gb25596-6a9748b227c82-0\"  class=\"panel-grid panel-has-style\" ><div style=\"padding: 0px 0; \" data-overlay=\"true\" data-overlay-color=\"#000000\" class=\"panel-row-style panel-row-style-for-gb25596-6a9748b227c82-0\" ><div id=\"pgc-gb25596-6a9748b227c82-0-0\"  class=\"panel-grid-cell\" ><div id=\"panel-gb25596-6a9748b227c82-0-0-0\" class=\"so-panel widget widget_sow-editor panel-first-child panel-last-child\" data-index=\"0\" ><div style=\"text-align: left;\" data-title-color=\"#443f3f\" data-headings-color=\"#443f3f\" class=\"panel-widget-style panel-widget-style-for-gb25596-6a9748b227c82-0-0-0\" ><div\n\t\t\t\n\t\t\tclass=\"so-widget-sow-editor so-widget-sow-editor-base\"\n\t\t\t\n\t\t>\n<div class=\"siteorigin-widget-tinymce textwidget\">\n\t<h4 style=\"text-align: center;\"><span style=\"color: #000080;\">Aitana Oca\u00f1a<\/span><\/h4>\n<h5 style=\"text-align: center;\">Dos alumnas de 2\u00ba de Educaci\u00f3n Primaria nos relatan la biograf\u00eda resumida de la cantante Aitana Oca\u00f1a.<\/h5>\n<\/div>\n<\/div><\/div><\/div><\/div><\/div><\/div><div id=\"pg-gb25596-6a9748b227c82-1\"  class=\"panel-grid panel-has-style\" ><div style=\"padding: 0px 0; \" data-overlay=\"true\" data-overlay-color=\"#000000\" class=\"panel-row-style panel-row-style-for-gb25596-6a9748b227c82-1\" ><div id=\"pgc-gb25596-6a9748b227c82-1-0\"  class=\"panel-grid-cell\" ><div id=\"panel-gb25596-6a9748b227c82-1-0-0\" class=\"widget_text so-panel widget widget_custom_html panel-first-child panel-last-child\" data-index=\"1\" ><div style=\"text-align: center;\" data-title-color=\"#443f3f\" data-headings-color=\"#443f3f\" class=\"widget_text panel-widget-style panel-widget-style-for-gb25596-6a9748b227c82-1-0-0\" ><div class=\"textwidget custom-html-widget\"><iframe loading=\"lazy\" src=\"https:\/\/mediateca.educa.madrid.org\/audio\/sdzbty5h3m5udyia\/fs\" width=\"420\" height=\"40\" frameborder=\"0\" scrolling=\"no\" style=\"border:0;overflow:hidden\"><\/iframe><br \/><small><a href=\"https:\/\/mediateca.educa.madrid.org\/audio\/sdzbty5h3m5udyia\">Bograf\u00eda de Aitana Oca\u00f1a (2\u00ba) (Mediateca de EducaMadrid)<\/a><\/small><\/div><\/div><\/div><\/div><\/div><\/div><\/div><\/div>\n<\/div><\/div><\/div>\n\n\n\n<div class=\"wp-block-rttpg-row alignfull rttpg-block-postgrid rttpg-block-b9892d rttpg-block rttpg-row-wrap rttpg-block-frontend\" style=\"--d-gap-x:20px;--t-gap-x:20px;--m-gap-x:20px;--d-gap-y:20px;--t-gap-y:20px;--m-gap-y:20px\"><div class=\"rttpg-container\"><div class=\"rttpg-row\">\n<div class=\"wp-block-rttpg-column rttpg-block-postgrid rttpg-block-80c6ab rttpg-block rttpg-column rttpg-block-frontend\"><div id=\"pl-gb25596-6a9748b228323\"  class=\"panel-layout wp-block-siteorigin-panels-layout-block panel-layout\" ><div id=\"pg-gb25596-6a9748b228323-0\"  class=\"panel-grid panel-has-style\" ><div style=\"padding: 0px 0; \" data-overlay=\"true\" data-overlay-color=\"#000000\" class=\"panel-row-style panel-row-style-for-gb25596-6a9748b228323-0\" ><div id=\"pgc-gb25596-6a9748b228323-0-0\"  class=\"panel-grid-cell\" ><div id=\"panel-gb25596-6a9748b228323-0-0-0\" class=\"so-panel widget widget_sow-editor panel-first-child panel-last-child\" data-index=\"0\" ><div style=\"text-align: left;\" data-title-color=\"#443f3f\" data-headings-color=\"#443f3f\" class=\"panel-widget-style panel-widget-style-for-gb25596-6a9748b228323-0-0-0\" ><div\n\t\t\t\n\t\t\tclass=\"so-widget-sow-editor so-widget-sow-editor-base\"\n\t\t\t\n\t\t>\n<div class=\"siteorigin-widget-tinymce textwidget\">\n\t<h4 style=\"text-align: center;\"><span style=\"color: #000080;\">Animales universales (3\u00ba Primaria)<\/span><\/h4>\n<h5 style=\"text-align: center;\">Secci\u00f3n dedicada a los animales del mundo, sus caracter\u00edsticas y curiosidades.<\/h5>\n<\/div>\n<\/div><\/div><\/div><\/div><\/div><\/div><div id=\"pg-gb25596-6a9748b228323-1\"  class=\"panel-grid panel-has-style\" ><div style=\"padding: 0px 0; \" data-overlay=\"true\" data-overlay-color=\"#000000\" class=\"panel-row-style panel-row-style-for-gb25596-6a9748b228323-1\" ><div id=\"pgc-gb25596-6a9748b228323-1-0\"  class=\"panel-grid-cell\" ><div id=\"panel-gb25596-6a9748b228323-1-0-0\" class=\"widget_text so-panel widget widget_custom_html panel-first-child panel-last-child\" data-index=\"1\" ><div style=\"text-align: center;\" data-title-color=\"#443f3f\" data-headings-color=\"#443f3f\" class=\"widget_text panel-widget-style panel-widget-style-for-gb25596-6a9748b228323-1-0-0\" ><div class=\"textwidget custom-html-widget\"><iframe loading=\"lazy\" src=\"https:\/\/mediateca.educa.madrid.org\/audio\/ugj2afsnhhllgz7q\/fs\" width=\"420\" height=\"40\" frameborder=\"0\" scrolling=\"no\" style=\"border:0;overflow:hidden\"><\/iframe><br \/><small><a href=\"https:\/\/mediateca.educa.madrid.org\/audio\/ugj2afsnhhllgz7q\">Animales universales (3\u00ba) (Mediateca de EducaMadrid)<\/a><\/small><\/div><\/div><\/div><\/div><\/div><\/div><\/div><\/div>\n<\/div><\/div><\/div>\n\n\n\n<div class=\"wp-block-rttpg-row alignfull rttpg-block-postgrid rttpg-block-5515c5 rttpg-block rttpg-row-wrap rttpg-block-frontend\" style=\"--d-gap-x:20px;--t-gap-x:20px;--m-gap-x:20px;--d-gap-y:20px;--t-gap-y:20px;--m-gap-y:20px\"><div class=\"rttpg-container\"><div class=\"rttpg-row\">\n<div class=\"wp-block-rttpg-column rttpg-block-postgrid rttpg-block-70c2d2 rttpg-block rttpg-column rttpg-block-frontend\"><div id=\"pl-gb25596-6a9748b2289b3\"  class=\"panel-layout wp-block-siteorigin-panels-layout-block panel-layout\" ><div id=\"pg-gb25596-6a9748b2289b3-0\"  class=\"panel-grid panel-has-style\" ><div style=\"padding: 0px 0; \" data-overlay=\"true\" data-overlay-color=\"#000000\" class=\"panel-row-style panel-row-style-for-gb25596-6a9748b2289b3-0\" ><div id=\"pgc-gb25596-6a9748b2289b3-0-0\"  class=\"panel-grid-cell\" ><div id=\"panel-gb25596-6a9748b2289b3-0-0-0\" class=\"so-panel widget widget_sow-editor panel-first-child panel-last-child\" data-index=\"0\" ><div style=\"text-align: left;\" data-title-color=\"#443f3f\" data-headings-color=\"#443f3f\" class=\"panel-widget-style panel-widget-style-for-gb25596-6a9748b2289b3-0-0-0\" ><div\n\t\t\t\n\t\t\tclass=\"so-widget-sow-editor so-widget-sow-editor-base\"\n\t\t\t\n\t\t>\n<div class=\"siteorigin-widget-tinymce textwidget\">\n\t<h4 style=\"text-align: center;\"><span style=\"color: #000080;\">Animales universales (4\u00ba Primaria)<\/span><\/h4>\n<h5 style=\"text-align: center;\">Secci\u00f3n dedicada a los animales del mundo, sus caracter\u00edsticas y curiosidades. En esta ocasi\u00f3n, grabado por alumnos de 4\u00ba de Educaci\u00f3n Primaria.<\/h5>\n<\/div>\n<\/div><\/div><\/div><\/div><\/div><\/div><div id=\"pg-gb25596-6a9748b2289b3-1\"  class=\"panel-grid panel-has-style\" ><div style=\"padding: 0px 0; \" data-overlay=\"true\" data-overlay-color=\"#000000\" class=\"panel-row-style panel-row-style-for-gb25596-6a9748b2289b3-1\" ><div id=\"pgc-gb25596-6a9748b2289b3-1-0\"  class=\"panel-grid-cell\" ><div id=\"panel-gb25596-6a9748b2289b3-1-0-0\" class=\"widget_text so-panel widget widget_custom_html panel-first-child panel-last-child\" data-index=\"1\" ><div style=\"text-align: center;\" data-title-color=\"#443f3f\" data-headings-color=\"#443f3f\" class=\"widget_text panel-widget-style panel-widget-style-for-gb25596-6a9748b2289b3-1-0-0\" ><div class=\"textwidget custom-html-widget\"><iframe loading=\"lazy\" src=\"https:\/\/mediateca.educa.madrid.org\/audio\/5onogghu6xtak7y4\/fs\" width=\"420\" height=\"40\" frameborder=\"0\" scrolling=\"no\" style=\"border:0;overflow:hidden\"><\/iframe><br \/><small><a href=\"https:\/\/mediateca.educa.madrid.org\/audio\/5onogghu6xtak7y4\">Animales universales (4\u00ba) (Mediateca de EducaMadrid)<\/a><\/small><\/div><\/div><\/div><\/div><\/div><\/div><\/div><\/div>\n<\/div><\/div><\/div>\n\n\n\n<div class=\"wp-block-rttpg-row alignfull rttpg-block-postgrid rttpg-block-6ee992 rttpg-block rttpg-row-wrap rttpg-block-frontend\" style=\"--d-gap-x:20px;--t-gap-x:20px;--m-gap-x:20px;--d-gap-y:20px;--t-gap-y:20px;--m-gap-y:20px\"><div class=\"rttpg-container\"><div class=\"rttpg-row\">\n<div class=\"wp-block-rttpg-column rttpg-block-postgrid rttpg-block-6d46b5 rttpg-block rttpg-column rttpg-block-frontend\"><div id=\"pl-gb25596-6a9748b229053\"  class=\"panel-layout wp-block-siteorigin-panels-layout-block panel-layout\" ><div id=\"pg-gb25596-6a9748b229053-0\"  class=\"panel-grid panel-has-style\" ><div style=\"padding: 0px 0; \" data-overlay=\"true\" data-overlay-color=\"#000000\" class=\"panel-row-style panel-row-style-for-gb25596-6a9748b229053-0\" ><div id=\"pgc-gb25596-6a9748b229053-0-0\"  class=\"panel-grid-cell\" ><div id=\"panel-gb25596-6a9748b229053-0-0-0\" class=\"so-panel widget widget_sow-editor panel-first-child panel-last-child\" data-index=\"0\" ><div style=\"text-align: left;\" data-title-color=\"#443f3f\" data-headings-color=\"#443f3f\" class=\"panel-widget-style panel-widget-style-for-gb25596-6a9748b229053-0-0-0\" ><div\n\t\t\t\n\t\t\tclass=\"so-widget-sow-editor so-widget-sow-editor-base\"\n\t\t\t\n\t\t>\n<div class=\"siteorigin-widget-tinymce textwidget\">\n\t<h4 style=\"text-align: center;\"><span style=\"color: #000080;\">El rinc\u00f3n de la lectura (4\u00ba Primaria)<\/span><\/h4>\n<h5 style=\"text-align: center;\">En esta secci\u00f3n dedicada a la literatura una alumna de 4\u00ba nos recomienda varios libros muy interesantes.<\/h5>\n<\/div>\n<\/div><\/div><\/div><\/div><\/div><\/div><div id=\"pg-gb25596-6a9748b229053-1\"  class=\"panel-grid panel-has-style\" ><div style=\"padding: 0px 0; \" data-overlay=\"true\" data-overlay-color=\"#000000\" class=\"panel-row-style panel-row-style-for-gb25596-6a9748b229053-1\" ><div id=\"pgc-gb25596-6a9748b229053-1-0\"  class=\"panel-grid-cell\" ><div id=\"panel-gb25596-6a9748b229053-1-0-0\" class=\"widget_text so-panel widget widget_custom_html panel-first-child panel-last-child\" data-index=\"1\" ><div style=\"text-align: center;\" data-title-color=\"#443f3f\" data-headings-color=\"#443f3f\" class=\"widget_text panel-widget-style panel-widget-style-for-gb25596-6a9748b229053-1-0-0\" ><div class=\"textwidget custom-html-widget\"><iframe loading=\"lazy\" src=\"https:\/\/mediateca.educa.madrid.org\/audio\/s97mbswdkrp79lxh\/fs\" width=\"420\" height=\"40\" frameborder=\"0\" scrolling=\"no\" style=\"border:0;overflow:hidden\"><\/iframe><br \/><small><a href=\"https:\/\/mediateca.educa.madrid.org\/audio\/s97mbswdkrp79lxh\">El rincon de la lectura (Mediateca de EducaMadrid)<\/a><\/small><\/div><\/div><\/div><\/div><\/div><\/div><\/div><\/div>\n<\/div><\/div><\/div>\n\n\n\n<div class=\"wp-block-rttpg-row alignfull rttpg-block-postgrid rttpg-block-c3895d rttpg-block rttpg-row-wrap rttpg-block-frontend\" style=\"--d-gap-x:20px;--t-gap-x:20px;--m-gap-x:20px;--d-gap-y:20px;--t-gap-y:20px;--m-gap-y:20px\"><div class=\"rttpg-container\"><div class=\"rttpg-row\">\n<div class=\"wp-block-rttpg-column rttpg-block-postgrid rttpg-block-eeabdb rttpg-block rttpg-column rttpg-block-frontend\"><div id=\"pl-gb25596-6a9748b2296f3\"  class=\"panel-layout wp-block-siteorigin-panels-layout-block panel-layout\" ><div id=\"pg-gb25596-6a9748b2296f3-0\"  class=\"panel-grid panel-has-style\" ><div style=\"padding: 0px 0; \" data-overlay=\"true\" data-overlay-color=\"#000000\" class=\"panel-row-style panel-row-style-for-gb25596-6a9748b2296f3-0\" ><div id=\"pgc-gb25596-6a9748b2296f3-0-0\"  class=\"panel-grid-cell\" ><div id=\"panel-gb25596-6a9748b2296f3-0-0-0\" class=\"so-panel widget widget_sow-editor panel-first-child panel-last-child\" data-index=\"0\" ><div style=\"text-align: left;\" data-title-color=\"#443f3f\" data-headings-color=\"#443f3f\" class=\"panel-widget-style panel-widget-style-for-gb25596-6a9748b2296f3-0-0-0\" ><div\n\t\t\t\n\t\t\tclass=\"so-widget-sow-editor so-widget-sow-editor-base\"\n\t\t\t\n\t\t>\n<div class=\"siteorigin-widget-tinymce textwidget\">\n\t<h4 style=\"text-align: center;\"><span style=\"color: #000080;\">Proyecto SOS Tierra (5 Primaria)<\/span><\/h4>\n<h5 style=\"text-align: center;\">Los alumnos de 5\u00ba de Educaci\u00f3n Primaria nos cuentan su proyecto relacionado con el desarrollo sostenible y reflexionan sobre lo aprendido al trabajar en equipo.<\/h5>\n<\/div>\n<\/div><\/div><\/div><\/div><\/div><\/div><div id=\"pg-gb25596-6a9748b2296f3-1\"  class=\"panel-grid panel-has-style\" ><div style=\"padding: 0px 0; \" data-overlay=\"true\" data-overlay-color=\"#000000\" class=\"panel-row-style panel-row-style-for-gb25596-6a9748b2296f3-1\" ><div id=\"pgc-gb25596-6a9748b2296f3-1-0\"  class=\"panel-grid-cell\" ><div id=\"panel-gb25596-6a9748b2296f3-1-0-0\" class=\"widget_text so-panel widget widget_custom_html panel-first-child panel-last-child\" data-index=\"1\" ><div style=\"text-align: center;\" data-title-color=\"#443f3f\" data-headings-color=\"#443f3f\" class=\"widget_text panel-widget-style panel-widget-style-for-gb25596-6a9748b2296f3-1-0-0\" ><div class=\"textwidget custom-html-widget\"><iframe loading=\"lazy\" src=\"https:\/\/mediateca.educa.madrid.org\/audio\/syf82czj2blk6sdr\/fs\" width=\"420\" height=\"40\" frameborder=\"0\" scrolling=\"no\" style=\"border:0;overflow:hidden\"><\/iframe><br \/><small><a href=\"https:\/\/mediateca.educa.madrid.org\/audio\/syf82czj2blk6sdr\">Proyecto SOS Tierra (5\u00ba) (Mediateca de EducaMadrid)<\/a><\/small><\/div><\/div><\/div><\/div><\/div><\/div><\/div><\/div>\n<\/div><\/div><\/div>\n\n\n\n<div class=\"wp-block-rttpg-row alignfull rttpg-block-postgrid rttpg-block-8fa8e9 rttpg-block rttpg-row-wrap rttpg-block-frontend\" style=\"--d-gap-x:20px;--t-gap-x:20px;--m-gap-x:20px;--d-gap-y:20px;--t-gap-y:20px;--m-gap-y:20px\"><div class=\"rttpg-container\"><div class=\"rttpg-row\">\n<div class=\"wp-block-rttpg-column rttpg-block-postgrid rttpg-block-1f8510 rttpg-block rttpg-column rttpg-block-frontend\"><div id=\"pl-gb25596-6a9748b229da3\"  class=\"panel-layout wp-block-siteorigin-panels-layout-block panel-layout\" ><div id=\"pg-gb25596-6a9748b229da3-0\"  class=\"panel-grid panel-has-style\" ><div style=\"padding: 0px 0; \" data-overlay=\"true\" data-overlay-color=\"#000000\" class=\"panel-row-style panel-row-style-for-gb25596-6a9748b229da3-0\" ><div id=\"pgc-gb25596-6a9748b229da3-0-0\"  class=\"panel-grid-cell\" ><div id=\"panel-gb25596-6a9748b229da3-0-0-0\" class=\"so-panel widget widget_sow-editor panel-first-child panel-last-child\" data-index=\"0\" ><div style=\"text-align: left;\" data-title-color=\"#443f3f\" data-headings-color=\"#443f3f\" class=\"panel-widget-style panel-widget-style-for-gb25596-6a9748b229da3-0-0-0\" ><div\n\t\t\t\n\t\t\tclass=\"so-widget-sow-editor so-widget-sow-editor-base\"\n\t\t\t\n\t\t>\n<div class=\"siteorigin-widget-tinymce textwidget\">\n\t<h4 style=\"text-align: center;\"><span style=\"color: #333399;\">Entrevistas 6\u00ba<\/span><\/h4>\n<h5 style=\"text-align: center;\">Central Cee<br \/>\nEntrevista realizada a trav\u00e9s de un role playing por alumnos de 6\u00ba de Educaci\u00f3n Primaria.<\/h5>\n<\/div>\n<\/div><\/div><\/div><\/div><\/div><\/div><div id=\"pg-gb25596-6a9748b229da3-1\"  class=\"panel-grid panel-has-style\" ><div style=\"padding: 0px 0; \" data-overlay=\"true\" data-overlay-color=\"#000000\" class=\"panel-row-style panel-row-style-for-gb25596-6a9748b229da3-1\" ><div id=\"pgc-gb25596-6a9748b229da3-1-0\"  class=\"panel-grid-cell\" ><div id=\"panel-gb25596-6a9748b229da3-1-0-0\" class=\"widget_text so-panel widget widget_custom_html panel-first-child panel-last-child\" data-index=\"1\" ><div style=\"text-align: center;\" data-title-color=\"#443f3f\" data-headings-color=\"#443f3f\" class=\"widget_text panel-widget-style panel-widget-style-for-gb25596-6a9748b229da3-1-0-0\" ><div class=\"textwidget custom-html-widget\"><iframe loading=\"lazy\" src=\"https:\/\/mediateca.educa.madrid.org\/audio\/951g51hyuqrwe5xm\/fs\" width=\"420\" height=\"40\" frameborder=\"0\" scrolling=\"no\" style=\"border:0;overflow:hidden\"><\/iframe><br \/><small><a href=\"https:\/\/mediateca.educa.madrid.org\/audio\/951g51hyuqrwe5xm\">Entrevista a Central Cee (English) (Mediateca de EducaMadrid)<\/a><\/small><\/div><\/div><\/div><\/div><\/div><\/div><\/div><\/div>\n<\/div><\/div><\/div>\n\n\n\n<div class=\"wp-block-rttpg-row alignfull rttpg-block-postgrid rttpg-block-4efb2b rttpg-block rttpg-row-wrap rttpg-block-frontend\" style=\"--d-gap-x:20px;--t-gap-x:20px;--m-gap-x:20px;--d-gap-y:20px;--t-gap-y:20px;--m-gap-y:20px\"><div class=\"rttpg-container\"><div class=\"rttpg-row\">\n<div class=\"wp-block-rttpg-column rttpg-block-postgrid rttpg-block-7b2ce3 rttpg-block rttpg-column rttpg-block-frontend\"><div id=\"pl-gb25596-6a9748b22a449\"  class=\"panel-layout wp-block-siteorigin-panels-layout-block panel-layout\" ><div id=\"pg-gb25596-6a9748b22a449-0\"  class=\"panel-grid panel-has-style\" ><div style=\"padding: 0px 0; \" data-overlay=\"true\" data-overlay-color=\"#000000\" class=\"panel-row-style panel-row-style-for-gb25596-6a9748b22a449-0\" ><div id=\"pgc-gb25596-6a9748b22a449-0-0\"  class=\"panel-grid-cell\" ><div id=\"panel-gb25596-6a9748b22a449-0-0-0\" class=\"so-panel widget widget_sow-editor panel-first-child panel-last-child\" data-index=\"0\" ><div style=\"text-align: left;\" data-title-color=\"#443f3f\" data-headings-color=\"#443f3f\" class=\"panel-widget-style panel-widget-style-for-gb25596-6a9748b22a449-0-0-0\" ><div\n\t\t\t\n\t\t\tclass=\"so-widget-sow-editor so-widget-sow-editor-base\"\n\t\t\t\n\t\t>\n<div class=\"siteorigin-widget-tinymce textwidget\">\n\t<h4 style=\"text-align: center;\"><span style=\"color: #333399;\">Collin<\/span><\/h4>\n<h5 style=\"text-align: center;\">En esta ocasi\u00f3n los alumnos de 6\u00ba de Educaci\u00f3n Primaria entrevistan a Collin, uno de los asistentes de lengua inglesa que han estado en el centro este a\u00f1o.<\/h5>\n<\/div>\n<\/div><\/div><\/div><\/div><\/div><\/div><div id=\"pg-gb25596-6a9748b22a449-1\"  class=\"panel-grid panel-has-style\" ><div style=\"padding: 0px 0; \" data-overlay=\"true\" data-overlay-color=\"#000000\" class=\"panel-row-style panel-row-style-for-gb25596-6a9748b22a449-1\" ><div id=\"pgc-gb25596-6a9748b22a449-1-0\"  class=\"panel-grid-cell\" ><div id=\"panel-gb25596-6a9748b22a449-1-0-0\" class=\"widget_text so-panel widget widget_custom_html panel-first-child panel-last-child\" data-index=\"1\" ><div style=\"text-align: center;\" data-title-color=\"#443f3f\" data-headings-color=\"#443f3f\" class=\"widget_text panel-widget-style panel-widget-style-for-gb25596-6a9748b22a449-1-0-0\" ><div class=\"textwidget custom-html-widget\"><iframe loading=\"lazy\" src=\"https:\/\/mediateca.educa.madrid.org\/audio\/pksnw7e5wts5q1vz\/fs\" width=\"420\" height=\"40\" frameborder=\"0\" scrolling=\"no\" style=\"border:0;overflow:hidden\"><\/iframe><br \/><small><a href=\"https:\/\/mediateca.educa.madrid.org\/audio\/pksnw7e5wts5q1vz\">Entrevista a Collin (English) (Mediateca de EducaMadrid)<\/a><\/small><\/div><\/div><\/div><\/div><\/div><\/div><\/div><\/div>\n<\/div><\/div><\/div>\n\n\n\n<div class=\"wp-block-rttpg-row alignfull rttpg-block-postgrid rttpg-block-ad8353 rttpg-block rttpg-row-wrap rttpg-block-frontend\" style=\"--d-gap-x:20px;--t-gap-x:20px;--m-gap-x:20px;--d-gap-y:20px;--t-gap-y:20px;--m-gap-y:20px\"><div class=\"rttpg-container\"><div class=\"rttpg-row\">\n<div class=\"wp-block-rttpg-column rttpg-block-postgrid rttpg-block-6c0e90 rttpg-block rttpg-column rttpg-block-frontend\"><div id=\"pl-gb25596-6a9748b22ab2a\"  class=\"panel-layout wp-block-siteorigin-panels-layout-block panel-layout\" ><div id=\"pg-gb25596-6a9748b22ab2a-0\"  class=\"panel-grid panel-has-style\" ><div style=\"padding: 0px 0; \" data-overlay=\"true\" data-overlay-color=\"#000000\" class=\"panel-row-style panel-row-style-for-gb25596-6a9748b22ab2a-0\" ><div id=\"pgc-gb25596-6a9748b22ab2a-0-0\"  class=\"panel-grid-cell\" ><div id=\"panel-gb25596-6a9748b22ab2a-0-0-0\" class=\"so-panel widget widget_sow-editor panel-first-child panel-last-child\" data-index=\"0\" ><div style=\"text-align: left;\" data-title-color=\"#443f3f\" data-headings-color=\"#443f3f\" class=\"panel-widget-style panel-widget-style-for-gb25596-6a9748b22ab2a-0-0-0\" ><div\n\t\t\t\n\t\t\tclass=\"so-widget-sow-editor so-widget-sow-editor-base\"\n\t\t\t\n\t\t>\n<div class=\"siteorigin-widget-tinymce textwidget\">\n\t<h4 style=\"text-align: center;\"><span style=\"color: #333399;\">Gonzalo<\/span><\/h4>\n<h5 style=\"text-align: center;\">En esta ocasi\u00f3n los alumnos de 6\u00ba de Educaci\u00f3n Primaria entrevistan a su profesor de lengua y matem\u00e1ticas.<\/h5>\n<\/div>\n<\/div><\/div><\/div><\/div><\/div><\/div><div id=\"pg-gb25596-6a9748b22ab2a-1\"  class=\"panel-grid panel-has-style\" ><div style=\"padding: 0px 0; \" data-overlay=\"true\" data-overlay-color=\"#000000\" class=\"panel-row-style panel-row-style-for-gb25596-6a9748b22ab2a-1\" ><div id=\"pgc-gb25596-6a9748b22ab2a-1-0\"  class=\"panel-grid-cell\" ><div id=\"panel-gb25596-6a9748b22ab2a-1-0-0\" class=\"widget_text so-panel widget widget_custom_html panel-first-child panel-last-child\" data-index=\"1\" ><div style=\"text-align: center;\" data-title-color=\"#443f3f\" data-headings-color=\"#443f3f\" class=\"widget_text panel-widget-style panel-widget-style-for-gb25596-6a9748b22ab2a-1-0-0\" ><div class=\"textwidget custom-html-widget\"><iframe loading=\"lazy\" src=\"https:\/\/mediateca.educa.madrid.org\/audio\/oq9tzgxf4rz3onxm\/fs\" width=\"420\" height=\"40\" frameborder=\"0\" scrolling=\"no\" style=\"border:0;overflow:hidden\"><\/iframe><br \/><small><a href=\"https:\/\/mediateca.educa.madrid.org\/audio\/oq9tzgxf4rz3onxm\">Entrevista a Gonzalo (English) (Mediateca de EducaMadrid)<\/a><\/small><\/div><\/div><\/div><\/div><\/div><\/div><\/div><\/div>\n<\/div><\/div><\/div>\n\n\n\n<div class=\"wp-block-rttpg-row alignfull rttpg-block-postgrid rttpg-block-054717 rttpg-block rttpg-row-wrap rttpg-block-frontend\" style=\"--d-gap-x:20px;--t-gap-x:20px;--m-gap-x:20px;--d-gap-y:20px;--t-gap-y:20px;--m-gap-y:20px\"><div class=\"rttpg-container\"><div class=\"rttpg-row\">\n<div class=\"wp-block-rttpg-column rttpg-block-postgrid rttpg-block-83e0ca rttpg-block rttpg-column rttpg-block-frontend\"><div id=\"pl-gb25596-6a9748b22b1ea\"  class=\"panel-layout wp-block-siteorigin-panels-layout-block panel-layout\" ><div id=\"pg-gb25596-6a9748b22b1ea-0\"  class=\"panel-grid panel-has-style\" ><div style=\"padding: 0px 0; \" data-overlay=\"true\" data-overlay-color=\"#000000\" class=\"panel-row-style panel-row-style-for-gb25596-6a9748b22b1ea-0\" ><div id=\"pgc-gb25596-6a9748b22b1ea-0-0\"  class=\"panel-grid-cell\" ><div id=\"panel-gb25596-6a9748b22b1ea-0-0-0\" class=\"so-panel widget widget_sow-editor panel-first-child panel-last-child\" data-index=\"0\" ><div style=\"text-align: left;\" data-title-color=\"#443f3f\" data-headings-color=\"#443f3f\" class=\"panel-widget-style panel-widget-style-for-gb25596-6a9748b22b1ea-0-0-0\" ><div\n\t\t\t\n\t\t\tclass=\"so-widget-sow-editor so-widget-sow-editor-base\"\n\t\t\t\n\t\t>\n<div class=\"siteorigin-widget-tinymce textwidget\">\n\t<h4 style=\"text-align: center;\"><span style=\"color: #333399;\">Jack Sparrow<\/span><\/h4>\n<h5 style=\"text-align: center;\">Los alumnos de 6\u00ba entrevistan a Jack Sparrow a trav\u00e9s de un ejercicio de role playing.<\/h5>\n<\/div>\n<\/div><\/div><\/div><\/div><\/div><\/div><div id=\"pg-gb25596-6a9748b22b1ea-1\"  class=\"panel-grid panel-has-style\" ><div style=\"padding: 0px 0; \" data-overlay=\"true\" data-overlay-color=\"#000000\" class=\"panel-row-style panel-row-style-for-gb25596-6a9748b22b1ea-1\" ><div id=\"pgc-gb25596-6a9748b22b1ea-1-0\"  class=\"panel-grid-cell\" ><div id=\"panel-gb25596-6a9748b22b1ea-1-0-0\" class=\"widget_text so-panel widget widget_custom_html panel-first-child panel-last-child\" data-index=\"1\" ><div style=\"text-align: center;\" data-title-color=\"#443f3f\" data-headings-color=\"#443f3f\" class=\"widget_text panel-widget-style panel-widget-style-for-gb25596-6a9748b22b1ea-1-0-0\" ><div class=\"textwidget custom-html-widget\"><iframe loading=\"lazy\" src=\"https:\/\/mediateca.educa.madrid.org\/audio\/ytaark8xxaf1erq2\/fs\" width=\"420\" height=\"40\" frameborder=\"0\" scrolling=\"no\" style=\"border:0;overflow:hidden\"><\/iframe><br \/><small><a href=\"https:\/\/mediateca.educa.madrid.org\/audio\/ytaark8xxaf1erq2\">Entrevista a Jack Sparrow (English) (Mediateca de EducaMadrid)<\/a><\/small><\/div><\/div><\/div><\/div><\/div><\/div><\/div><\/div>\n<\/div><\/div><\/div>\n\n\n\n<div class=\"wp-block-rttpg-row alignfull rttpg-block-postgrid rttpg-block-33fa90 rttpg-block rttpg-row-wrap rttpg-block-frontend\" style=\"--d-gap-x:20px;--t-gap-x:20px;--m-gap-x:20px;--d-gap-y:20px;--t-gap-y:20px;--m-gap-y:20px\"><div class=\"rttpg-container\"><div class=\"rttpg-row\">\n<div class=\"wp-block-rttpg-column rttpg-block-postgrid rttpg-block-46cbbe rttpg-block rttpg-column rttpg-block-frontend\"><div id=\"pl-gb25596-6a9748b22b87d\"  class=\"panel-layout wp-block-siteorigin-panels-layout-block panel-layout\" ><div id=\"pg-gb25596-6a9748b22b87d-0\"  class=\"panel-grid panel-has-style\" ><div style=\"padding: 0px 0; \" data-overlay=\"true\" data-overlay-color=\"#000000\" class=\"panel-row-style panel-row-style-for-gb25596-6a9748b22b87d-0\" ><div id=\"pgc-gb25596-6a9748b22b87d-0-0\"  class=\"panel-grid-cell\" ><div id=\"panel-gb25596-6a9748b22b87d-0-0-0\" class=\"so-panel widget widget_sow-editor panel-first-child panel-last-child\" data-index=\"0\" ><div style=\"text-align: left;\" data-title-color=\"#443f3f\" data-headings-color=\"#443f3f\" class=\"panel-widget-style panel-widget-style-for-gb25596-6a9748b22b87d-0-0-0\" ><div\n\t\t\t\n\t\t\tclass=\"so-widget-sow-editor so-widget-sow-editor-base\"\n\t\t\t\n\t\t>\n<div class=\"siteorigin-widget-tinymce textwidget\">\n\t<h4 style=\"text-align: center;\"><span style=\"color: #333399;\">Lamine Yamal<\/span><\/h4>\n<h5 style=\"text-align: center;\">En esta ocasi\u00f3n los alumnos de 6\u00ba realizan un role playing para representar una entrevista a Lamine Yamal.<\/h5>\n<\/div>\n<\/div><\/div><\/div><\/div><\/div><\/div><div id=\"pg-gb25596-6a9748b22b87d-1\"  class=\"panel-grid panel-has-style\" ><div style=\"padding: 0px 0; \" data-overlay=\"true\" data-overlay-color=\"#000000\" class=\"panel-row-style panel-row-style-for-gb25596-6a9748b22b87d-1\" ><div id=\"pgc-gb25596-6a9748b22b87d-1-0\"  class=\"panel-grid-cell\" ><div id=\"panel-gb25596-6a9748b22b87d-1-0-0\" class=\"widget_text so-panel widget widget_custom_html panel-first-child panel-last-child\" data-index=\"1\" ><div style=\"text-align: center;\" data-title-color=\"#443f3f\" data-headings-color=\"#443f3f\" class=\"widget_text panel-widget-style panel-widget-style-for-gb25596-6a9748b22b87d-1-0-0\" ><div class=\"textwidget custom-html-widget\"><iframe loading=\"lazy\" src=\"https:\/\/mediateca.educa.madrid.org\/audio\/whe9dhfh2x7rw6v1\/fs\" width=\"420\" height=\"40\" frameborder=\"0\" scrolling=\"no\" style=\"border:0;overflow:hidden\"><\/iframe><br \/><small><a href=\"https:\/\/mediateca.educa.madrid.org\/audio\/whe9dhfh2x7rw6v1\">Entrevista a Lamine Yamal (English) (Mediateca de EducaMadrid)<\/a><\/small><\/div><\/div><\/div><\/div><\/div><\/div><\/div><\/div>\n<\/div><\/div><\/div>\n\n\n\n<div class=\"wp-block-rttpg-row alignfull rttpg-block-postgrid rttpg-block-9f7b4e rttpg-block rttpg-row-wrap rttpg-block-frontend\" style=\"--d-gap-x:20px;--t-gap-x:20px;--m-gap-x:20px;--d-gap-y:20px;--t-gap-y:20px;--m-gap-y:20px\"><div class=\"rttpg-container\"><div class=\"rttpg-row\">\n<div class=\"wp-block-rttpg-column rttpg-block-postgrid rttpg-block-f506a2 rttpg-block rttpg-column rttpg-block-frontend\"><div id=\"pl-gb25596-6a9748b22bf58\"  class=\"panel-layout wp-block-siteorigin-panels-layout-block panel-layout\" ><div id=\"pg-gb25596-6a9748b22bf58-0\"  class=\"panel-grid panel-has-style\" ><div style=\"padding: 0px 0; \" data-overlay=\"true\" data-overlay-color=\"#000000\" class=\"panel-row-style panel-row-style-for-gb25596-6a9748b22bf58-0\" ><div id=\"pgc-gb25596-6a9748b22bf58-0-0\"  class=\"panel-grid-cell\" ><div id=\"panel-gb25596-6a9748b22bf58-0-0-0\" class=\"so-panel widget widget_sow-editor panel-first-child panel-last-child\" data-index=\"0\" ><div style=\"text-align: left;\" data-title-color=\"#443f3f\" data-headings-color=\"#443f3f\" class=\"panel-widget-style panel-widget-style-for-gb25596-6a9748b22bf58-0-0-0\" ><div\n\t\t\t\n\t\t\tclass=\"so-widget-sow-editor so-widget-sow-editor-base\"\n\t\t\t\n\t\t>\n<div class=\"siteorigin-widget-tinymce textwidget\">\n\t<h4 style=\"text-align: center;\"><span style=\"color: #333399;\">Mariana<\/span><\/h4>\n<h5 style=\"text-align: center;\">Las compa\u00f1eras de 6\u00ba entrevistas a Mariana debido a su estrecha relaci\u00f3n con una persona muy reconocida en la actualidad.<\/h5>\n<\/div>\n<\/div><\/div><\/div><\/div><\/div><\/div><div id=\"pg-gb25596-6a9748b22bf58-1\"  class=\"panel-grid panel-has-style\" ><div style=\"padding: 0px 0; \" data-overlay=\"true\" data-overlay-color=\"#000000\" class=\"panel-row-style panel-row-style-for-gb25596-6a9748b22bf58-1\" ><div id=\"pgc-gb25596-6a9748b22bf58-1-0\"  class=\"panel-grid-cell\" ><div id=\"panel-gb25596-6a9748b22bf58-1-0-0\" class=\"widget_text so-panel widget widget_custom_html panel-first-child panel-last-child\" data-index=\"1\" ><div style=\"text-align: center;\" data-title-color=\"#443f3f\" data-headings-color=\"#443f3f\" class=\"widget_text panel-widget-style panel-widget-style-for-gb25596-6a9748b22bf58-1-0-0\" ><div class=\"textwidget custom-html-widget\"><iframe loading=\"lazy\" src=\"https:\/\/mediateca.educa.madrid.org\/audio\/h4o4a3u6dwultkwz\/fs\" width=\"420\" height=\"40\" frameborder=\"0\" scrolling=\"no\" style=\"border:0;overflow:hidden\"><\/iframe><br \/><small><a href=\"https:\/\/mediateca.educa.madrid.org\/audio\/h4o4a3u6dwultkwz\">Entrevista a Mariana (English) (Mediateca de EducaMadrid)<\/a><\/small><\/div><\/div><\/div><\/div><\/div><\/div><\/div><\/div>\n<\/div><\/div><\/div>\n\n\n\n<div class=\"wp-block-rttpg-row alignfull rttpg-block-postgrid rttpg-block-121088 rttpg-block rttpg-row-wrap rttpg-block-frontend\" style=\"--d-gap-x:20px;--t-gap-x:20px;--m-gap-x:20px;--d-gap-y:20px;--t-gap-y:20px;--m-gap-y:20px\"><div class=\"rttpg-container\"><div class=\"rttpg-row\">\n<div class=\"wp-block-rttpg-column rttpg-block-postgrid rttpg-block-4563a6 rttpg-block rttpg-column rttpg-block-frontend\"><div id=\"pl-gb25596-6a9748b22c65f\"  class=\"panel-layout wp-block-siteorigin-panels-layout-block panel-layout\" ><div id=\"pg-gb25596-6a9748b22c65f-0\"  class=\"panel-grid panel-has-style\" ><div style=\"padding: 0px 0; \" data-overlay=\"true\" data-overlay-color=\"#000000\" class=\"panel-row-style panel-row-style-for-gb25596-6a9748b22c65f-0\" ><div id=\"pgc-gb25596-6a9748b22c65f-0-0\"  class=\"panel-grid-cell\" ><div id=\"panel-gb25596-6a9748b22c65f-0-0-0\" class=\"so-panel widget widget_sow-editor panel-first-child panel-last-child\" data-index=\"0\" ><div style=\"text-align: left;\" data-title-color=\"#443f3f\" data-headings-color=\"#443f3f\" class=\"panel-widget-style panel-widget-style-for-gb25596-6a9748b22c65f-0-0-0\" ><div\n\t\t\t\n\t\t\tclass=\"so-widget-sow-editor so-widget-sow-editor-base\"\n\t\t\t\n\t\t>\n<div class=\"siteorigin-widget-tinymce textwidget\">\n\t<h4 style=\"text-align: center;\"><span style=\"color: #000080;\">Millie Bobby Brown<\/span><\/h4>\n<h5 style=\"text-align: center;\">Role playing realizado por alumnas de 6\u00ba en el cual se entrevista a Millie Bobby Brown, quien al final de la entrevista nos sorprende con\u2026<\/h5>\n<\/div>\n<\/div><\/div><\/div><\/div><\/div><\/div><div id=\"pg-gb25596-6a9748b22c65f-1\"  class=\"panel-grid panel-has-style\" ><div style=\"padding: 0px 0; \" data-overlay=\"true\" data-overlay-color=\"#000000\" class=\"panel-row-style panel-row-style-for-gb25596-6a9748b22c65f-1\" ><div id=\"pgc-gb25596-6a9748b22c65f-1-0\"  class=\"panel-grid-cell\" ><div id=\"panel-gb25596-6a9748b22c65f-1-0-0\" class=\"widget_text so-panel widget widget_custom_html panel-first-child panel-last-child\" data-index=\"1\" ><div style=\"text-align: center;\" data-title-color=\"#443f3f\" data-headings-color=\"#443f3f\" class=\"widget_text panel-widget-style panel-widget-style-for-gb25596-6a9748b22c65f-1-0-0\" ><div class=\"textwidget custom-html-widget\"><iframe loading=\"lazy\" src=\"https:\/\/mediateca.educa.madrid.org\/audio\/w6goldtoj5cuycz1\/fs\" width=\"420\" height=\"40\" frameborder=\"0\" scrolling=\"no\" style=\"border:0;overflow:hidden\"><\/iframe><br \/><small><a href=\"https:\/\/mediateca.educa.madrid.org\/audio\/w6goldtoj5cuycz1\">Entrevista a Millie Bobby Brown (English) (Mediateca de EducaMadrid)<\/a><\/small><\/div><\/div><\/div><\/div><\/div><\/div><\/div><\/div>\n<\/div><\/div><\/div>\n\n\n\n<div class=\"wp-block-rttpg-row alignfull rttpg-block-postgrid rttpg-block-d44ce8 rttpg-block rttpg-row-wrap rttpg-block-frontend\" style=\"--d-gap-x:20px;--t-gap-x:20px;--m-gap-x:20px;--d-gap-y:20px;--t-gap-y:20px;--m-gap-y:20px\"><div class=\"rttpg-container\"><div class=\"rttpg-row\">\n<div class=\"wp-block-rttpg-column rttpg-block-postgrid rttpg-block-124c55 rttpg-block rttpg-column rttpg-block-frontend\"><div id=\"pl-gb25596-6a9748b22cb69\"  class=\"panel-layout wp-block-siteorigin-panels-layout-block panel-layout\" ><div id=\"pg-gb25596-6a9748b22cb69-0\"  class=\"panel-grid panel-has-style\" ><div class=\"siteorigin-panels-stretch panel-row-style panel-row-style-for-gb25596-6a9748b22cb69-0\" style=\"padding: 0px 0; \" data-stretch-type=\"full-width-stretch\" data-overlay=\"true\" data-overlay-color=\"#000000\" ><div id=\"pgc-gb25596-6a9748b22cb69-0-0\"  class=\"panel-grid-cell\" ><div id=\"panel-gb25596-6a9748b22cb69-0-0-0\" class=\"so-panel widget widget_sow-hero panel-first-child panel-last-child\" data-index=\"0\" ><div style=\"text-align: left;\" data-title-color=\"#443f3f\" data-headings-color=\"#443f3f\" class=\"panel-widget-style panel-widget-style-for-gb25596-6a9748b22cb69-0-0-0\" ><div\n\t\t\t\n\t\t\tclass=\"so-widget-sow-hero so-widget-sow-hero-default-645fcb5f9ebf-25596 so-widget-fittext-wrapper\"\n\t\t\t data-fit-text-compressor=\"0.85\"\n\t\t>\t\t\t\t<div class=\"sow-slider-base\" style=\"display: none\" tabindex=\"0\">\n\t\t\t\t\t<ul\n\t\t\t\t\tclass=\"sow-slider-images\"\n\t\t\t\t\tdata-settings=\"{&quot;pagination&quot;:true,&quot;speed&quot;:400,&quot;timeout&quot;:8000,&quot;paused&quot;:true,&quot;pause_on_hover&quot;:false,&quot;swipe&quot;:&quot;&quot;,&quot;nav_always_show_desktop&quot;:&quot;&quot;,&quot;nav_always_show_mobile&quot;:&quot;&quot;,&quot;breakpoint&quot;:&quot;780px&quot;,&quot;unmute&quot;:false,&quot;anchor&quot;:null}\"\n\t\t\t\t\tstyle=\"min-height: 500px\"\t\t\t\t\tdata-anchor-id=\"\"\n\t\t\t\t>\t\t<li class=\"sow-slider-image  sow-slider-image-cover\" style=\"visibility: visible;;background-color: #0bc631\" >\n\t\t\t\t\t<div class=\"sow-slider-image-container\">\n\t\t\t<div class=\"sow-slider-image-wrapper\">\n\t\t\t\t<div class=\"et_pb_column et_pb_column_2_3 et_pb_column_3 et_pb_css_mix_blend_mode_passthrough\">\n<div class=\"et_pb_module none divienhancer-hover-effect et_pb_text et_pb_text_2 et_pb_text_align_left et_pb_bg_layout_light\">\n<div class=\"et_pb_text_inner\">\n<h5><span style=\"color: #ffffff\">\u00bfTIENES SUGERENCIAS?<\/span><\/h5>\n<\/div>\n<\/div>\n<\/div>\n<p>&nbsp;<\/p>\n<p>&nbsp;<\/p>\n<div class=\"et_pb_column et_pb_column_2_3 et_pb_column_3 et_pb_css_mix_blend_mode_passthrough\">\n<div class=\"et_pb_module none divienhancer-hover-effect et_pb_text et_pb_text_2 et_pb_text_align_left et_pb_bg_layout_light\">\n<div class=\"et_pb_text_inner\">\n<h1><span style=\"color: #ffffff\">Encantados de recibirlas<\/span><\/h1>\n<\/div>\n<\/div>\n<div class=\"et_pb_module none divienhancer-hover-effect et_pb_text et_pb_text_3 et_pb_text_align_left et_pb_bg_layout_light\">\n<div class=\"et_pb_text_inner\">\n<h4><span style=\"color: #ffffff\">Si podemos mejorar,<\/span><\/h4>\n<h4><span style=\"color: #ffffff\">sin duda lo haremos.<\/span><\/h4>\n<h4><span style=\"color: #ffffff\">Gracias de antemano por tu colaboraci\u00f3n.<\/span><\/h4>\n<p>&nbsp;<\/p>\n<\/div>\n<\/div>\n<div class=\"et_pb_with_border et_pb_module none divienhancer-hover-effect et_pb_text et_pb_text_4 et_pb_text_align_left et_pb_bg_layout_light\">\n<div class=\"et_pb_text_inner\">\n<h6><span style=\"color: #ffffff\">cp.infantaleonor.sanagustin@educa.madrid.org<\/span><\/h6>\n<\/div>\n<\/div>\n<\/div>\n\t\t\t<\/div>\n\t\t<\/div>\n\t\t<div class=\"sow-slider-image-overlay sow-slider-image-cover\" style=\"opacity: 0.55;background-image: url(https:\/\/site.educa.madrid.org\/cp.infantaleonor.sanagustin\/\/wp-content\/uploads\/cp.infantaleonor.sanagustin\/2025\/05\/Chorma-III.jpg)\"  ><\/div>\t\t<\/li>\n\t\t<\/ul>\t\t\t\t<ol class=\"sow-slider-pagination\">\n\t\t\t\t\t\t\t\t\t\t\t<li><a href=\"#\" data-goto=\"0\" aria-label=\"Display slide 1\"><\/a><\/li>\n\t\t\t\t\t\t\t\t\t<\/ol>\n\n\t\t\t\t<div class=\"sow-slide-nav sow-slide-nav-next\">\n\t\t\t\t\t<a href=\"#\" data-goto=\"next\" aria-label=\"Next slide\" data-action=\"next\">\n\t\t\t\t\t\t<em class=\"sow-sld-icon-thin-right\"><\/em>\n\t\t\t\t\t<\/a>\n\t\t\t\t<\/div>\n\n\t\t\t\t<div class=\"sow-slide-nav sow-slide-nav-prev\">\n\t\t\t\t\t<a href=\"#\" data-goto=\"previous\" aria-label=\"Previous slide\" data-action=\"prev\">\n\t\t\t\t\t\t<em class=\"sow-sld-icon-thin-left\"><\/em>\n\t\t\t\t\t<\/a>\n\t\t\t\t<\/div>\n\t\t\t\t<\/div><\/div><\/div><\/div><\/div><\/div><\/div><\/div><\/div>\n<\/div><\/div><\/div>\n","protected":false},"excerpt":{"rendered":"","protected":false},"author":3,"featured_media":20597,"comment_status":"closed","ping_status":"closed","sticky":false,"template":"post-templates\/post_full.php","format":"standard","meta":{"footnotes":""},"categories":[52],"tags":[],"post_folder":[],"class_list":["post-25596","post","type-post","status-publish","format-standard","has-post-thumbnail","hentry","category-proyectos-iniciativa-pedagogica"],"rttpg_featured_image_url":{"full":["https:\/\/site.educa.madrid.org\/cp.infantaleonor.sanagustin\/\/wp-content\/uploads\/cp.infantaleonor.sanagustin\/2025\/03\/PIE-RADIO-2.jpg",900,676,false],"landscape":["https:\/\/site.educa.madrid.org\/cp.infantaleonor.sanagustin\/\/wp-content\/uploads\/cp.infantaleonor.sanagustin\/2025\/03\/PIE-RADIO-2.jpg",900,676,false],"portraits":["https:\/\/site.educa.madrid.org\/cp.infantaleonor.sanagustin\/\/wp-content\/uploads\/cp.infantaleonor.sanagustin\/2025\/03\/PIE-RADIO-2.jpg",900,676,false],"thumbnail":["https:\/\/site.educa.madrid.org\/cp.infantaleonor.sanagustin\/\/wp-content\/uploads\/cp.infantaleonor.sanagustin\/2025\/03\/PIE-RADIO-2-150x150.jpg",150,150,true],"medium":["https:\/\/site.educa.madrid.org\/cp.infantaleonor.sanagustin\/\/wp-content\/uploads\/cp.infantaleonor.sanagustin\/2025\/03\/PIE-RADIO-2-300x225.jpg",300,225,true],"large":["https:\/\/site.educa.madrid.org\/cp.infantaleonor.sanagustin\/\/wp-content\/uploads\/cp.infantaleonor.sanagustin\/2025\/03\/PIE-RADIO-2.jpg",900,676,false],"thumblist":["https:\/\/site.educa.madrid.org\/cp.infantaleonor.sanagustin\/\/wp-content\/uploads\/cp.infantaleonor.sanagustin\/2025\/03\/PIE-RADIO-2-300x300.jpg",300,300,true],"thumbrelated":["https:\/\/site.educa.madrid.org\/cp.infantaleonor.sanagustin\/\/wp-content\/uploads\/cp.infantaleonor.sanagustin\/2025\/03\/PIE-RADIO-2-500x500.jpg",500,500,true],"meccarouselthumb":["https:\/\/site.educa.madrid.org\/cp.infantaleonor.sanagustin\/\/wp-content\/uploads\/cp.infantaleonor.sanagustin\/2025\/03\/PIE-RADIO-2-474x324.jpg",474,324,true],"gridsquare":["https:\/\/site.educa.madrid.org\/cp.infantaleonor.sanagustin\/\/wp-content\/uploads\/cp.infantaleonor.sanagustin\/2025\/03\/PIE-RADIO-2-391x260.jpg",391,260,true],"tileview":["https:\/\/site.educa.madrid.org\/cp.infantaleonor.sanagustin\/\/wp-content\/uploads\/cp.infantaleonor.sanagustin\/2025\/03\/PIE-RADIO-2-300x400.jpg",300,400,true],"1536x1536":["https:\/\/site.educa.madrid.org\/cp.infantaleonor.sanagustin\/\/wp-content\/uploads\/cp.infantaleonor.sanagustin\/2025\/03\/PIE-RADIO-2.jpg",900,676,false],"2048x2048":["https:\/\/site.educa.madrid.org\/cp.infantaleonor.sanagustin\/\/wp-content\/uploads\/cp.infantaleonor.sanagustin\/2025\/03\/PIE-RADIO-2.jpg",900,676,false],"sydney-large-thumb":["https:\/\/site.educa.madrid.org\/cp.infantaleonor.sanagustin\/\/wp-content\/uploads\/cp.infantaleonor.sanagustin\/2025\/03\/PIE-RADIO-2.jpg",900,676,false],"sydney-medium-thumb":["https:\/\/site.educa.madrid.org\/cp.infantaleonor.sanagustin\/\/wp-content\/uploads\/cp.infantaleonor.sanagustin\/2025\/03\/PIE-RADIO-2-550x400.jpg",550,400,true],"sydney-small-thumb":["https:\/\/site.educa.madrid.org\/cp.infantaleonor.sanagustin\/\/wp-content\/uploads\/cp.infantaleonor.sanagustin\/2025\/03\/PIE-RADIO-2-230x173.jpg",230,173,true],"sydney-service-thumb":["https:\/\/site.educa.madrid.org\/cp.infantaleonor.sanagustin\/\/wp-content\/uploads\/cp.infantaleonor.sanagustin\/2025\/03\/PIE-RADIO-2-350x263.jpg",350,263,true],"sydney-mas-thumb":["https:\/\/site.educa.madrid.org\/cp.infantaleonor.sanagustin\/\/wp-content\/uploads\/cp.infantaleonor.sanagustin\/2025\/03\/PIE-RADIO-2-480x361.jpg",480,361,true],"sow-carousel-default":["https:\/\/site.educa.madrid.org\/cp.infantaleonor.sanagustin\/\/wp-content\/uploads\/cp.infantaleonor.sanagustin\/2025\/03\/PIE-RADIO-2-272x182.jpg",272,182,true],"sow-post-carousel-overlay-theme":["https:\/\/site.educa.madrid.org\/cp.infantaleonor.sanagustin\/\/wp-content\/uploads\/cp.infantaleonor.sanagustin\/2025\/03\/PIE-RADIO-2.jpg",360,270,false],"sow-post-carousel-cards-theme":["https:\/\/site.educa.madrid.org\/cp.infantaleonor.sanagustin\/\/wp-content\/uploads\/cp.infantaleonor.sanagustin\/2025\/03\/PIE-RADIO-2.jpg",320,240,false],"rt_custom":["https:\/\/site.educa.madrid.org\/cp.infantaleonor.sanagustin\/\/wp-content\/uploads\/cp.infantaleonor.sanagustin\/2025\/03\/PIE-RADIO-2.jpg",900,676,false]},"rttpg_author":{"display_name":"cp.infantaleonor.sanagustin","author_link":"https:\/\/site.educa.madrid.org\/cp.infantaleonor.sanagustin\/index.php\/author\/cuenta_cp-infantaleonor-sanagustin\/"},"rttpg_comment":0,"rttpg_category":"<a href=\"https:\/\/site.educa.madrid.org\/cp.infantaleonor.sanagustin\/index.php\/category\/proyectos-iniciativa-pedagogica\/\" rel=\"category tag\">Proyectos Iniciativa Pedag\u00f3gica<\/a>","rttpg_excerpt":null,"post_mailing_queue_ids":[],"_links":{"self":[{"href":"https:\/\/site.educa.madrid.org\/cp.infantaleonor.sanagustin\/index.php\/wp-json\/wp\/v2\/posts\/25596","targetHints":{"allow":["GET"]}}],"collection":[{"href":"https:\/\/site.educa.madrid.org\/cp.infantaleonor.sanagustin\/index.php\/wp-json\/wp\/v2\/posts"}],"about":[{"href":"https:\/\/site.educa.madrid.org\/cp.infantaleonor.sanagustin\/index.php\/wp-json\/wp\/v2\/types\/post"}],"author":[{"embeddable":true,"href":"https:\/\/site.educa.madrid.org\/cp.infantaleonor.sanagustin\/index.php\/wp-json\/wp\/v2\/users\/3"}],"replies":[{"embeddable":true,"href":"https:\/\/site.educa.madrid.org\/cp.infantaleonor.sanagustin\/index.php\/wp-json\/wp\/v2\/comments?post=25596"}],"version-history":[{"count":6,"href":"https:\/\/site.educa.madrid.org\/cp.infantaleonor.sanagustin\/index.php\/wp-json\/wp\/v2\/posts\/25596\/revisions"}],"predecessor-version":[{"id":25604,"href":"https:\/\/site.educa.madrid.org\/cp.infantaleonor.sanagustin\/index.php\/wp-json\/wp\/v2\/posts\/25596\/revisions\/25604"}],"wp:featuredmedia":[{"embeddable":true,"href":"https:\/\/site.educa.madrid.org\/cp.infantaleonor.sanagustin\/index.php\/wp-json\/wp\/v2\/media\/20597"}],"wp:attachment":[{"href":"https:\/\/site.educa.madrid.org\/cp.infantaleonor.sanagustin\/index.php\/wp-json\/wp\/v2\/media?parent=25596"}],"wp:term":[{"taxonomy":"category","embeddable":true,"href":"https:\/\/site.educa.madrid.org\/cp.infantaleonor.sanagustin\/index.php\/wp-json\/wp\/v2\/categories?post=25596"},{"taxonomy":"post_tag","embeddable":true,"href":"https:\/\/site.educa.madrid.org\/cp.infantaleonor.sanagustin\/index.php\/wp-json\/wp\/v2\/tags?post=25596"},{"taxonomy":"post_folder","embeddable":true,"href":"https:\/\/site.educa.madrid.org\/cp.infantaleonor.sanagustin\/index.php\/wp-json\/wp\/v2\/post_folder?post=25596"}],"curies":[{"name":"wp","href":"https:\/\/api.w.org\/{rel}","templated":true}]}}