{"id":25624,"date":"2026-08-27T19:03:05","date_gmt":"2026-08-27T17:03:05","guid":{"rendered":"https:\/\/site.educa.madrid.org\/cp.infantaleonor.sanagustin\/?p=25624"},"modified":"2026-08-27T19:16:07","modified_gmt":"2026-08-27T17:16:07","slug":"reunion-infantil-3-anos-26","status":"publish","type":"post","link":"https:\/\/site.educa.madrid.org\/cp.infantaleonor.sanagustin\/index.php\/2026\/08\/27\/reunion-infantil-3-anos-26\/","title":{"rendered":"Reuni\u00f3n general de Infantil 3 a\u00f1os"},"content":{"rendered":"\n<div class=\"wp-block-rttpg-row alignfull rttpg-block-postgrid rttpg-block-d85284 rttpg-block rttpg-row-wrap rttpg-block-frontend\" style=\"--d-gap-x:20px;--t-gap-x:20px;--m-gap-x:20px;--d-gap-y:20px;--t-gap-y:20px;--m-gap-y:20px\"><div class=\"rttpg-container\"><div class=\"rttpg-row\">\n<div class=\"wp-block-rttpg-column rttpg-block-postgrid rttpg-block-c4c878 rttpg-block rttpg-column rttpg-block-frontend\"><div id=\"pl-gb25624-6a9734413d5d5\"  class=\"panel-layout wp-block-siteorigin-panels-layout-block panel-layout\" ><div id=\"pg-gb25624-6a9734413d5d5-0\"  class=\"panel-grid panel-has-style\" ><div style=\"padding: 100px 0; \" data-overlay=\"true\" data-overlay-color=\"#000000\" class=\"panel-row-style panel-row-style-for-gb25624-6a9734413d5d5-0\" ><div id=\"pgc-gb25624-6a9734413d5d5-0-0\"  class=\"panel-grid-cell\" ><div id=\"panel-gb25624-6a9734413d5d5-0-0-0\" class=\"so-panel widget widget_sow-editor panel-first-child panel-last-child\" data-index=\"0\" ><div style=\"text-align: left;\" data-title-color=\"#443f3f\" data-headings-color=\"#443f3f\" class=\"panel-widget-style panel-widget-style-for-gb25624-6a9734413d5d5-0-0-0\" ><div\n\t\t\t\n\t\t\tclass=\"so-widget-sow-editor so-widget-sow-editor-base\"\n\t\t\t\n\t\t>\n<div class=\"siteorigin-widget-tinymce textwidget\">\n\t<p>Se convoca a las familias del alumnado de\u00a0Infantil 3 a\u00f1os A y B\u00a0a la\u00a0reuni\u00f3n general de Infantil 3 a\u00f1os, que tendr\u00e1 lugar el pr\u00f3ximo\u00a0jueves 3 de septiembre de 2026, a las 09:15 horas.<br \/>\nEn esta reuni\u00f3n tendr\u00e9is la oportunidad de\u00a0conocer a las tutoras y al equipo docente\u00a0que acompa\u00f1ar\u00e1 a vuestros hijos e hijas durante este curso, as\u00ed como de recibir informaci\u00f3n sobre la\u00a0organizaci\u00f3n del curso y el periodo de adaptaci\u00f3n.<br \/>\nOs esperamos para compartir este primer encuentro y resolver las dudas que puedan surgir ante el inicio de esta nueva etapa.<\/p>\n<h4>Importante: Ya puedes realizar la inscripci\u00f3n de socios AMPA para el curso 2026\/2027.<br \/>\nEl enlace del formulario:<br \/>\n<a href=\"https:\/\/forms.gle\/WfSPDz4r3A2G2EC79\" target=\"_blank\" rel=\"noopener\">https:\/\/forms.gle\/WfSPDz4r3A2G2EC79<\/a><\/h4>\n<\/div>\n<\/div><\/div><\/div><\/div><\/div><\/div><\/div><\/div>\n<\/div><\/div><\/div>\n\n\n\n<div class=\"wp-block-rttpg-row alignfull rttpg-block-postgrid rttpg-block-766540 rttpg-block rttpg-row-wrap rttpg-block-frontend\" style=\"--d-gap-x:20px;--t-gap-x:20px;--m-gap-x:20px;--d-gap-y:20px;--t-gap-y:20px;--m-gap-y:20px\"><div class=\"rttpg-container\"><div class=\"rttpg-row\">\n<div class=\"wp-block-rttpg-column rttpg-block-postgrid rttpg-block-17b2ea rttpg-block rttpg-column rttpg-block-frontend\">\n<div data-wp-interactive=\"core\/file\" class=\"wp-block-file aligncenter\"><object data-wp-bind--hidden=\"!state.hasPdfPreview\" hidden class=\"wp-block-file__embed\" data=\"https:\/\/site.educa.madrid.org\/cp.infantaleonor.sanagustin\/\/wp-content\/uploads\/cp.infantaleonor.sanagustin\/2026\/08\/26-27-Reunion-presencial-familias-infantil-3-anos-A-B.pdf\" type=\"application\/pdf\" style=\"width:100%;height:400px\" aria-label=\"Incrustado de 26-27 Reuni\u00f3n presencial familias infantil 3 a\u00f1os A-B.\"><\/object><a id=\"wp-block-file--media-8f9c682f-a630-4040-a149-76078ee47267\" href=\"https:\/\/site.educa.madrid.org\/cp.infantaleonor.sanagustin\/\/wp-content\/uploads\/cp.infantaleonor.sanagustin\/2026\/08\/26-27-Reunion-presencial-familias-infantil-3-anos-A-B.pdf\">26-27 Reuni\u00f3n presencial familias infantil 3 a\u00f1os A-B<\/a><a href=\"https:\/\/site.educa.madrid.org\/cp.infantaleonor.sanagustin\/\/wp-content\/uploads\/cp.infantaleonor.sanagustin\/2026\/08\/26-27-Reunion-presencial-familias-infantil-3-anos-A-B.pdf\" class=\"wp-block-file__button wp-element-button\" download aria-describedby=\"wp-block-file--media-8f9c682f-a630-4040-a149-76078ee47267\">Descarga<\/a><\/div>\n<\/div>\n\n\n\n<div class=\"wp-block-rttpg-column rttpg-block-postgrid rttpg-block-03c50e rttpg-block rttpg-column rttpg-block-frontend\">\n<div data-wp-interactive=\"core\/file\" class=\"wp-block-file aligncenter\"><object data-wp-bind--hidden=\"!state.hasPdfPreview\" hidden class=\"wp-block-file__embed\" data=\"https:\/\/site.educa.madrid.org\/cp.infantaleonor.sanagustin\/\/wp-content\/uploads\/cp.infantaleonor.sanagustin\/2026\/08\/31-07-2026-Informacion-Familias-3-anos-A-B-Curso-2026-27.pdf\" type=\"application\/pdf\" style=\"width:100%;height:400px\" aria-label=\"Incrustado de 31-07-2026 Informaci\u00f3n Familias 3 a\u00f1os A-B Curso 2026-27.\"><\/object><a id=\"wp-block-file--media-f22724c0-0762-49ec-bd3c-ef00c340d3f5\" href=\"https:\/\/site.educa.madrid.org\/cp.infantaleonor.sanagustin\/\/wp-content\/uploads\/cp.infantaleonor.sanagustin\/2026\/08\/31-07-2026-Informacion-Familias-3-anos-A-B-Curso-2026-27.pdf\">31-07-2026 Informaci\u00f3n Familias 3 a\u00f1os A-B Curso 2026-27<\/a><a href=\"https:\/\/site.educa.madrid.org\/cp.infantaleonor.sanagustin\/\/wp-content\/uploads\/cp.infantaleonor.sanagustin\/2026\/08\/31-07-2026-Informacion-Familias-3-anos-A-B-Curso-2026-27.pdf\" class=\"wp-block-file__button wp-element-button\" download aria-describedby=\"wp-block-file--media-f22724c0-0762-49ec-bd3c-ef00c340d3f5\">Descarga<\/a><\/div>\n<\/div>\n\n\n\n<div class=\"wp-block-rttpg-column rttpg-block-postgrid rttpg-block-91b3e7 rttpg-block rttpg-column rttpg-block-frontend\">\n<div data-wp-interactive=\"core\/file\" class=\"wp-block-file aligncenter\"><object data-wp-bind--hidden=\"!state.hasPdfPreview\" hidden class=\"wp-block-file__embed\" data=\"https:\/\/site.educa.madrid.org\/cp.infantaleonor.sanagustin\/\/wp-content\/uploads\/cp.infantaleonor.sanagustin\/2026\/08\/Socio-AMPA-y-cambio-ropa-AMPA-CEIP-INFANTA-LEONOR-26-27.pdf\" type=\"application\/pdf\" style=\"width:100%;height:400px\" aria-label=\"Incrustado de Socio AMPA y cambio ropa AMPA CEIP INFANTA LEONOR 26-27.\"><\/object><a id=\"wp-block-file--media-d700cdac-cafc-4920-b6bb-cb86a2f71220\" href=\"https:\/\/site.educa.madrid.org\/cp.infantaleonor.sanagustin\/\/wp-content\/uploads\/cp.infantaleonor.sanagustin\/2026\/08\/Socio-AMPA-y-cambio-ropa-AMPA-CEIP-INFANTA-LEONOR-26-27.pdf\">Socio AMPA y cambio ropa AMPA CEIP INFANTA LEONOR 26-27<\/a><a href=\"https:\/\/site.educa.madrid.org\/cp.infantaleonor.sanagustin\/\/wp-content\/uploads\/cp.infantaleonor.sanagustin\/2026\/08\/Socio-AMPA-y-cambio-ropa-AMPA-CEIP-INFANTA-LEONOR-26-27.pdf\" class=\"wp-block-file__button wp-element-button\" download aria-describedby=\"wp-block-file--media-d700cdac-cafc-4920-b6bb-cb86a2f71220\">Descarga<\/a><\/div>\n<\/div>\n<\/div><\/div><\/div>\n\n\n\n<div style=\"height:62px\" aria-hidden=\"true\" class=\"wp-block-spacer\"><\/div>\n\n\n\n<p><\/p>\n","protected":false},"excerpt":{"rendered":"","protected":false},"author":3,"featured_media":25625,"comment_status":"closed","ping_status":"closed","sticky":false,"template":"","format":"standard","meta":{"footnotes":""},"categories":[51,24],"tags":[],"post_folder":[],"class_list":["post-25624","post","type-post","status-publish","format-standard","has-post-thumbnail","hentry","category-1o-trimestre-26-27","category-novedades"],"rttpg_featured_image_url":{"full":["https:\/\/site.educa.madrid.org\/cp.infantaleonor.sanagustin\/\/wp-content\/uploads\/cp.infantaleonor.sanagustin\/2026\/08\/balakirphoto-kids-4813443_1920.jpg",1280,900,false],"landscape":["https:\/\/site.educa.madrid.org\/cp.infantaleonor.sanagustin\/\/wp-content\/uploads\/cp.infantaleonor.sanagustin\/2026\/08\/balakirphoto-kids-4813443_1920.jpg",1280,900,false],"portraits":["https:\/\/site.educa.madrid.org\/cp.infantaleonor.sanagustin\/\/wp-content\/uploads\/cp.infantaleonor.sanagustin\/2026\/08\/balakirphoto-kids-4813443_1920.jpg",1280,900,false],"thumbnail":["https:\/\/site.educa.madrid.org\/cp.infantaleonor.sanagustin\/\/wp-content\/uploads\/cp.infantaleonor.sanagustin\/2026\/08\/balakirphoto-kids-4813443_1920-150x150.jpg",150,150,true],"medium":["https:\/\/site.educa.madrid.org\/cp.infantaleonor.sanagustin\/\/wp-content\/uploads\/cp.infantaleonor.sanagustin\/2026\/08\/balakirphoto-kids-4813443_1920-300x211.jpg",300,211,true],"large":["https:\/\/site.educa.madrid.org\/cp.infantaleonor.sanagustin\/\/wp-content\/uploads\/cp.infantaleonor.sanagustin\/2026\/08\/balakirphoto-kids-4813443_1920-1024x720.jpg",1024,720,true],"thumblist":["https:\/\/site.educa.madrid.org\/cp.infantaleonor.sanagustin\/\/wp-content\/uploads\/cp.infantaleonor.sanagustin\/2026\/08\/balakirphoto-kids-4813443_1920-300x300.jpg",300,300,true],"thumbrelated":["https:\/\/site.educa.madrid.org\/cp.infantaleonor.sanagustin\/\/wp-content\/uploads\/cp.infantaleonor.sanagustin\/2026\/08\/balakirphoto-kids-4813443_1920-500x500.jpg",500,500,true],"meccarouselthumb":["https:\/\/site.educa.madrid.org\/cp.infantaleonor.sanagustin\/\/wp-content\/uploads\/cp.infantaleonor.sanagustin\/2026\/08\/balakirphoto-kids-4813443_1920-474x324.jpg",474,324,true],"gridsquare":["https:\/\/site.educa.madrid.org\/cp.infantaleonor.sanagustin\/\/wp-content\/uploads\/cp.infantaleonor.sanagustin\/2026\/08\/balakirphoto-kids-4813443_1920-391x260.jpg",391,260,true],"tileview":["https:\/\/site.educa.madrid.org\/cp.infantaleonor.sanagustin\/\/wp-content\/uploads\/cp.infantaleonor.sanagustin\/2026\/08\/balakirphoto-kids-4813443_1920-300x400.jpg",300,400,true],"1536x1536":["https:\/\/site.educa.madrid.org\/cp.infantaleonor.sanagustin\/\/wp-content\/uploads\/cp.infantaleonor.sanagustin\/2026\/08\/balakirphoto-kids-4813443_1920.jpg",1280,900,false],"2048x2048":["https:\/\/site.educa.madrid.org\/cp.infantaleonor.sanagustin\/\/wp-content\/uploads\/cp.infantaleonor.sanagustin\/2026\/08\/balakirphoto-kids-4813443_1920.jpg",1280,900,false],"sydney-large-thumb":["https:\/\/site.educa.madrid.org\/cp.infantaleonor.sanagustin\/\/wp-content\/uploads\/cp.infantaleonor.sanagustin\/2026\/08\/balakirphoto-kids-4813443_1920-1000x703.jpg",1000,703,true],"sydney-medium-thumb":["https:\/\/site.educa.madrid.org\/cp.infantaleonor.sanagustin\/\/wp-content\/uploads\/cp.infantaleonor.sanagustin\/2026\/08\/balakirphoto-kids-4813443_1920-550x400.jpg",550,400,true],"sydney-small-thumb":["https:\/\/site.educa.madrid.org\/cp.infantaleonor.sanagustin\/\/wp-content\/uploads\/cp.infantaleonor.sanagustin\/2026\/08\/balakirphoto-kids-4813443_1920-230x162.jpg",230,162,true],"sydney-service-thumb":["https:\/\/site.educa.madrid.org\/cp.infantaleonor.sanagustin\/\/wp-content\/uploads\/cp.infantaleonor.sanagustin\/2026\/08\/balakirphoto-kids-4813443_1920-350x246.jpg",350,246,true],"sydney-mas-thumb":["https:\/\/site.educa.madrid.org\/cp.infantaleonor.sanagustin\/\/wp-content\/uploads\/cp.infantaleonor.sanagustin\/2026\/08\/balakirphoto-kids-4813443_1920-480x338.jpg",480,338,true],"sow-carousel-default":["https:\/\/site.educa.madrid.org\/cp.infantaleonor.sanagustin\/\/wp-content\/uploads\/cp.infantaleonor.sanagustin\/2026\/08\/balakirphoto-kids-4813443_1920-272x182.jpg",272,182,true],"sow-post-carousel-overlay-theme":["https:\/\/site.educa.madrid.org\/cp.infantaleonor.sanagustin\/\/wp-content\/uploads\/cp.infantaleonor.sanagustin\/2026\/08\/balakirphoto-kids-4813443_1920-360x476.jpg",360,476,true],"sow-post-carousel-cards-theme":["https:\/\/site.educa.madrid.org\/cp.infantaleonor.sanagustin\/\/wp-content\/uploads\/cp.infantaleonor.sanagustin\/2026\/08\/balakirphoto-kids-4813443_1920-360x240.jpg",360,240,true],"rt_custom":["https:\/\/site.educa.madrid.org\/cp.infantaleonor.sanagustin\/\/wp-content\/uploads\/cp.infantaleonor.sanagustin\/2026\/08\/balakirphoto-kids-4813443_1920.jpg",1280,900,false]},"rttpg_author":{"display_name":"cp.infantaleonor.sanagustin","author_link":"https:\/\/site.educa.madrid.org\/cp.infantaleonor.sanagustin\/index.php\/author\/cuenta_cp-infantaleonor-sanagustin\/"},"rttpg_comment":0,"rttpg_category":"<a href=\"https:\/\/site.educa.madrid.org\/cp.infantaleonor.sanagustin\/index.php\/category\/1o-trimestre-26-27\/\" rel=\"category tag\">1\u00ba trimestre 26-27<\/a> <a href=\"https:\/\/site.educa.madrid.org\/cp.infantaleonor.sanagustin\/index.php\/category\/novedades\/\" rel=\"category tag\">Novedades<\/a>","rttpg_excerpt":null,"post_mailing_queue_ids":[],"_links":{"self":[{"href":"https:\/\/site.educa.madrid.org\/cp.infantaleonor.sanagustin\/index.php\/wp-json\/wp\/v2\/posts\/25624","targetHints":{"allow":["GET"]}}],"collection":[{"href":"https:\/\/site.educa.madrid.org\/cp.infantaleonor.sanagustin\/index.php\/wp-json\/wp\/v2\/posts"}],"about":[{"href":"https:\/\/site.educa.madrid.org\/cp.infantaleonor.sanagustin\/index.php\/wp-json\/wp\/v2\/types\/post"}],"author":[{"embeddable":true,"href":"https:\/\/site.educa.madrid.org\/cp.infantaleonor.sanagustin\/index.php\/wp-json\/wp\/v2\/users\/3"}],"replies":[{"embeddable":true,"href":"https:\/\/site.educa.madrid.org\/cp.infantaleonor.sanagustin\/index.php\/wp-json\/wp\/v2\/comments?post=25624"}],"version-history":[{"count":3,"href":"https:\/\/site.educa.madrid.org\/cp.infantaleonor.sanagustin\/index.php\/wp-json\/wp\/v2\/posts\/25624\/revisions"}],"predecessor-version":[{"id":25632,"href":"https:\/\/site.educa.madrid.org\/cp.infantaleonor.sanagustin\/index.php\/wp-json\/wp\/v2\/posts\/25624\/revisions\/25632"}],"wp:featuredmedia":[{"embeddable":true,"href":"https:\/\/site.educa.madrid.org\/cp.infantaleonor.sanagustin\/index.php\/wp-json\/wp\/v2\/media\/25625"}],"wp:attachment":[{"href":"https:\/\/site.educa.madrid.org\/cp.infantaleonor.sanagustin\/index.php\/wp-json\/wp\/v2\/media?parent=25624"}],"wp:term":[{"taxonomy":"category","embeddable":true,"href":"https:\/\/site.educa.madrid.org\/cp.infantaleonor.sanagustin\/index.php\/wp-json\/wp\/v2\/categories?post=25624"},{"taxonomy":"post_tag","embeddable":true,"href":"https:\/\/site.educa.madrid.org\/cp.infantaleonor.sanagustin\/index.php\/wp-json\/wp\/v2\/tags?post=25624"},{"taxonomy":"post_folder","embeddable":true,"href":"https:\/\/site.educa.madrid.org\/cp.infantaleonor.sanagustin\/index.php\/wp-json\/wp\/v2\/post_folder?post=25624"}],"curies":[{"name":"wp","href":"https:\/\/api.w.org\/{rel}","templated":true}]}}