{"id":25639,"date":"2026-08-27T19:21:19","date_gmt":"2026-08-27T17:21:19","guid":{"rendered":"https:\/\/site.educa.madrid.org\/cp.infantaleonor.sanagustin\/?p=25639"},"modified":"2026-08-27T19:21:41","modified_gmt":"2026-08-27T17:21:41","slug":"reunion-familias-eie-ebo","status":"publish","type":"post","link":"https:\/\/site.educa.madrid.org\/cp.infantaleonor.sanagustin\/index.php\/2026\/08\/27\/reunion-familias-eie-ebo\/","title":{"rendered":"Reuni\u00f3n familias Unidades de Educaci\u00f3n Especial (EIE y EBO)"},"content":{"rendered":"\n<div class=\"wp-block-rttpg-row alignfull rttpg-block-postgrid rttpg-block-90a65b rttpg-block rttpg-row-wrap rttpg-block-frontend\" style=\"--d-gap-x:20px;--t-gap-x:20px;--m-gap-x:20px;--d-gap-y:20px;--t-gap-y:20px;--m-gap-y:20px\"><div class=\"rttpg-container\"><div class=\"rttpg-row\">\n<div class=\"wp-block-rttpg-column rttpg-block-postgrid rttpg-block-62d802 rttpg-block rttpg-column rttpg-block-frontend\"><div id=\"pl-gb25639-6a97344094eec\"  class=\"panel-layout wp-block-siteorigin-panels-layout-block panel-layout\" ><div id=\"pg-gb25639-6a97344094eec-0\"  class=\"panel-grid panel-has-style\" ><div style=\"padding: 100px 0; \" data-overlay=\"true\" data-overlay-color=\"#000000\" class=\"panel-row-style panel-row-style-for-gb25639-6a97344094eec-0\" ><div id=\"pgc-gb25639-6a97344094eec-0-0\"  class=\"panel-grid-cell\" ><div id=\"panel-gb25639-6a97344094eec-0-0-0\" class=\"so-panel widget widget_sow-editor panel-first-child panel-last-child\" data-index=\"0\" ><div style=\"text-align: left;\" data-title-color=\"#443f3f\" data-headings-color=\"#443f3f\" class=\"panel-widget-style panel-widget-style-for-gb25639-6a97344094eec-0-0-0\" ><div\n\t\t\t\n\t\t\tclass=\"so-widget-sow-editor so-widget-sow-editor-base\"\n\t\t\t\n\t\t>\n<div class=\"siteorigin-widget-tinymce textwidget\">\n\t<p>Se convoca a las familias del alumnado de las\u00a0<strong>Unidades Espec\u00edficas de Educaci\u00f3n Especial (Educaci\u00f3n Infantil Especial y Educaci\u00f3n B\u00e1sica Obligatoria)\u00a0<\/strong>a la reuni\u00f3n general de inicio de curso.<\/p>\n<p>En este encuentro se presentar\u00e1n los\u00a0<strong>nuevos agrupamientos,<\/strong> as\u00ed como las\u00a0tutoras, el equipo docente y el personal de apoyo y atenci\u00f3n educativa\u00a0que acompa\u00f1ar\u00e1 a vuestros hijos e hijas durante el curso: t\u00e9cnicos especialistas III, t\u00e9cnico de integraci\u00f3n social, fisioterapeuta, enfermera y dem\u00e1s profesionales que forman parte del equipo.<\/p>\n<p>Asimismo, se ofrecer\u00e1<strong>\u00a0informaci\u00f3n general sobre la organizaci\u00f3n y el funcionamiento del curso<\/strong>, los principales aspectos de la atenci\u00f3n educativa y la coordinaci\u00f3n entre los diferentes profesionales que intervienen con el alumnado.<br \/>\nFinalmente, se abrir\u00e1 un espacio para\u00a0<strong>resolver dudas, consultas y preguntas<\/strong>, favoreciendo un di\u00e1logo cercano con las familias y compartiendo toda aquella informaci\u00f3n que contribuya a un buen comienzo de curso.<\/p>\n<p><strong>Un nuevo curso, nuevos equipos y nuevos retos que afrontaremos juntos, acompa\u00f1ando a cada alumno y alumna en su desarrollo y aprendizaje.<\/strong><\/p>\n<\/div>\n<\/div><\/div><\/div><\/div><\/div><\/div><\/div><\/div>\n<\/div><\/div><\/div>\n\n\n\n<div class=\"wp-block-rttpg-row alignfull rttpg-block-postgrid rttpg-block-769a3e rttpg-block rttpg-row-wrap rttpg-block-frontend\" style=\"--d-gap-x:20px;--t-gap-x:20px;--m-gap-x:20px;--d-gap-y:20px;--t-gap-y:20px;--m-gap-y:20px\"><div class=\"rttpg-container\"><div class=\"rttpg-row\">\n<div class=\"wp-block-rttpg-column rttpg-block-postgrid rttpg-block-e9a756 rttpg-block rttpg-column rttpg-block-frontend\"><\/div>\n\n\n\n<div class=\"wp-block-rttpg-column rttpg-block-postgrid rttpg-block-09b399 rttpg-block rttpg-column rttpg-block-frontend\">\n<div data-wp-interactive=\"core\/file\" class=\"wp-block-file aligncenter\"><object data-wp-bind--hidden=\"!state.hasPdfPreview\" hidden class=\"wp-block-file__embed\" data=\"https:\/\/site.educa.madrid.org\/cp.infantaleonor.sanagustin\/\/wp-content\/uploads\/cp.infantaleonor.sanagustin\/2026\/08\/26-27-Reunion-AULAS-UNIVERSO-Educacion-Especial.pdf\" type=\"application\/pdf\" style=\"width:100%;height:400px\" aria-label=\"Incrustado de 26-27 Reuni\u00f3n AULAS UNIVERSO Educaci\u00f3n Especial.\"><\/object><a id=\"wp-block-file--media-91a873cf-9fe4-4515-a8e4-cb464c6b6228\" href=\"https:\/\/site.educa.madrid.org\/cp.infantaleonor.sanagustin\/\/wp-content\/uploads\/cp.infantaleonor.sanagustin\/2026\/08\/26-27-Reunion-AULAS-UNIVERSO-Educacion-Especial.pdf\">26-27 Reuni\u00f3n AULAS UNIVERSO Educaci\u00f3n Especial<\/a><a href=\"https:\/\/site.educa.madrid.org\/cp.infantaleonor.sanagustin\/\/wp-content\/uploads\/cp.infantaleonor.sanagustin\/2026\/08\/26-27-Reunion-AULAS-UNIVERSO-Educacion-Especial.pdf\" class=\"wp-block-file__button wp-element-button\" download aria-describedby=\"wp-block-file--media-91a873cf-9fe4-4515-a8e4-cb464c6b6228\">Descarga<\/a><\/div>\n<\/div>\n\n\n\n<div class=\"wp-block-rttpg-column rttpg-block-postgrid rttpg-block-4a7ce9 rttpg-block rttpg-column rttpg-block-frontend\"><\/div>\n<\/div><\/div><\/div>\n\n\n\n<div style=\"height:62px\" aria-hidden=\"true\" class=\"wp-block-spacer\"><\/div>\n\n\n\n<p><\/p>\n","protected":false},"excerpt":{"rendered":"","protected":false},"author":3,"featured_media":25640,"comment_status":"closed","ping_status":"closed","sticky":false,"template":"","format":"standard","meta":{"footnotes":""},"categories":[51,24],"tags":[],"post_folder":[],"class_list":["post-25639","post","type-post","status-publish","format-standard","has-post-thumbnail","hentry","category-1o-trimestre-26-27","category-novedades"],"rttpg_featured_image_url":{"full":["https:\/\/site.educa.madrid.org\/cp.infantaleonor.sanagustin\/\/wp-content\/uploads\/cp.infantaleonor.sanagustin\/2026\/08\/anemone123-team-spirit-2781805_1280.jpg",1280,1037,false],"landscape":["https:\/\/site.educa.madrid.org\/cp.infantaleonor.sanagustin\/\/wp-content\/uploads\/cp.infantaleonor.sanagustin\/2026\/08\/anemone123-team-spirit-2781805_1280.jpg",1280,1037,false],"portraits":["https:\/\/site.educa.madrid.org\/cp.infantaleonor.sanagustin\/\/wp-content\/uploads\/cp.infantaleonor.sanagustin\/2026\/08\/anemone123-team-spirit-2781805_1280.jpg",1280,1037,false],"thumbnail":["https:\/\/site.educa.madrid.org\/cp.infantaleonor.sanagustin\/\/wp-content\/uploads\/cp.infantaleonor.sanagustin\/2026\/08\/anemone123-team-spirit-2781805_1280-150x150.jpg",150,150,true],"medium":["https:\/\/site.educa.madrid.org\/cp.infantaleonor.sanagustin\/\/wp-content\/uploads\/cp.infantaleonor.sanagustin\/2026\/08\/anemone123-team-spirit-2781805_1280-300x243.jpg",300,243,true],"large":["https:\/\/site.educa.madrid.org\/cp.infantaleonor.sanagustin\/\/wp-content\/uploads\/cp.infantaleonor.sanagustin\/2026\/08\/anemone123-team-spirit-2781805_1280-1024x830.jpg",1024,830,true],"thumblist":["https:\/\/site.educa.madrid.org\/cp.infantaleonor.sanagustin\/\/wp-content\/uploads\/cp.infantaleonor.sanagustin\/2026\/08\/anemone123-team-spirit-2781805_1280-300x300.jpg",300,300,true],"thumbrelated":["https:\/\/site.educa.madrid.org\/cp.infantaleonor.sanagustin\/\/wp-content\/uploads\/cp.infantaleonor.sanagustin\/2026\/08\/anemone123-team-spirit-2781805_1280-500x500.jpg",500,500,true],"meccarouselthumb":["https:\/\/site.educa.madrid.org\/cp.infantaleonor.sanagustin\/\/wp-content\/uploads\/cp.infantaleonor.sanagustin\/2026\/08\/anemone123-team-spirit-2781805_1280-474x324.jpg",474,324,true],"gridsquare":["https:\/\/site.educa.madrid.org\/cp.infantaleonor.sanagustin\/\/wp-content\/uploads\/cp.infantaleonor.sanagustin\/2026\/08\/anemone123-team-spirit-2781805_1280-391x260.jpg",391,260,true],"tileview":["https:\/\/site.educa.madrid.org\/cp.infantaleonor.sanagustin\/\/wp-content\/uploads\/cp.infantaleonor.sanagustin\/2026\/08\/anemone123-team-spirit-2781805_1280-300x400.jpg",300,400,true],"1536x1536":["https:\/\/site.educa.madrid.org\/cp.infantaleonor.sanagustin\/\/wp-content\/uploads\/cp.infantaleonor.sanagustin\/2026\/08\/anemone123-team-spirit-2781805_1280.jpg",1280,1037,false],"2048x2048":["https:\/\/site.educa.madrid.org\/cp.infantaleonor.sanagustin\/\/wp-content\/uploads\/cp.infantaleonor.sanagustin\/2026\/08\/anemone123-team-spirit-2781805_1280.jpg",1280,1037,false],"sydney-large-thumb":["https:\/\/site.educa.madrid.org\/cp.infantaleonor.sanagustin\/\/wp-content\/uploads\/cp.infantaleonor.sanagustin\/2026\/08\/anemone123-team-spirit-2781805_1280-1000x810.jpg",1000,810,true],"sydney-medium-thumb":["https:\/\/site.educa.madrid.org\/cp.infantaleonor.sanagustin\/\/wp-content\/uploads\/cp.infantaleonor.sanagustin\/2026\/08\/anemone123-team-spirit-2781805_1280-550x400.jpg",550,400,true],"sydney-small-thumb":["https:\/\/site.educa.madrid.org\/cp.infantaleonor.sanagustin\/\/wp-content\/uploads\/cp.infantaleonor.sanagustin\/2026\/08\/anemone123-team-spirit-2781805_1280-230x186.jpg",230,186,true],"sydney-service-thumb":["https:\/\/site.educa.madrid.org\/cp.infantaleonor.sanagustin\/\/wp-content\/uploads\/cp.infantaleonor.sanagustin\/2026\/08\/anemone123-team-spirit-2781805_1280-350x284.jpg",350,284,true],"sydney-mas-thumb":["https:\/\/site.educa.madrid.org\/cp.infantaleonor.sanagustin\/\/wp-content\/uploads\/cp.infantaleonor.sanagustin\/2026\/08\/anemone123-team-spirit-2781805_1280-480x389.jpg",480,389,true],"sow-carousel-default":["https:\/\/site.educa.madrid.org\/cp.infantaleonor.sanagustin\/\/wp-content\/uploads\/cp.infantaleonor.sanagustin\/2026\/08\/anemone123-team-spirit-2781805_1280-272x182.jpg",272,182,true],"sow-post-carousel-overlay-theme":["https:\/\/site.educa.madrid.org\/cp.infantaleonor.sanagustin\/\/wp-content\/uploads\/cp.infantaleonor.sanagustin\/2026\/08\/anemone123-team-spirit-2781805_1280-360x476.jpg",360,476,true],"sow-post-carousel-cards-theme":["https:\/\/site.educa.madrid.org\/cp.infantaleonor.sanagustin\/\/wp-content\/uploads\/cp.infantaleonor.sanagustin\/2026\/08\/anemone123-team-spirit-2781805_1280-360x240.jpg",360,240,true],"rt_custom":["https:\/\/site.educa.madrid.org\/cp.infantaleonor.sanagustin\/\/wp-content\/uploads\/cp.infantaleonor.sanagustin\/2026\/08\/anemone123-team-spirit-2781805_1280.jpg",1280,1037,false]},"rttpg_author":{"display_name":"cp.infantaleonor.sanagustin","author_link":"https:\/\/site.educa.madrid.org\/cp.infantaleonor.sanagustin\/index.php\/author\/cuenta_cp-infantaleonor-sanagustin\/"},"rttpg_comment":0,"rttpg_category":"<a href=\"https:\/\/site.educa.madrid.org\/cp.infantaleonor.sanagustin\/index.php\/category\/1o-trimestre-26-27\/\" rel=\"category tag\">1\u00ba trimestre 26-27<\/a> <a href=\"https:\/\/site.educa.madrid.org\/cp.infantaleonor.sanagustin\/index.php\/category\/novedades\/\" rel=\"category tag\">Novedades<\/a>","rttpg_excerpt":null,"post_mailing_queue_ids":[],"_links":{"self":[{"href":"https:\/\/site.educa.madrid.org\/cp.infantaleonor.sanagustin\/index.php\/wp-json\/wp\/v2\/posts\/25639","targetHints":{"allow":["GET"]}}],"collection":[{"href":"https:\/\/site.educa.madrid.org\/cp.infantaleonor.sanagustin\/index.php\/wp-json\/wp\/v2\/posts"}],"about":[{"href":"https:\/\/site.educa.madrid.org\/cp.infantaleonor.sanagustin\/index.php\/wp-json\/wp\/v2\/types\/post"}],"author":[{"embeddable":true,"href":"https:\/\/site.educa.madrid.org\/cp.infantaleonor.sanagustin\/index.php\/wp-json\/wp\/v2\/users\/3"}],"replies":[{"embeddable":true,"href":"https:\/\/site.educa.madrid.org\/cp.infantaleonor.sanagustin\/index.php\/wp-json\/wp\/v2\/comments?post=25639"}],"version-history":[{"count":2,"href":"https:\/\/site.educa.madrid.org\/cp.infantaleonor.sanagustin\/index.php\/wp-json\/wp\/v2\/posts\/25639\/revisions"}],"predecessor-version":[{"id":25643,"href":"https:\/\/site.educa.madrid.org\/cp.infantaleonor.sanagustin\/index.php\/wp-json\/wp\/v2\/posts\/25639\/revisions\/25643"}],"wp:featuredmedia":[{"embeddable":true,"href":"https:\/\/site.educa.madrid.org\/cp.infantaleonor.sanagustin\/index.php\/wp-json\/wp\/v2\/media\/25640"}],"wp:attachment":[{"href":"https:\/\/site.educa.madrid.org\/cp.infantaleonor.sanagustin\/index.php\/wp-json\/wp\/v2\/media?parent=25639"}],"wp:term":[{"taxonomy":"category","embeddable":true,"href":"https:\/\/site.educa.madrid.org\/cp.infantaleonor.sanagustin\/index.php\/wp-json\/wp\/v2\/categories?post=25639"},{"taxonomy":"post_tag","embeddable":true,"href":"https:\/\/site.educa.madrid.org\/cp.infantaleonor.sanagustin\/index.php\/wp-json\/wp\/v2\/tags?post=25639"},{"taxonomy":"post_folder","embeddable":true,"href":"https:\/\/site.educa.madrid.org\/cp.infantaleonor.sanagustin\/index.php\/wp-json\/wp\/v2\/post_folder?post=25639"}],"curies":[{"name":"wp","href":"https:\/\/api.w.org\/{rel}","templated":true}]}}