{"id":4374,"date":"2026-09-01T08:30:00","date_gmt":"2026-09-01T06:30:00","guid":{"rendered":"https:\/\/site.educa.madrid.org\/cp.josebergamin.boadilla\/?p=4374"},"modified":"2026-08-28T11:01:45","modified_gmt":"2026-08-28T09:01:45","slug":"jornada-intensiva-2627","status":"publish","type":"post","link":"https:\/\/site.educa.madrid.org\/cp.josebergamin.boadilla\/index.php\/2026\/09\/01\/jornada-intensiva-2627\/","title":{"rendered":"HORARIO JORNADA INTENSIVA (SEPTIEMBRE 26)"},"content":{"rendered":"\n<p class=\"has-text-align-left has-black-color has-text-color has-link-color has-medium-font-size wp-elements-02487362e39ea717629453e6b29bbae8\">Estimadas familias:<\/p>\n\n\n\n<p class=\"has-black-color has-text-color has-link-color has-medium-font-size wp-elements-9510f6679b4e6ce9e60791242f5a901b\">Os informamos que, durante el mes de septiembre, concretamente hasta el mi\u00e9rcoles 30 de septiembre, la jornada lectiva en el centro ser\u00e1 intensiva. Por lo tanto el periodo lectivo durante este\u00a0mes es <strong>de 09:00 a 13:00 horas<\/strong> mientras que para aquel alumnado que disfruta del<strong>\u00a0servicio de comedor, ser\u00e1 de 13:00 a 15:00 horas. <\/strong><\/p>\n\n\n\n<p class=\"has-black-color has-text-color has-link-color has-medium-font-size wp-elements-da694da09e4c2a71f557c30de6579b45\">A partir de las 14:50, la recogida de alumnos se har\u00e1 de la siguiente forma:<\/p>\n\n\n\n<ul class=\"wp-block-list\">\n<li class=\"has-black-color has-text-color has-link-color has-medium-font-size wp-elements-ad1b67c221846aee346d38b5b27929ec\">Los alumnos de E. Infantil (tres, cuatro y cinco a\u00f1os) ser\u00e1n recogidos en las escaleras de&nbsp; entrada de sus aulas correspondientes.<\/li>\n\n\n\n<li class=\"has-black-color has-text-color has-link-color has-medium-font-size wp-elements-2c253dffa2cc669425c477be260e6710\">1\u00ba, 2\u00ba y 3\u00ba de E. Primaria en el porche (igual que durante todo el curso)<\/li>\n\n\n\n<li class=\"has-black-color has-text-color has-link-color has-medium-font-size wp-elements-97422c36e6843cb0d6bdd1fd864905fd\">4\u00ba, 5\u00ba y 6\u00ba de E. Primaria se entregan en la puerta de arriba, al lado del polideportivo.<\/li>\n<\/ul>\n\n\n\n<p class=\"has-black-color has-text-color has-link-color has-medium-font-size wp-elements-67bb07d66a1b74dff871a3f6bb760134\">Durante el mes de septiembre no habr\u00e1 actividades extraescolares, no obstante, aquellas familias que lo deseen, podr\u00e1n hacer uso del horario ampliado inscribi\u00e9ndose en la actividad: \u201cLas tardes del cole &#8211; junio y septiembre 26-27\u201d, a trav\u00e9s de la web de SECOE (<a href=\"https:\/\/www.secoe.es\/\" target=\"_blank\" rel=\"noreferrer noopener\">www.secoe.es<\/a>). <\/p>\n\n\n\n<p class=\"has-black-color has-text-color has-link-color has-medium-font-size wp-elements-507af909448e1055c56a4e7b56375eb8\">Tambi\u00e9n se ofrece el servicio de ampliaci\u00f3n de horario&nbsp; con \u00abLos desayunos del colegio\u00bb, desde las 07:30 a las 09:00 horas.<\/p>\n\n\n\n<p class=\"has-text-align-left has-black-color has-text-color has-link-color has-medium-font-size wp-elements-92639f312cd377101b500faa066aa888\"><\/p>\n\n\n\n<p class=\"has-black-color has-text-color has-link-color has-medium-font-size wp-elements-9ea9de3557edab6b4469dff93e6affdc\"><\/p>\n","protected":false},"excerpt":{"rendered":"<p>Estimadas familias: Os informamos que, durante el mes de septiembre, concretamente hasta el mi\u00e9rcoles 30 de septiembre, la jornada lectiva en el centro ser\u00e1 intensiva. Por lo tanto el periodo &#8230;<\/p>\n","protected":false},"author":6,"featured_media":4385,"comment_status":"closed","ping_status":"closed","sticky":false,"template":"","format":"standard","meta":{"footnotes":""},"categories":[28,1,12],"tags":[24,25],"post_folder":[],"class_list":["post-4374","post","type-post","status-publish","format-standard","has-post-thumbnail","hentry","category-curso-26-27","category-inicio","category-novedades","tag-onda-bergamin","tag-radio-escolar"],"rttpg_featured_image_url":{"full":["https:\/\/site.educa.madrid.org\/cp.josebergamin.boadilla\/\/wp-content\/uploads\/cp.josebergamin.boadilla\/2026\/07\/jornada-intensica.jpg",1280,720,false],"landscape":["https:\/\/site.educa.madrid.org\/cp.josebergamin.boadilla\/\/wp-content\/uploads\/cp.josebergamin.boadilla\/2026\/07\/jornada-intensica.jpg",1280,720,false],"portraits":["https:\/\/site.educa.madrid.org\/cp.josebergamin.boadilla\/\/wp-content\/uploads\/cp.josebergamin.boadilla\/2026\/07\/jornada-intensica.jpg",1280,720,false],"thumbnail":["https:\/\/site.educa.madrid.org\/cp.josebergamin.boadilla\/\/wp-content\/uploads\/cp.josebergamin.boadilla\/2026\/07\/jornada-intensica-150x150.jpg",150,150,true],"medium":["https:\/\/site.educa.madrid.org\/cp.josebergamin.boadilla\/\/wp-content\/uploads\/cp.josebergamin.boadilla\/2026\/07\/jornada-intensica-300x169.jpg",300,169,true],"large":["https:\/\/site.educa.madrid.org\/cp.josebergamin.boadilla\/\/wp-content\/uploads\/cp.josebergamin.boadilla\/2026\/07\/jornada-intensica-1024x576.jpg",800,450,true],"thumblist":["https:\/\/site.educa.madrid.org\/cp.josebergamin.boadilla\/\/wp-content\/uploads\/cp.josebergamin.boadilla\/2026\/07\/jornada-intensica-300x300.jpg",300,300,true],"thumbrelated":["https:\/\/site.educa.madrid.org\/cp.josebergamin.boadilla\/\/wp-content\/uploads\/cp.josebergamin.boadilla\/2026\/07\/jornada-intensica-500x500.jpg",500,500,true],"meccarouselthumb":["https:\/\/site.educa.madrid.org\/cp.josebergamin.boadilla\/\/wp-content\/uploads\/cp.josebergamin.boadilla\/2026\/07\/jornada-intensica-474x324.jpg",474,324,true],"gridsquare":["https:\/\/site.educa.madrid.org\/cp.josebergamin.boadilla\/\/wp-content\/uploads\/cp.josebergamin.boadilla\/2026\/07\/jornada-intensica-391x260.jpg",391,260,true],"tileview":["https:\/\/site.educa.madrid.org\/cp.josebergamin.boadilla\/\/wp-content\/uploads\/cp.josebergamin.boadilla\/2026\/07\/jornada-intensica-300x400.jpg",300,400,true],"1536x1536":["https:\/\/site.educa.madrid.org\/cp.josebergamin.boadilla\/\/wp-content\/uploads\/cp.josebergamin.boadilla\/2026\/07\/jornada-intensica.jpg",1280,720,false],"2048x2048":["https:\/\/site.educa.madrid.org\/cp.josebergamin.boadilla\/\/wp-content\/uploads\/cp.josebergamin.boadilla\/2026\/07\/jornada-intensica.jpg",1280,720,false],"onepress-blog-small":["https:\/\/site.educa.madrid.org\/cp.josebergamin.boadilla\/\/wp-content\/uploads\/cp.josebergamin.boadilla\/2026\/07\/jornada-intensica-300x150.jpg",300,150,true],"onepress-small":["https:\/\/site.educa.madrid.org\/cp.josebergamin.boadilla\/\/wp-content\/uploads\/cp.josebergamin.boadilla\/2026\/07\/jornada-intensica-480x300.jpg",480,300,true],"onepress-medium":["https:\/\/site.educa.madrid.org\/cp.josebergamin.boadilla\/\/wp-content\/uploads\/cp.josebergamin.boadilla\/2026\/07\/jornada-intensica-640x400.jpg",640,400,true],"sow-carousel-default":["https:\/\/site.educa.madrid.org\/cp.josebergamin.boadilla\/\/wp-content\/uploads\/cp.josebergamin.boadilla\/2026\/07\/jornada-intensica-272x182.jpg",272,182,true],"sow-post-carousel-overlay-theme":["https:\/\/site.educa.madrid.org\/cp.josebergamin.boadilla\/\/wp-content\/uploads\/cp.josebergamin.boadilla\/2026\/07\/jornada-intensica-360x476.jpg",360,476,true],"sow-post-carousel-cards-theme":["https:\/\/site.educa.madrid.org\/cp.josebergamin.boadilla\/\/wp-content\/uploads\/cp.josebergamin.boadilla\/2026\/07\/jornada-intensica-360x240.jpg",360,240,true],"sow-blog-portfolio":["https:\/\/site.educa.madrid.org\/cp.josebergamin.boadilla\/\/wp-content\/uploads\/cp.josebergamin.boadilla\/2026\/07\/jornada-intensica-375x375.jpg",375,375,true],"sow-blog-grid":["https:\/\/site.educa.madrid.org\/cp.josebergamin.boadilla\/\/wp-content\/uploads\/cp.josebergamin.boadilla\/2026\/07\/jornada-intensica-720x480.jpg",720,480,true],"sow-blog-alternate":["https:\/\/site.educa.madrid.org\/cp.josebergamin.boadilla\/\/wp-content\/uploads\/cp.josebergamin.boadilla\/2026\/07\/jornada-intensica-950x630.jpg",950,630,true],"rt_custom":["https:\/\/site.educa.madrid.org\/cp.josebergamin.boadilla\/\/wp-content\/uploads\/cp.josebergamin.boadilla\/2026\/07\/jornada-intensica.jpg",1280,720,false]},"rttpg_author":{"display_name":"Andr\u00e9s \u00c1lvarez Villamayor","author_link":"https:\/\/site.educa.madrid.org\/cp.josebergamin.boadilla\/index.php\/author\/cuenta_jestudios-cp-josebergamin-boadilla\/"},"rttpg_comment":0,"rttpg_category":"<a href=\"https:\/\/site.educa.madrid.org\/cp.josebergamin.boadilla\/index.php\/category\/curso-26-27\/\" rel=\"category tag\">CURSO 26-27<\/a> <a href=\"https:\/\/site.educa.madrid.org\/cp.josebergamin.boadilla\/index.php\/category\/inicio\/\" rel=\"category tag\">INICIO DE CURSO<\/a> <a href=\"https:\/\/site.educa.madrid.org\/cp.josebergamin.boadilla\/index.php\/category\/novedades\/\" rel=\"category tag\">NOVEDADES<\/a>","rttpg_excerpt":"Estimadas familias: Os informamos que, durante el mes de septiembre, concretamente hasta el mi\u00e9rcoles 30 de septiembre, la jornada lectiva en el centro ser\u00e1 intensiva. Por lo tanto el periodo ...","post_mailing_queue_ids":[],"_links":{"self":[{"href":"https:\/\/site.educa.madrid.org\/cp.josebergamin.boadilla\/index.php\/wp-json\/wp\/v2\/posts\/4374","targetHints":{"allow":["GET"]}}],"collection":[{"href":"https:\/\/site.educa.madrid.org\/cp.josebergamin.boadilla\/index.php\/wp-json\/wp\/v2\/posts"}],"about":[{"href":"https:\/\/site.educa.madrid.org\/cp.josebergamin.boadilla\/index.php\/wp-json\/wp\/v2\/types\/post"}],"author":[{"embeddable":true,"href":"https:\/\/site.educa.madrid.org\/cp.josebergamin.boadilla\/index.php\/wp-json\/wp\/v2\/users\/6"}],"replies":[{"embeddable":true,"href":"https:\/\/site.educa.madrid.org\/cp.josebergamin.boadilla\/index.php\/wp-json\/wp\/v2\/comments?post=4374"}],"version-history":[{"count":2,"href":"https:\/\/site.educa.madrid.org\/cp.josebergamin.boadilla\/index.php\/wp-json\/wp\/v2\/posts\/4374\/revisions"}],"predecessor-version":[{"id":4406,"href":"https:\/\/site.educa.madrid.org\/cp.josebergamin.boadilla\/index.php\/wp-json\/wp\/v2\/posts\/4374\/revisions\/4406"}],"wp:featuredmedia":[{"embeddable":true,"href":"https:\/\/site.educa.madrid.org\/cp.josebergamin.boadilla\/index.php\/wp-json\/wp\/v2\/media\/4385"}],"wp:attachment":[{"href":"https:\/\/site.educa.madrid.org\/cp.josebergamin.boadilla\/index.php\/wp-json\/wp\/v2\/media?parent=4374"}],"wp:term":[{"taxonomy":"category","embeddable":true,"href":"https:\/\/site.educa.madrid.org\/cp.josebergamin.boadilla\/index.php\/wp-json\/wp\/v2\/categories?post=4374"},{"taxonomy":"post_tag","embeddable":true,"href":"https:\/\/site.educa.madrid.org\/cp.josebergamin.boadilla\/index.php\/wp-json\/wp\/v2\/tags?post=4374"},{"taxonomy":"post_folder","embeddable":true,"href":"https:\/\/site.educa.madrid.org\/cp.josebergamin.boadilla\/index.php\/wp-json\/wp\/v2\/post_folder?post=4374"}],"curies":[{"name":"wp","href":"https:\/\/api.w.org\/{rel}","templated":true}]}}