{"id":3477,"date":"2024-04-23T20:42:18","date_gmt":"2024-04-23T18:42:18","guid":{"rendered":"https:\/\/site.educa.madrid.org\/cp.miraflores.alcobendas\/?p=3477"},"modified":"2024-05-30T20:43:51","modified_gmt":"2024-05-30T18:43:51","slug":"dia-del-libro-2","status":"publish","type":"post","link":"https:\/\/site.educa.madrid.org\/cp.miraflores.alcobendas\/index.php\/2024\/04\/23\/dia-del-libro-2\/","title":{"rendered":"D\u00eda del Libro"},"content":{"rendered":"<p>Este a\u00f1o en el d\u00eda del libro hemos recordado la Leyenda de San Jorge y el drag\u00f3n. Hemos contado y visualizado este relato y, finalmente, hemos creado Mini-Books. Adem\u00e1s, seg\u00fan la tradici\u00f3n, nos hemos regalado una rosa hecha de papel que simboliza la amistad tal y como San Jorge hizo con la Princesa. \u00a1Nos ha encantado recibir este regalo de nuestros compa\u00f1eros!<\/p>\n<p><img loading=\"lazy\" decoding=\"async\" class=\"aligncenter size-medium wp-image-3478\" src=\"https:\/\/site.educa.madrid.org\/cp.miraflores.alcobendas\/\/wp-content\/uploads\/cp.miraflores.alcobendas\/2024\/05\/WhatsApp-Image-2024-04-26-at-10.38.07-296x300.jpeg\" alt=\"\" width=\"296\" height=\"300\" \/><\/p>\n<p>&nbsp;<\/p>\n","protected":false},"excerpt":{"rendered":"<p>Este a\u00f1o en el d\u00eda del libro hemos recordado la Leyenda de San Jorge y el drag\u00f3n. Hemos contado y visualizado este relato y, finalmente, hemos creado Mini-Books. Adem\u00e1s, seg\u00fan &#8230;<\/p>\n","protected":false},"author":2,"featured_media":0,"comment_status":"open","ping_status":"open","sticky":false,"template":"","format":"standard","meta":{"footnotes":""},"categories":[125],"tags":[180],"post_folder":[124],"class_list":["post-3477","post","type-post","status-publish","format-standard","hentry","category-actividades-y-talleres","tag-libro"],"rttpg_featured_image_url":null,"rttpg_author":{"display_name":"tic.cp.miraflores.alcobendas","author_link":"https:\/\/site.educa.madrid.org\/cp.miraflores.alcobendas\/index.php\/author\/cuenta_tic-cp-miraflores-alcobendas\/"},"rttpg_comment":0,"rttpg_category":"<a href=\"https:\/\/site.educa.madrid.org\/cp.miraflores.alcobendas\/index.php\/category\/actividades-y-talleres\/\" rel=\"category tag\">ACTIVIDADES Y TALLERES<\/a>","rttpg_excerpt":"Este a\u00f1o en el d\u00eda del libro hemos recordado la Leyenda de San Jorge y el drag\u00f3n. Hemos contado y visualizado este relato y, finalmente, hemos creado Mini-Books. Adem\u00e1s, seg\u00fan ...","post_mailing_queue_ids":[],"_links":{"self":[{"href":"https:\/\/site.educa.madrid.org\/cp.miraflores.alcobendas\/index.php\/wp-json\/wp\/v2\/posts\/3477","targetHints":{"allow":["GET"]}}],"collection":[{"href":"https:\/\/site.educa.madrid.org\/cp.miraflores.alcobendas\/index.php\/wp-json\/wp\/v2\/posts"}],"about":[{"href":"https:\/\/site.educa.madrid.org\/cp.miraflores.alcobendas\/index.php\/wp-json\/wp\/v2\/types\/post"}],"author":[{"embeddable":true,"href":"https:\/\/site.educa.madrid.org\/cp.miraflores.alcobendas\/index.php\/wp-json\/wp\/v2\/users\/2"}],"replies":[{"embeddable":true,"href":"https:\/\/site.educa.madrid.org\/cp.miraflores.alcobendas\/index.php\/wp-json\/wp\/v2\/comments?post=3477"}],"version-history":[{"count":1,"href":"https:\/\/site.educa.madrid.org\/cp.miraflores.alcobendas\/index.php\/wp-json\/wp\/v2\/posts\/3477\/revisions"}],"predecessor-version":[{"id":3479,"href":"https:\/\/site.educa.madrid.org\/cp.miraflores.alcobendas\/index.php\/wp-json\/wp\/v2\/posts\/3477\/revisions\/3479"}],"wp:attachment":[{"href":"https:\/\/site.educa.madrid.org\/cp.miraflores.alcobendas\/index.php\/wp-json\/wp\/v2\/media?parent=3477"}],"wp:term":[{"taxonomy":"category","embeddable":true,"href":"https:\/\/site.educa.madrid.org\/cp.miraflores.alcobendas\/index.php\/wp-json\/wp\/v2\/categories?post=3477"},{"taxonomy":"post_tag","embeddable":true,"href":"https:\/\/site.educa.madrid.org\/cp.miraflores.alcobendas\/index.php\/wp-json\/wp\/v2\/tags?post=3477"},{"taxonomy":"post_folder","embeddable":true,"href":"https:\/\/site.educa.madrid.org\/cp.miraflores.alcobendas\/index.php\/wp-json\/wp\/v2\/post_folder?post=3477"}],"curies":[{"name":"wp","href":"https:\/\/api.w.org\/{rel}","templated":true}]}}