{"id":3480,"date":"2024-04-26T20:44:47","date_gmt":"2024-04-26T18:44:47","guid":{"rendered":"https:\/\/site.educa.madrid.org\/cp.miraflores.alcobendas\/?p=3480"},"modified":"2024-05-30T20:45:44","modified_gmt":"2024-05-30T18:45:44","slug":"proyecto-de-arte-4-anos","status":"publish","type":"post","link":"https:\/\/site.educa.madrid.org\/cp.miraflores.alcobendas\/index.php\/2024\/04\/26\/proyecto-de-arte-4-anos\/","title":{"rendered":"Proyecto de Arte 4 a\u00f1os"},"content":{"rendered":"<p>Las clases de 4 a\u00f1os de Infantil comienzan su nuevo Proyecto de Arte y Emociones con Mir\u00f3. Una nueva aventura que cerrar\u00e1 este curso tan lindo.<img loading=\"lazy\" decoding=\"async\" class=\"aligncenter size-medium wp-image-3481\" src=\"https:\/\/site.educa.madrid.org\/cp.miraflores.alcobendas\/\/wp-content\/uploads\/cp.miraflores.alcobendas\/2024\/05\/WhatsApp-Image-2024-04-26-at-12.14.28-300x300.jpeg\" alt=\"\" width=\"300\" height=\"300\" \/><\/p>\n","protected":false},"excerpt":{"rendered":"<p>Las clases de 4 a\u00f1os de Infantil comienzan su nuevo Proyecto de Arte y Emociones con Mir\u00f3. Una nueva aventura que cerrar\u00e1 este curso tan lindo.<\/p>\n","protected":false},"author":2,"featured_media":0,"comment_status":"open","ping_status":"open","sticky":false,"template":"","format":"standard","meta":{"footnotes":""},"categories":[125],"tags":[153],"post_folder":[124],"class_list":["post-3480","post","type-post","status-publish","format-standard","hentry","category-actividades-y-talleres","tag-proyecto"],"rttpg_featured_image_url":null,"rttpg_author":{"display_name":"tic.cp.miraflores.alcobendas","author_link":"https:\/\/site.educa.madrid.org\/cp.miraflores.alcobendas\/index.php\/author\/cuenta_tic-cp-miraflores-alcobendas\/"},"rttpg_comment":0,"rttpg_category":"<a href=\"https:\/\/site.educa.madrid.org\/cp.miraflores.alcobendas\/index.php\/category\/actividades-y-talleres\/\" rel=\"category tag\">ACTIVIDADES Y TALLERES<\/a>","rttpg_excerpt":"Las clases de 4 a\u00f1os de Infantil comienzan su nuevo Proyecto de Arte y Emociones con Mir\u00f3. Una nueva aventura que cerrar\u00e1 este curso tan lindo.","post_mailing_queue_ids":[],"_links":{"self":[{"href":"https:\/\/site.educa.madrid.org\/cp.miraflores.alcobendas\/index.php\/wp-json\/wp\/v2\/posts\/3480","targetHints":{"allow":["GET"]}}],"collection":[{"href":"https:\/\/site.educa.madrid.org\/cp.miraflores.alcobendas\/index.php\/wp-json\/wp\/v2\/posts"}],"about":[{"href":"https:\/\/site.educa.madrid.org\/cp.miraflores.alcobendas\/index.php\/wp-json\/wp\/v2\/types\/post"}],"author":[{"embeddable":true,"href":"https:\/\/site.educa.madrid.org\/cp.miraflores.alcobendas\/index.php\/wp-json\/wp\/v2\/users\/2"}],"replies":[{"embeddable":true,"href":"https:\/\/site.educa.madrid.org\/cp.miraflores.alcobendas\/index.php\/wp-json\/wp\/v2\/comments?post=3480"}],"version-history":[{"count":1,"href":"https:\/\/site.educa.madrid.org\/cp.miraflores.alcobendas\/index.php\/wp-json\/wp\/v2\/posts\/3480\/revisions"}],"predecessor-version":[{"id":3482,"href":"https:\/\/site.educa.madrid.org\/cp.miraflores.alcobendas\/index.php\/wp-json\/wp\/v2\/posts\/3480\/revisions\/3482"}],"wp:attachment":[{"href":"https:\/\/site.educa.madrid.org\/cp.miraflores.alcobendas\/index.php\/wp-json\/wp\/v2\/media?parent=3480"}],"wp:term":[{"taxonomy":"category","embeddable":true,"href":"https:\/\/site.educa.madrid.org\/cp.miraflores.alcobendas\/index.php\/wp-json\/wp\/v2\/categories?post=3480"},{"taxonomy":"post_tag","embeddable":true,"href":"https:\/\/site.educa.madrid.org\/cp.miraflores.alcobendas\/index.php\/wp-json\/wp\/v2\/tags?post=3480"},{"taxonomy":"post_folder","embeddable":true,"href":"https:\/\/site.educa.madrid.org\/cp.miraflores.alcobendas\/index.php\/wp-json\/wp\/v2\/post_folder?post=3480"}],"curies":[{"name":"wp","href":"https:\/\/api.w.org\/{rel}","templated":true}]}}