{"id":5557,"date":"2026-06-05T11:50:33","date_gmt":"2026-06-05T09:50:33","guid":{"rendered":"https:\/\/site.educa.madrid.org\/cp.miraflores.alcobendas\/?p=5557"},"modified":"2026-08-29T11:51:37","modified_gmt":"2026-08-29T09:51:37","slug":"3o-de-e-p-visita-a-la-fabrica-de-cuetara","status":"publish","type":"post","link":"https:\/\/site.educa.madrid.org\/cp.miraflores.alcobendas\/index.php\/2026\/06\/05\/3o-de-e-p-visita-a-la-fabrica-de-cuetara\/","title":{"rendered":"3\u00ba de E. P.: Visita a la f\u00e1brica de Cu\u00e9tara"},"content":{"rendered":"<p>3\u00b0 visita la f\u00e1brica de Cu\u00e9tara\ud83d\ude80<\/p>\n<p>\u200bEsta semana, las clases de 3\u00b0 de Primaria hemos cambiado los libros de Ciencias Sociales por un autob\u00fas rumbo a Villarejo de Salvan\u00e9s. \u00bfEl objetivo? \u00a1Descubrir los secretos de la f\u00e1brica de Cu\u00e9tara! Pero no os vay\u00e1is a pensar que fuimos solo a comer galletas (aunque, no os vamos a mentir, \u00a1nos pusimos las botas! \ud83d\ude0b).<\/p>\n<p>\u200bResulta que este trimestre hemos estado estudiando en clase el sector secundario, es decir, c\u00f3mo las materias primas de la naturaleza se transforman en productos listos para usar. \u00a1Y qu\u00e9 mejor manera de entenderlo que viendo c\u00f3mo la harina, el az\u00facar y la leche se convierten en nuestras galletas favoritas! \ud83e\udd95\ud83e\udd5b<\/p>\n<p>\u200bDurante la visita, pudimos ver en directo m\u00e1quinas enormes mezclando, horneando y empaquetando a una velocidad de v\u00e9rtigo. \u00a1Una cadena de producci\u00f3n real como las que salen en los libros!<\/p>\n<p>\u200bVolvimos al cole con la barriga contenta, la ropa oliendo a chocolate y, lo m\u00e1s importante, habiendo contextualizado los nuevos aprendizajes de este a\u00f1o.<\/p>\n<p style=\"text-align: center;\"><img loading=\"lazy\" decoding=\"async\" class=\"alignnone size-medium wp-image-5558\" src=\"https:\/\/site.educa.madrid.org\/cp.miraflores.alcobendas\/\/wp-content\/uploads\/cp.miraflores.alcobendas\/2026\/08\/WhatsApp-Image-2026-06-05-at-12.13.57-300x168.jpeg\" alt=\"\" width=\"300\" height=\"168\" srcset=\"https:\/\/site.educa.madrid.org\/cp.miraflores.alcobendas\/\/wp-content\/uploads\/cp.miraflores.alcobendas\/2026\/08\/WhatsApp-Image-2026-06-05-at-12.13.57-300x168.jpeg 300w, https:\/\/site.educa.madrid.org\/cp.miraflores.alcobendas\/\/wp-content\/uploads\/cp.miraflores.alcobendas\/2026\/08\/WhatsApp-Image-2026-06-05-at-12.13.57.jpeg 588w\" sizes=\"auto, (max-width: 300px) 100vw, 300px\" \/><\/p>\n","protected":false},"excerpt":{"rendered":"<p>3\u00b0 visita la f\u00e1brica de Cu\u00e9tara\ud83d\ude80 \u200bEsta semana, las clases de 3\u00b0 de Primaria hemos cambiado los libros de Ciencias Sociales por un autob\u00fas rumbo a Villarejo de Salvan\u00e9s. \u00bfEl &#8230;<\/p>\n","protected":false},"author":3,"featured_media":5558,"comment_status":"open","ping_status":"open","sticky":false,"template":"","format":"standard","meta":{"footnotes":""},"categories":[125],"tags":[],"post_folder":[124],"class_list":["post-5557","post","type-post","status-publish","format-standard","has-post-thumbnail","hentry","category-actividades-y-talleres"],"rttpg_featured_image_url":{"full":["https:\/\/site.educa.madrid.org\/cp.miraflores.alcobendas\/\/wp-content\/uploads\/cp.miraflores.alcobendas\/2026\/08\/WhatsApp-Image-2026-06-05-at-12.13.57.jpeg",588,330,false],"landscape":["https:\/\/site.educa.madrid.org\/cp.miraflores.alcobendas\/\/wp-content\/uploads\/cp.miraflores.alcobendas\/2026\/08\/WhatsApp-Image-2026-06-05-at-12.13.57.jpeg",588,330,false],"portraits":["https:\/\/site.educa.madrid.org\/cp.miraflores.alcobendas\/\/wp-content\/uploads\/cp.miraflores.alcobendas\/2026\/08\/WhatsApp-Image-2026-06-05-at-12.13.57.jpeg",588,330,false],"thumbnail":["https:\/\/site.educa.madrid.org\/cp.miraflores.alcobendas\/\/wp-content\/uploads\/cp.miraflores.alcobendas\/2026\/08\/WhatsApp-Image-2026-06-05-at-12.13.57-150x150.jpeg",150,150,true],"medium":["https:\/\/site.educa.madrid.org\/cp.miraflores.alcobendas\/\/wp-content\/uploads\/cp.miraflores.alcobendas\/2026\/08\/WhatsApp-Image-2026-06-05-at-12.13.57-300x168.jpeg",300,168,true],"large":["https:\/\/site.educa.madrid.org\/cp.miraflores.alcobendas\/\/wp-content\/uploads\/cp.miraflores.alcobendas\/2026\/08\/WhatsApp-Image-2026-06-05-at-12.13.57.jpeg",588,330,false],"thumblist":["https:\/\/site.educa.madrid.org\/cp.miraflores.alcobendas\/\/wp-content\/uploads\/cp.miraflores.alcobendas\/2026\/08\/WhatsApp-Image-2026-06-05-at-12.13.57-300x300.jpeg",300,300,true],"thumbrelated":["https:\/\/site.educa.madrid.org\/cp.miraflores.alcobendas\/\/wp-content\/uploads\/cp.miraflores.alcobendas\/2026\/08\/WhatsApp-Image-2026-06-05-at-12.13.57-500x330.jpeg",500,330,true],"meccarouselthumb":["https:\/\/site.educa.madrid.org\/cp.miraflores.alcobendas\/\/wp-content\/uploads\/cp.miraflores.alcobendas\/2026\/08\/WhatsApp-Image-2026-06-05-at-12.13.57-474x324.jpeg",474,324,true],"gridsquare":["https:\/\/site.educa.madrid.org\/cp.miraflores.alcobendas\/\/wp-content\/uploads\/cp.miraflores.alcobendas\/2026\/08\/WhatsApp-Image-2026-06-05-at-12.13.57-391x260.jpeg",391,260,true],"tileview":["https:\/\/site.educa.madrid.org\/cp.miraflores.alcobendas\/\/wp-content\/uploads\/cp.miraflores.alcobendas\/2026\/08\/WhatsApp-Image-2026-06-05-at-12.13.57-300x330.jpeg",300,330,true],"1536x1536":["https:\/\/site.educa.madrid.org\/cp.miraflores.alcobendas\/\/wp-content\/uploads\/cp.miraflores.alcobendas\/2026\/08\/WhatsApp-Image-2026-06-05-at-12.13.57.jpeg",588,330,false],"2048x2048":["https:\/\/site.educa.madrid.org\/cp.miraflores.alcobendas\/\/wp-content\/uploads\/cp.miraflores.alcobendas\/2026\/08\/WhatsApp-Image-2026-06-05-at-12.13.57.jpeg",588,330,false],"onepress-blog-small":["https:\/\/site.educa.madrid.org\/cp.miraflores.alcobendas\/\/wp-content\/uploads\/cp.miraflores.alcobendas\/2026\/08\/WhatsApp-Image-2026-06-05-at-12.13.57-300x150.jpeg",300,150,true],"onepress-small":["https:\/\/site.educa.madrid.org\/cp.miraflores.alcobendas\/\/wp-content\/uploads\/cp.miraflores.alcobendas\/2026\/08\/WhatsApp-Image-2026-06-05-at-12.13.57-480x300.jpeg",480,300,true],"onepress-medium":["https:\/\/site.educa.madrid.org\/cp.miraflores.alcobendas\/\/wp-content\/uploads\/cp.miraflores.alcobendas\/2026\/08\/WhatsApp-Image-2026-06-05-at-12.13.57.jpeg",588,330,false],"sow-carousel-default":["https:\/\/site.educa.madrid.org\/cp.miraflores.alcobendas\/\/wp-content\/uploads\/cp.miraflores.alcobendas\/2026\/08\/WhatsApp-Image-2026-06-05-at-12.13.57-272x182.jpeg",272,182,true],"sow-post-carousel-overlay-theme":["https:\/\/site.educa.madrid.org\/cp.miraflores.alcobendas\/\/wp-content\/uploads\/cp.miraflores.alcobendas\/2026\/08\/WhatsApp-Image-2026-06-05-at-12.13.57-360x330.jpeg",360,330,true],"sow-post-carousel-cards-theme":["https:\/\/site.educa.madrid.org\/cp.miraflores.alcobendas\/\/wp-content\/uploads\/cp.miraflores.alcobendas\/2026\/08\/WhatsApp-Image-2026-06-05-at-12.13.57-360x240.jpeg",360,240,true],"rt_custom":["https:\/\/site.educa.madrid.org\/cp.miraflores.alcobendas\/\/wp-content\/uploads\/cp.miraflores.alcobendas\/2026\/08\/WhatsApp-Image-2026-06-05-at-12.13.57.jpeg",588,330,false]},"rttpg_author":{"display_name":"cp.miraflores.alcobendas","author_link":"https:\/\/site.educa.madrid.org\/cp.miraflores.alcobendas\/index.php\/author\/cuenta_cp-miraflores-alcobendas\/"},"rttpg_comment":0,"rttpg_category":"<a href=\"https:\/\/site.educa.madrid.org\/cp.miraflores.alcobendas\/index.php\/category\/actividades-y-talleres\/\" rel=\"category tag\">ACTIVIDADES Y TALLERES<\/a>","rttpg_excerpt":"3\u00b0 visita la f\u00e1brica de Cu\u00e9tara\ud83d\ude80 \u200bEsta semana, las clases de 3\u00b0 de Primaria hemos cambiado los libros de Ciencias Sociales por un autob\u00fas rumbo a Villarejo de Salvan\u00e9s. \u00bfEl ...","post_mailing_queue_ids":[],"_links":{"self":[{"href":"https:\/\/site.educa.madrid.org\/cp.miraflores.alcobendas\/index.php\/wp-json\/wp\/v2\/posts\/5557","targetHints":{"allow":["GET"]}}],"collection":[{"href":"https:\/\/site.educa.madrid.org\/cp.miraflores.alcobendas\/index.php\/wp-json\/wp\/v2\/posts"}],"about":[{"href":"https:\/\/site.educa.madrid.org\/cp.miraflores.alcobendas\/index.php\/wp-json\/wp\/v2\/types\/post"}],"author":[{"embeddable":true,"href":"https:\/\/site.educa.madrid.org\/cp.miraflores.alcobendas\/index.php\/wp-json\/wp\/v2\/users\/3"}],"replies":[{"embeddable":true,"href":"https:\/\/site.educa.madrid.org\/cp.miraflores.alcobendas\/index.php\/wp-json\/wp\/v2\/comments?post=5557"}],"version-history":[{"count":1,"href":"https:\/\/site.educa.madrid.org\/cp.miraflores.alcobendas\/index.php\/wp-json\/wp\/v2\/posts\/5557\/revisions"}],"predecessor-version":[{"id":5559,"href":"https:\/\/site.educa.madrid.org\/cp.miraflores.alcobendas\/index.php\/wp-json\/wp\/v2\/posts\/5557\/revisions\/5559"}],"wp:featuredmedia":[{"embeddable":true,"href":"https:\/\/site.educa.madrid.org\/cp.miraflores.alcobendas\/index.php\/wp-json\/wp\/v2\/media\/5558"}],"wp:attachment":[{"href":"https:\/\/site.educa.madrid.org\/cp.miraflores.alcobendas\/index.php\/wp-json\/wp\/v2\/media?parent=5557"}],"wp:term":[{"taxonomy":"category","embeddable":true,"href":"https:\/\/site.educa.madrid.org\/cp.miraflores.alcobendas\/index.php\/wp-json\/wp\/v2\/categories?post=5557"},{"taxonomy":"post_tag","embeddable":true,"href":"https:\/\/site.educa.madrid.org\/cp.miraflores.alcobendas\/index.php\/wp-json\/wp\/v2\/tags?post=5557"},{"taxonomy":"post_folder","embeddable":true,"href":"https:\/\/site.educa.madrid.org\/cp.miraflores.alcobendas\/index.php\/wp-json\/wp\/v2\/post_folder?post=5557"}],"curies":[{"name":"wp","href":"https:\/\/api.w.org\/{rel}","templated":true}]}}