{"id":5567,"date":"2026-06-11T11:55:11","date_gmt":"2026-06-11T09:55:11","guid":{"rendered":"https:\/\/site.educa.madrid.org\/cp.miraflores.alcobendas\/?p=5567"},"modified":"2026-08-29T11:56:10","modified_gmt":"2026-08-29T09:56:10","slug":"5o-de-e-primaria-visita-al-teatro-real-de-madrid","status":"publish","type":"post","link":"https:\/\/site.educa.madrid.org\/cp.miraflores.alcobendas\/index.php\/2026\/06\/11\/5o-de-e-primaria-visita-al-teatro-real-de-madrid\/","title":{"rendered":"5\u00ba de E. Primaria: Visita al Teatro Real de Madrid"},"content":{"rendered":"<p>Los alumnos de quinto han podido disfrutar y conocer, de primera mano, los entresijos del Teatro Real de Madrid y de todo el trabajo que hay detr\u00e1s de los espect\u00e1culos que se pueden ver en \u00e9l. Despu\u00e9s, han podido pasar un buen rato en el parque del Retiro para despedir el curso con buena compa\u00f1\u00eda, juegos y mucha diversi\u00f3n.<\/p>\n<p style=\"text-align: center;\"><img loading=\"lazy\" decoding=\"async\" class=\"alignnone size-medium wp-image-5568\" src=\"https:\/\/site.educa.madrid.org\/cp.miraflores.alcobendas\/\/wp-content\/uploads\/cp.miraflores.alcobendas\/2026\/08\/WhatsApp-Image-2026-06-11-at-18.37.31-225x300.jpeg\" alt=\"\" width=\"225\" height=\"300\" srcset=\"https:\/\/site.educa.madrid.org\/cp.miraflores.alcobendas\/\/wp-content\/uploads\/cp.miraflores.alcobendas\/2026\/08\/WhatsApp-Image-2026-06-11-at-18.37.31-225x300.jpeg 225w, https:\/\/site.educa.madrid.org\/cp.miraflores.alcobendas\/\/wp-content\/uploads\/cp.miraflores.alcobendas\/2026\/08\/WhatsApp-Image-2026-06-11-at-18.37.31-768x1024.jpeg 768w, https:\/\/site.educa.madrid.org\/cp.miraflores.alcobendas\/\/wp-content\/uploads\/cp.miraflores.alcobendas\/2026\/08\/WhatsApp-Image-2026-06-11-at-18.37.31-300x400.jpeg 300w, https:\/\/site.educa.madrid.org\/cp.miraflores.alcobendas\/\/wp-content\/uploads\/cp.miraflores.alcobendas\/2026\/08\/WhatsApp-Image-2026-06-11-at-18.37.31-1152x1536.jpeg 1152w, https:\/\/site.educa.madrid.org\/cp.miraflores.alcobendas\/\/wp-content\/uploads\/cp.miraflores.alcobendas\/2026\/08\/WhatsApp-Image-2026-06-11-at-18.37.31.jpeg 1536w\" sizes=\"auto, (max-width: 225px) 100vw, 225px\" \/><\/p>\n","protected":false},"excerpt":{"rendered":"<p>Los alumnos de quinto han podido disfrutar y conocer, de primera mano, los entresijos del Teatro Real de Madrid y de todo el trabajo que hay detr\u00e1s de los espect\u00e1culos &#8230;<\/p>\n","protected":false},"author":3,"featured_media":5568,"comment_status":"open","ping_status":"open","sticky":false,"template":"","format":"standard","meta":{"footnotes":""},"categories":[125],"tags":[],"post_folder":[124],"class_list":["post-5567","post","type-post","status-publish","format-standard","has-post-thumbnail","hentry","category-actividades-y-talleres"],"rttpg_featured_image_url":{"full":["https:\/\/site.educa.madrid.org\/cp.miraflores.alcobendas\/\/wp-content\/uploads\/cp.miraflores.alcobendas\/2026\/08\/WhatsApp-Image-2026-06-11-at-18.37.31.jpeg",1536,2048,false],"landscape":["https:\/\/site.educa.madrid.org\/cp.miraflores.alcobendas\/\/wp-content\/uploads\/cp.miraflores.alcobendas\/2026\/08\/WhatsApp-Image-2026-06-11-at-18.37.31.jpeg",1536,2048,false],"portraits":["https:\/\/site.educa.madrid.org\/cp.miraflores.alcobendas\/\/wp-content\/uploads\/cp.miraflores.alcobendas\/2026\/08\/WhatsApp-Image-2026-06-11-at-18.37.31.jpeg",1536,2048,false],"thumbnail":["https:\/\/site.educa.madrid.org\/cp.miraflores.alcobendas\/\/wp-content\/uploads\/cp.miraflores.alcobendas\/2026\/08\/WhatsApp-Image-2026-06-11-at-18.37.31-150x150.jpeg",150,150,true],"medium":["https:\/\/site.educa.madrid.org\/cp.miraflores.alcobendas\/\/wp-content\/uploads\/cp.miraflores.alcobendas\/2026\/08\/WhatsApp-Image-2026-06-11-at-18.37.31-225x300.jpeg",225,300,true],"large":["https:\/\/site.educa.madrid.org\/cp.miraflores.alcobendas\/\/wp-content\/uploads\/cp.miraflores.alcobendas\/2026\/08\/WhatsApp-Image-2026-06-11-at-18.37.31-768x1024.jpeg",768,1024,true],"thumblist":["https:\/\/site.educa.madrid.org\/cp.miraflores.alcobendas\/\/wp-content\/uploads\/cp.miraflores.alcobendas\/2026\/08\/WhatsApp-Image-2026-06-11-at-18.37.31-300x300.jpeg",300,300,true],"thumbrelated":["https:\/\/site.educa.madrid.org\/cp.miraflores.alcobendas\/\/wp-content\/uploads\/cp.miraflores.alcobendas\/2026\/08\/WhatsApp-Image-2026-06-11-at-18.37.31-500x500.jpeg",500,500,true],"meccarouselthumb":["https:\/\/site.educa.madrid.org\/cp.miraflores.alcobendas\/\/wp-content\/uploads\/cp.miraflores.alcobendas\/2026\/08\/WhatsApp-Image-2026-06-11-at-18.37.31-474x324.jpeg",474,324,true],"gridsquare":["https:\/\/site.educa.madrid.org\/cp.miraflores.alcobendas\/\/wp-content\/uploads\/cp.miraflores.alcobendas\/2026\/08\/WhatsApp-Image-2026-06-11-at-18.37.31-391x260.jpeg",391,260,true],"tileview":["https:\/\/site.educa.madrid.org\/cp.miraflores.alcobendas\/\/wp-content\/uploads\/cp.miraflores.alcobendas\/2026\/08\/WhatsApp-Image-2026-06-11-at-18.37.31-300x400.jpeg",300,400,true],"1536x1536":["https:\/\/site.educa.madrid.org\/cp.miraflores.alcobendas\/\/wp-content\/uploads\/cp.miraflores.alcobendas\/2026\/08\/WhatsApp-Image-2026-06-11-at-18.37.31-1152x1536.jpeg",1152,1536,true],"2048x2048":["https:\/\/site.educa.madrid.org\/cp.miraflores.alcobendas\/\/wp-content\/uploads\/cp.miraflores.alcobendas\/2026\/08\/WhatsApp-Image-2026-06-11-at-18.37.31.jpeg",1536,2048,false],"onepress-blog-small":["https:\/\/site.educa.madrid.org\/cp.miraflores.alcobendas\/\/wp-content\/uploads\/cp.miraflores.alcobendas\/2026\/08\/WhatsApp-Image-2026-06-11-at-18.37.31-300x150.jpeg",300,150,true],"onepress-small":["https:\/\/site.educa.madrid.org\/cp.miraflores.alcobendas\/\/wp-content\/uploads\/cp.miraflores.alcobendas\/2026\/08\/WhatsApp-Image-2026-06-11-at-18.37.31-480x300.jpeg",480,300,true],"onepress-medium":["https:\/\/site.educa.madrid.org\/cp.miraflores.alcobendas\/\/wp-content\/uploads\/cp.miraflores.alcobendas\/2026\/08\/WhatsApp-Image-2026-06-11-at-18.37.31-640x400.jpeg",640,400,true],"sow-carousel-default":["https:\/\/site.educa.madrid.org\/cp.miraflores.alcobendas\/\/wp-content\/uploads\/cp.miraflores.alcobendas\/2026\/08\/WhatsApp-Image-2026-06-11-at-18.37.31-272x182.jpeg",272,182,true],"sow-post-carousel-overlay-theme":["https:\/\/site.educa.madrid.org\/cp.miraflores.alcobendas\/\/wp-content\/uploads\/cp.miraflores.alcobendas\/2026\/08\/WhatsApp-Image-2026-06-11-at-18.37.31-360x476.jpeg",360,476,true],"sow-post-carousel-cards-theme":["https:\/\/site.educa.madrid.org\/cp.miraflores.alcobendas\/\/wp-content\/uploads\/cp.miraflores.alcobendas\/2026\/08\/WhatsApp-Image-2026-06-11-at-18.37.31-360x240.jpeg",360,240,true],"rt_custom":["https:\/\/site.educa.madrid.org\/cp.miraflores.alcobendas\/\/wp-content\/uploads\/cp.miraflores.alcobendas\/2026\/08\/WhatsApp-Image-2026-06-11-at-18.37.31.jpeg",1536,2048,false]},"rttpg_author":{"display_name":"cp.miraflores.alcobendas","author_link":"https:\/\/site.educa.madrid.org\/cp.miraflores.alcobendas\/index.php\/author\/cuenta_cp-miraflores-alcobendas\/"},"rttpg_comment":0,"rttpg_category":"<a href=\"https:\/\/site.educa.madrid.org\/cp.miraflores.alcobendas\/index.php\/category\/actividades-y-talleres\/\" rel=\"category tag\">ACTIVIDADES Y TALLERES<\/a>","rttpg_excerpt":"Los alumnos de quinto han podido disfrutar y conocer, de primera mano, los entresijos del Teatro Real de Madrid y de todo el trabajo que hay detr\u00e1s de los espect\u00e1culos ...","post_mailing_queue_ids":[],"_links":{"self":[{"href":"https:\/\/site.educa.madrid.org\/cp.miraflores.alcobendas\/index.php\/wp-json\/wp\/v2\/posts\/5567","targetHints":{"allow":["GET"]}}],"collection":[{"href":"https:\/\/site.educa.madrid.org\/cp.miraflores.alcobendas\/index.php\/wp-json\/wp\/v2\/posts"}],"about":[{"href":"https:\/\/site.educa.madrid.org\/cp.miraflores.alcobendas\/index.php\/wp-json\/wp\/v2\/types\/post"}],"author":[{"embeddable":true,"href":"https:\/\/site.educa.madrid.org\/cp.miraflores.alcobendas\/index.php\/wp-json\/wp\/v2\/users\/3"}],"replies":[{"embeddable":true,"href":"https:\/\/site.educa.madrid.org\/cp.miraflores.alcobendas\/index.php\/wp-json\/wp\/v2\/comments?post=5567"}],"version-history":[{"count":1,"href":"https:\/\/site.educa.madrid.org\/cp.miraflores.alcobendas\/index.php\/wp-json\/wp\/v2\/posts\/5567\/revisions"}],"predecessor-version":[{"id":5569,"href":"https:\/\/site.educa.madrid.org\/cp.miraflores.alcobendas\/index.php\/wp-json\/wp\/v2\/posts\/5567\/revisions\/5569"}],"wp:featuredmedia":[{"embeddable":true,"href":"https:\/\/site.educa.madrid.org\/cp.miraflores.alcobendas\/index.php\/wp-json\/wp\/v2\/media\/5568"}],"wp:attachment":[{"href":"https:\/\/site.educa.madrid.org\/cp.miraflores.alcobendas\/index.php\/wp-json\/wp\/v2\/media?parent=5567"}],"wp:term":[{"taxonomy":"category","embeddable":true,"href":"https:\/\/site.educa.madrid.org\/cp.miraflores.alcobendas\/index.php\/wp-json\/wp\/v2\/categories?post=5567"},{"taxonomy":"post_tag","embeddable":true,"href":"https:\/\/site.educa.madrid.org\/cp.miraflores.alcobendas\/index.php\/wp-json\/wp\/v2\/tags?post=5567"},{"taxonomy":"post_folder","embeddable":true,"href":"https:\/\/site.educa.madrid.org\/cp.miraflores.alcobendas\/index.php\/wp-json\/wp\/v2\/post_folder?post=5567"}],"curies":[{"name":"wp","href":"https:\/\/api.w.org\/{rel}","templated":true}]}}