{"id":5573,"date":"2026-06-18T11:58:28","date_gmt":"2026-06-18T09:58:28","guid":{"rendered":"https:\/\/site.educa.madrid.org\/cp.miraflores.alcobendas\/?p=5573"},"modified":"2026-08-29T12:00:13","modified_gmt":"2026-08-29T10:00:13","slug":"nuestra-directora-sonia-martin-se-despide","status":"publish","type":"post","link":"https:\/\/site.educa.madrid.org\/cp.miraflores.alcobendas\/index.php\/2026\/06\/18\/nuestra-directora-sonia-martin-se-despide\/","title":{"rendered":"Nuestra Directora Sonia Mart\u00edn se despide."},"content":{"rendered":"<p>Quiero dar las gracias mis alumn@s del colegio por los bonitos dibujos y las cari\u00f1osas dedicatorias, las he le\u00eddo todas.<br \/>\nMe siento enormemente feliz de haber ense\u00f1ado y ayudado a tantas personas que nunca me olvidar\u00e1n y guardar\u00e1n un bonito recuerdo en un lugar de su coraz\u00f3n \ud83d\udc96.<\/p>\n<p style=\"text-align: center;\"><img loading=\"lazy\" decoding=\"async\" class=\"alignnone size-medium wp-image-5574\" src=\"https:\/\/site.educa.madrid.org\/cp.miraflores.alcobendas\/\/wp-content\/uploads\/cp.miraflores.alcobendas\/2026\/08\/WhatsApp-Image-2026-06-18-at-23.51.04-1-300x271.jpeg\" alt=\"\" width=\"300\" height=\"271\" srcset=\"https:\/\/site.educa.madrid.org\/cp.miraflores.alcobendas\/\/wp-content\/uploads\/cp.miraflores.alcobendas\/2026\/08\/WhatsApp-Image-2026-06-18-at-23.51.04-1-300x271.jpeg 300w, https:\/\/site.educa.madrid.org\/cp.miraflores.alcobendas\/\/wp-content\/uploads\/cp.miraflores.alcobendas\/2026\/08\/WhatsApp-Image-2026-06-18-at-23.51.04-1-1024x925.jpeg 1024w, https:\/\/site.educa.madrid.org\/cp.miraflores.alcobendas\/\/wp-content\/uploads\/cp.miraflores.alcobendas\/2026\/08\/WhatsApp-Image-2026-06-18-at-23.51.04-1-768x694.jpeg 768w, https:\/\/site.educa.madrid.org\/cp.miraflores.alcobendas\/\/wp-content\/uploads\/cp.miraflores.alcobendas\/2026\/08\/WhatsApp-Image-2026-06-18-at-23.51.04-1-1536x1388.jpeg 1536w, https:\/\/site.educa.madrid.org\/cp.miraflores.alcobendas\/\/wp-content\/uploads\/cp.miraflores.alcobendas\/2026\/08\/WhatsApp-Image-2026-06-18-at-23.51.04-1.jpeg 2048w\" sizes=\"auto, (max-width: 300px) 100vw, 300px\" \/><\/p>\n<p>&nbsp;<\/p>\n","protected":false},"excerpt":{"rendered":"<p>Quiero dar las gracias mis alumn@s del colegio por los bonitos dibujos y las cari\u00f1osas dedicatorias, las he le\u00eddo todas. Me siento enormemente feliz de haber ense\u00f1ado y ayudado a &#8230;<\/p>\n","protected":false},"author":3,"featured_media":5574,"comment_status":"open","ping_status":"open","sticky":false,"template":"","format":"standard","meta":{"footnotes":""},"categories":[125],"tags":[],"post_folder":[124],"class_list":["post-5573","post","type-post","status-publish","format-standard","has-post-thumbnail","hentry","category-actividades-y-talleres"],"rttpg_featured_image_url":{"full":["https:\/\/site.educa.madrid.org\/cp.miraflores.alcobendas\/\/wp-content\/uploads\/cp.miraflores.alcobendas\/2026\/08\/WhatsApp-Image-2026-06-18-at-23.51.04-1.jpeg",2048,1850,false],"landscape":["https:\/\/site.educa.madrid.org\/cp.miraflores.alcobendas\/\/wp-content\/uploads\/cp.miraflores.alcobendas\/2026\/08\/WhatsApp-Image-2026-06-18-at-23.51.04-1.jpeg",2048,1850,false],"portraits":["https:\/\/site.educa.madrid.org\/cp.miraflores.alcobendas\/\/wp-content\/uploads\/cp.miraflores.alcobendas\/2026\/08\/WhatsApp-Image-2026-06-18-at-23.51.04-1.jpeg",2048,1850,false],"thumbnail":["https:\/\/site.educa.madrid.org\/cp.miraflores.alcobendas\/\/wp-content\/uploads\/cp.miraflores.alcobendas\/2026\/08\/WhatsApp-Image-2026-06-18-at-23.51.04-1-150x150.jpeg",150,150,true],"medium":["https:\/\/site.educa.madrid.org\/cp.miraflores.alcobendas\/\/wp-content\/uploads\/cp.miraflores.alcobendas\/2026\/08\/WhatsApp-Image-2026-06-18-at-23.51.04-1-300x271.jpeg",300,271,true],"large":["https:\/\/site.educa.madrid.org\/cp.miraflores.alcobendas\/\/wp-content\/uploads\/cp.miraflores.alcobendas\/2026\/08\/WhatsApp-Image-2026-06-18-at-23.51.04-1-1024x925.jpeg",800,723,true],"thumblist":["https:\/\/site.educa.madrid.org\/cp.miraflores.alcobendas\/\/wp-content\/uploads\/cp.miraflores.alcobendas\/2026\/08\/WhatsApp-Image-2026-06-18-at-23.51.04-1-300x300.jpeg",300,300,true],"thumbrelated":["https:\/\/site.educa.madrid.org\/cp.miraflores.alcobendas\/\/wp-content\/uploads\/cp.miraflores.alcobendas\/2026\/08\/WhatsApp-Image-2026-06-18-at-23.51.04-1-500x500.jpeg",500,500,true],"meccarouselthumb":["https:\/\/site.educa.madrid.org\/cp.miraflores.alcobendas\/\/wp-content\/uploads\/cp.miraflores.alcobendas\/2026\/08\/WhatsApp-Image-2026-06-18-at-23.51.04-1-474x324.jpeg",474,324,true],"gridsquare":["https:\/\/site.educa.madrid.org\/cp.miraflores.alcobendas\/\/wp-content\/uploads\/cp.miraflores.alcobendas\/2026\/08\/WhatsApp-Image-2026-06-18-at-23.51.04-1-391x260.jpeg",391,260,true],"tileview":["https:\/\/site.educa.madrid.org\/cp.miraflores.alcobendas\/\/wp-content\/uploads\/cp.miraflores.alcobendas\/2026\/08\/WhatsApp-Image-2026-06-18-at-23.51.04-1-300x400.jpeg",300,400,true],"1536x1536":["https:\/\/site.educa.madrid.org\/cp.miraflores.alcobendas\/\/wp-content\/uploads\/cp.miraflores.alcobendas\/2026\/08\/WhatsApp-Image-2026-06-18-at-23.51.04-1-1536x1388.jpeg",1536,1388,true],"2048x2048":["https:\/\/site.educa.madrid.org\/cp.miraflores.alcobendas\/\/wp-content\/uploads\/cp.miraflores.alcobendas\/2026\/08\/WhatsApp-Image-2026-06-18-at-23.51.04-1.jpeg",2048,1850,false],"onepress-blog-small":["https:\/\/site.educa.madrid.org\/cp.miraflores.alcobendas\/\/wp-content\/uploads\/cp.miraflores.alcobendas\/2026\/08\/WhatsApp-Image-2026-06-18-at-23.51.04-1-300x150.jpeg",300,150,true],"onepress-small":["https:\/\/site.educa.madrid.org\/cp.miraflores.alcobendas\/\/wp-content\/uploads\/cp.miraflores.alcobendas\/2026\/08\/WhatsApp-Image-2026-06-18-at-23.51.04-1-480x300.jpeg",480,300,true],"onepress-medium":["https:\/\/site.educa.madrid.org\/cp.miraflores.alcobendas\/\/wp-content\/uploads\/cp.miraflores.alcobendas\/2026\/08\/WhatsApp-Image-2026-06-18-at-23.51.04-1-640x400.jpeg",640,400,true],"sow-carousel-default":["https:\/\/site.educa.madrid.org\/cp.miraflores.alcobendas\/\/wp-content\/uploads\/cp.miraflores.alcobendas\/2026\/08\/WhatsApp-Image-2026-06-18-at-23.51.04-1-272x182.jpeg",272,182,true],"sow-post-carousel-overlay-theme":["https:\/\/site.educa.madrid.org\/cp.miraflores.alcobendas\/\/wp-content\/uploads\/cp.miraflores.alcobendas\/2026\/08\/WhatsApp-Image-2026-06-18-at-23.51.04-1-360x476.jpeg",360,476,true],"sow-post-carousel-cards-theme":["https:\/\/site.educa.madrid.org\/cp.miraflores.alcobendas\/\/wp-content\/uploads\/cp.miraflores.alcobendas\/2026\/08\/WhatsApp-Image-2026-06-18-at-23.51.04-1-360x240.jpeg",360,240,true],"rt_custom":["https:\/\/site.educa.madrid.org\/cp.miraflores.alcobendas\/\/wp-content\/uploads\/cp.miraflores.alcobendas\/2026\/08\/WhatsApp-Image-2026-06-18-at-23.51.04-1.jpeg",2048,1850,false]},"rttpg_author":{"display_name":"cp.miraflores.alcobendas","author_link":"https:\/\/site.educa.madrid.org\/cp.miraflores.alcobendas\/index.php\/author\/cuenta_cp-miraflores-alcobendas\/"},"rttpg_comment":0,"rttpg_category":"<a href=\"https:\/\/site.educa.madrid.org\/cp.miraflores.alcobendas\/index.php\/category\/actividades-y-talleres\/\" rel=\"category tag\">ACTIVIDADES Y TALLERES<\/a>","rttpg_excerpt":"Quiero dar las gracias mis alumn@s del colegio por los bonitos dibujos y las cari\u00f1osas dedicatorias, las he le\u00eddo todas. Me siento enormemente feliz de haber ense\u00f1ado y ayudado a ...","post_mailing_queue_ids":[],"_links":{"self":[{"href":"https:\/\/site.educa.madrid.org\/cp.miraflores.alcobendas\/index.php\/wp-json\/wp\/v2\/posts\/5573","targetHints":{"allow":["GET"]}}],"collection":[{"href":"https:\/\/site.educa.madrid.org\/cp.miraflores.alcobendas\/index.php\/wp-json\/wp\/v2\/posts"}],"about":[{"href":"https:\/\/site.educa.madrid.org\/cp.miraflores.alcobendas\/index.php\/wp-json\/wp\/v2\/types\/post"}],"author":[{"embeddable":true,"href":"https:\/\/site.educa.madrid.org\/cp.miraflores.alcobendas\/index.php\/wp-json\/wp\/v2\/users\/3"}],"replies":[{"embeddable":true,"href":"https:\/\/site.educa.madrid.org\/cp.miraflores.alcobendas\/index.php\/wp-json\/wp\/v2\/comments?post=5573"}],"version-history":[{"count":1,"href":"https:\/\/site.educa.madrid.org\/cp.miraflores.alcobendas\/index.php\/wp-json\/wp\/v2\/posts\/5573\/revisions"}],"predecessor-version":[{"id":5575,"href":"https:\/\/site.educa.madrid.org\/cp.miraflores.alcobendas\/index.php\/wp-json\/wp\/v2\/posts\/5573\/revisions\/5575"}],"wp:featuredmedia":[{"embeddable":true,"href":"https:\/\/site.educa.madrid.org\/cp.miraflores.alcobendas\/index.php\/wp-json\/wp\/v2\/media\/5574"}],"wp:attachment":[{"href":"https:\/\/site.educa.madrid.org\/cp.miraflores.alcobendas\/index.php\/wp-json\/wp\/v2\/media?parent=5573"}],"wp:term":[{"taxonomy":"category","embeddable":true,"href":"https:\/\/site.educa.madrid.org\/cp.miraflores.alcobendas\/index.php\/wp-json\/wp\/v2\/categories?post=5573"},{"taxonomy":"post_tag","embeddable":true,"href":"https:\/\/site.educa.madrid.org\/cp.miraflores.alcobendas\/index.php\/wp-json\/wp\/v2\/tags?post=5573"},{"taxonomy":"post_folder","embeddable":true,"href":"https:\/\/site.educa.madrid.org\/cp.miraflores.alcobendas\/index.php\/wp-json\/wp\/v2\/post_folder?post=5573"}],"curies":[{"name":"wp","href":"https:\/\/api.w.org\/{rel}","templated":true}]}}