{"id":4601,"date":"2026-09-01T17:07:55","date_gmt":"2026-09-01T15:07:55","guid":{"rendered":"https:\/\/site.educa.madrid.org\/cp.peru.madrid\/?p=4601"},"modified":"2026-09-01T17:10:35","modified_gmt":"2026-09-01T15:10:35","slug":"menu-de-septiembre-3","status":"publish","type":"post","link":"https:\/\/site.educa.madrid.org\/cp.peru.madrid\/index.php\/2026\/09\/01\/menu-de-septiembre-3\/","title":{"rendered":"Men\u00fa de septiembre"},"content":{"rendered":"\n<p>EMPEZAMOS EL CURSO 26\/27<\/p>\n\n\n\n<p class=\"has-vivid-red-color has-text-color has-link-color wp-elements-c6d49697583959a92aac4f15621ceb38\"><strong>Si no os hab\u00e9is apuntado a comedor, no os despist\u00e9is, ya que la semana que viene no podr\u00e9is hacerlo para la misma semana.<\/strong><\/p>\n\n\n\n<p>Y para afrontarlo con energ\u00eda, que mejor que este men\u00fa que nos ofrece Comedores Blanco.<\/p>\n\n\n\n<div data-wp-interactive=\"core\/file\" class=\"wp-block-file\"><object data-wp-bind--hidden=\"!state.hasPdfPreview\" hidden class=\"wp-block-file__embed\" data=\"https:\/\/site.educa.madrid.org\/cp.peru.madrid\/\/wp-content\/uploads\/cp.peru.madrid\/2026\/09\/SEPTIEMBRE-2026-IN-SITU.pdf\" type=\"application\/pdf\" style=\"width:100%;height:600px\" aria-label=\"Incrustado de SEPTIEMBRE 2026 IN SITU.\"><\/object><a id=\"wp-block-file--media-a9a78e09-165b-48cd-94d7-82b347fa2edb\" href=\"https:\/\/site.educa.madrid.org\/cp.peru.madrid\/\/wp-content\/uploads\/cp.peru.madrid\/2026\/09\/SEPTIEMBRE-2026-IN-SITU.pdf\">SEPTIEMBRE 2026 IN SITU<\/a><a href=\"https:\/\/site.educa.madrid.org\/cp.peru.madrid\/\/wp-content\/uploads\/cp.peru.madrid\/2026\/09\/SEPTIEMBRE-2026-IN-SITU.pdf\" class=\"wp-block-file__button wp-element-button\" download aria-describedby=\"wp-block-file--media-a9a78e09-165b-48cd-94d7-82b347fa2edb\">Descarga<\/a><\/div>\n\n\n\n<p>&nbsp;<\/p>\n\n\n\n<p>&nbsp;<\/p>\n\n\n\n<p>Y los men\u00fas para al\u00e9rgicos y sin cerdo&#8230;<\/p>\n\n\n\n<div data-wp-interactive=\"core\/file\" class=\"wp-block-file\"><object data-wp-bind--hidden=\"!state.hasPdfPreview\" hidden class=\"wp-block-file__embed\" data=\"https:\/\/site.educa.madrid.org\/cp.peru.madrid\/\/wp-content\/uploads\/cp.peru.madrid\/2026\/09\/ALERG-SEPTIEMBRE-2026-IN-SITU.pdf\" type=\"application\/pdf\" style=\"width:100%;height:600px\" aria-label=\"Incrustado de ALERG SEPTIEMBRE 2026 IN SITU.\"><\/object><a id=\"wp-block-file--media-bd001100-cd7e-43be-a1c2-13787035da9f\" href=\"https:\/\/site.educa.madrid.org\/cp.peru.madrid\/\/wp-content\/uploads\/cp.peru.madrid\/2026\/09\/ALERG-SEPTIEMBRE-2026-IN-SITU.pdf\">ALERG SEPTIEMBRE 2026 IN SITU<\/a><a href=\"https:\/\/site.educa.madrid.org\/cp.peru.madrid\/\/wp-content\/uploads\/cp.peru.madrid\/2026\/09\/ALERG-SEPTIEMBRE-2026-IN-SITU.pdf\" class=\"wp-block-file__button wp-element-button\" download aria-describedby=\"wp-block-file--media-bd001100-cd7e-43be-a1c2-13787035da9f\">Descarga<\/a><\/div>\n\n\n\n<p><\/p>\n","protected":false},"excerpt":{"rendered":"<p>EMPEZAMOS EL CURSO 26\/27 Si no os hab\u00e9is apuntado a comedor, no os despist\u00e9is, ya que la semana que viene no podr\u00e9is hacerlo para la misma semana. Y para afrontarlo con energ\u00eda, que mejor que este men\u00fa que nos ofrece Comedores Blanco. &nbsp; &nbsp; Y los men\u00fas para al\u00e9rgicos y sin cerdo&#8230;<\/p>\n","protected":false},"author":2,"featured_media":4602,"comment_status":"open","ping_status":"open","sticky":false,"template":"","format":"standard","meta":{"footnotes":""},"categories":[8],"tags":[5,68],"post_folder":[],"class_list":["post-4601","post","type-post","status-publish","format-standard","has-post-thumbnail","hentry","category-tablon-de-anuncios","tag-comedor","tag-menu"],"rttpg_featured_image_url":{"full":["https:\/\/site.educa.madrid.org\/cp.peru.madrid\/\/wp-content\/uploads\/cp.peru.madrid\/2026\/09\/Captura-de-pantalla-2026-09-01-170151.png",1277,737,false],"landscape":["https:\/\/site.educa.madrid.org\/cp.peru.madrid\/\/wp-content\/uploads\/cp.peru.madrid\/2026\/09\/Captura-de-pantalla-2026-09-01-170151.png",1277,737,false],"portraits":["https:\/\/site.educa.madrid.org\/cp.peru.madrid\/\/wp-content\/uploads\/cp.peru.madrid\/2026\/09\/Captura-de-pantalla-2026-09-01-170151.png",1277,737,false],"thumbnail":["https:\/\/site.educa.madrid.org\/cp.peru.madrid\/\/wp-content\/uploads\/cp.peru.madrid\/2026\/09\/Captura-de-pantalla-2026-09-01-170151-150x150.png",150,150,true],"medium":["https:\/\/site.educa.madrid.org\/cp.peru.madrid\/\/wp-content\/uploads\/cp.peru.madrid\/2026\/09\/Captura-de-pantalla-2026-09-01-170151-300x173.png",300,173,true],"large":["https:\/\/site.educa.madrid.org\/cp.peru.madrid\/\/wp-content\/uploads\/cp.peru.madrid\/2026\/09\/Captura-de-pantalla-2026-09-01-170151-1024x591.png",696,402,true],"thumblist":["https:\/\/site.educa.madrid.org\/cp.peru.madrid\/\/wp-content\/uploads\/cp.peru.madrid\/2026\/09\/Captura-de-pantalla-2026-09-01-170151-300x300.png",300,300,true],"thumbrelated":["https:\/\/site.educa.madrid.org\/cp.peru.madrid\/\/wp-content\/uploads\/cp.peru.madrid\/2026\/09\/Captura-de-pantalla-2026-09-01-170151-500x500.png",500,500,true],"meccarouselthumb":["https:\/\/site.educa.madrid.org\/cp.peru.madrid\/\/wp-content\/uploads\/cp.peru.madrid\/2026\/09\/Captura-de-pantalla-2026-09-01-170151-474x324.png",474,324,true],"gridsquare":["https:\/\/site.educa.madrid.org\/cp.peru.madrid\/\/wp-content\/uploads\/cp.peru.madrid\/2026\/09\/Captura-de-pantalla-2026-09-01-170151-391x260.png",391,260,true],"tileview":["https:\/\/site.educa.madrid.org\/cp.peru.madrid\/\/wp-content\/uploads\/cp.peru.madrid\/2026\/09\/Captura-de-pantalla-2026-09-01-170151-300x400.png",300,400,true],"1536x1536":["https:\/\/site.educa.madrid.org\/cp.peru.madrid\/\/wp-content\/uploads\/cp.peru.madrid\/2026\/09\/Captura-de-pantalla-2026-09-01-170151.png",1277,737,false],"2048x2048":["https:\/\/site.educa.madrid.org\/cp.peru.madrid\/\/wp-content\/uploads\/cp.peru.madrid\/2026\/09\/Captura-de-pantalla-2026-09-01-170151.png",1277,737,false],"sow-carousel-default":["https:\/\/site.educa.madrid.org\/cp.peru.madrid\/\/wp-content\/uploads\/cp.peru.madrid\/2026\/09\/Captura-de-pantalla-2026-09-01-170151-272x182.png",272,182,true],"sow-post-carousel-overlay-theme":["https:\/\/site.educa.madrid.org\/cp.peru.madrid\/\/wp-content\/uploads\/cp.peru.madrid\/2026\/09\/Captura-de-pantalla-2026-09-01-170151-360x476.png",360,476,true],"sow-post-carousel-cards-theme":["https:\/\/site.educa.madrid.org\/cp.peru.madrid\/\/wp-content\/uploads\/cp.peru.madrid\/2026\/09\/Captura-de-pantalla-2026-09-01-170151-360x240.png",360,240,true],"rt_custom":["https:\/\/site.educa.madrid.org\/cp.peru.madrid\/\/wp-content\/uploads\/cp.peru.madrid\/2026\/09\/Captura-de-pantalla-2026-09-01-170151.png",1277,737,false]},"rttpg_author":{"display_name":"tic.cp.peru.madrid","author_link":"https:\/\/site.educa.madrid.org\/cp.peru.madrid\/index.php\/author\/cuenta_tic-cp-peru-madrid\/"},"rttpg_comment":0,"rttpg_category":"<a href=\"https:\/\/site.educa.madrid.org\/cp.peru.madrid\/index.php\/category\/tablon-de-anuncios\/\" rel=\"category tag\">TABL\u00d3N DE ANUNCIOS<\/a>","rttpg_excerpt":"EMPEZAMOS EL CURSO 26\/27 Si no os hab\u00e9is apuntado a comedor, no os despist\u00e9is, ya que la semana que viene no podr\u00e9is hacerlo para la misma semana. Y para afrontarlo con energ\u00eda, que mejor que este men\u00fa que nos ofrece Comedores Blanco. &nbsp; &nbsp; Y los men\u00fas para al\u00e9rgicos y sin cerdo&#8230;","post_mailing_queue_ids":[],"_links":{"self":[{"href":"https:\/\/site.educa.madrid.org\/cp.peru.madrid\/index.php\/wp-json\/wp\/v2\/posts\/4601","targetHints":{"allow":["GET"]}}],"collection":[{"href":"https:\/\/site.educa.madrid.org\/cp.peru.madrid\/index.php\/wp-json\/wp\/v2\/posts"}],"about":[{"href":"https:\/\/site.educa.madrid.org\/cp.peru.madrid\/index.php\/wp-json\/wp\/v2\/types\/post"}],"author":[{"embeddable":true,"href":"https:\/\/site.educa.madrid.org\/cp.peru.madrid\/index.php\/wp-json\/wp\/v2\/users\/2"}],"replies":[{"embeddable":true,"href":"https:\/\/site.educa.madrid.org\/cp.peru.madrid\/index.php\/wp-json\/wp\/v2\/comments?post=4601"}],"version-history":[{"count":2,"href":"https:\/\/site.educa.madrid.org\/cp.peru.madrid\/index.php\/wp-json\/wp\/v2\/posts\/4601\/revisions"}],"predecessor-version":[{"id":4607,"href":"https:\/\/site.educa.madrid.org\/cp.peru.madrid\/index.php\/wp-json\/wp\/v2\/posts\/4601\/revisions\/4607"}],"wp:featuredmedia":[{"embeddable":true,"href":"https:\/\/site.educa.madrid.org\/cp.peru.madrid\/index.php\/wp-json\/wp\/v2\/media\/4602"}],"wp:attachment":[{"href":"https:\/\/site.educa.madrid.org\/cp.peru.madrid\/index.php\/wp-json\/wp\/v2\/media?parent=4601"}],"wp:term":[{"taxonomy":"category","embeddable":true,"href":"https:\/\/site.educa.madrid.org\/cp.peru.madrid\/index.php\/wp-json\/wp\/v2\/categories?post=4601"},{"taxonomy":"post_tag","embeddable":true,"href":"https:\/\/site.educa.madrid.org\/cp.peru.madrid\/index.php\/wp-json\/wp\/v2\/tags?post=4601"},{"taxonomy":"post_folder","embeddable":true,"href":"https:\/\/site.educa.madrid.org\/cp.peru.madrid\/index.php\/wp-json\/wp\/v2\/post_folder?post=4601"}],"curies":[{"name":"wp","href":"https:\/\/api.w.org\/{rel}","templated":true}]}}