{"id":1586,"date":"2025-03-18T18:24:31","date_gmt":"2025-03-18T17:24:31","guid":{"rendered":"https:\/\/site.educa.madrid.org\/cp.principesdeasturias.pozuelodealarcon\/?p=1586"},"modified":"2025-03-18T18:28:33","modified_gmt":"2025-03-18T17:28:33","slug":"seleccionadas-para-asistir-al-global-classroom-nueva-york","status":"publish","type":"post","link":"https:\/\/site.educa.madrid.org\/cp.principesdeasturias.pozuelodealarcon\/index.php\/2025\/03\/18\/seleccionadas-para-asistir-al-global-classroom-nueva-york\/","title":{"rendered":"Seleccionadas para asistir al Global Classroom Nueva York"},"content":{"rendered":"<p>Paula, y Genoveva, estudiantes de 3\u00ba de la ESO de nuestro colegio han sido\u00a0<b>seleccionadas para participar en la Conferencia Internacional de las Naciones Unidas (GCIMUN)<\/b>\u00a0que tendr\u00e1 lugar en el mes de mayo en modalidad online, debido a la situaci\u00f3n de la pandemia.<\/p>\n<div><\/div>\n<div>En el mes de febrero, los d\u00edas 24 y 25 de febrero, se celebr\u00f3 el concurso Global Classrooms en el que se reproduce la Asamblea General de las Naciones Unidas. La actividad, est\u00e1 organizada por la Consejer\u00eda de Educaci\u00f3n de la Comunidad de Madrid, tiene como finalidad acercar a los j\u00f3venes al funcionamiento de las Naciones Unidas y cuenta con el respaldo de otras tres instituciones: la Comisi\u00f3n Fulbright, la Embajada de Estados Unidos y el British Council.<\/div>\n<div><\/div>\n<div>Los m\u00e1s de 700 participantes de la edici\u00f3n 2021, estudiantes de 3\u00ba de ESO institutos y colegios p\u00fablicos biling\u00fces de la Comunidad de Madrid, simularon ser embajadores de la ONU representando los intereses de un pa\u00eds en relaci\u00f3n a un tema global y espec\u00edfico, que en este caso fue \u201cLa crisis causa cambios\u201d.<\/div>\n<div><\/div>\n<div>Global Classrooms da la oportunidad de debatir en ingl\u00e9s, con j\u00f3venes de los cinco continentes, favoreciendo la pr\u00e1ctica de capacidades que hoy en d\u00eda se exigen a un ciudadano global. A lo largo de dos jornadas investigan sobre los temas que se les asignan asumiendo el papel de defender el pa\u00eds que les ha tocado representar.<\/div>\n<div><\/div>\n<div><b>ENTREVISTA<\/b><\/div>\n<div><b>Ganadoras de nuestro colegio\u00a0<\/b><\/div>\n<div>Genoveva y Paula, de 3\u00ba de ESO del CEIPSO Pr\u00edncipes de Asturias participaron junto a sus compa\u00f1eros en la edici\u00f3n 2021 de la conferencia preliminar de Global Clasrooms MAadMun. En su caso, representaron a Corea del Sur y gracias a su admirable trabajo ser\u00e1n una de las 20 delegaciones que participar\u00e1n en la (GCIMUN) que se celebar\u00e1 de Nueva York aunque este a\u00f1o ser\u00e1 online. En total, de la Comunidad de Madrid asistir\u00e1n 16 centros, entre ellos el nuestro.<\/div>\n<div><\/div>\n<div>Hemos hablado con ellas para que nos contasen su experiencia:<\/div>\n<div><\/div>\n<div><b>\u00bfCu\u00e1l ha sido vuestro trabajo en Global Classrooms?\u00a0<\/b><\/div>\n<div><\/div>\n<div>Hemos representado a Corea del Sur. Uno de los retos ha sido para nosotros la tasa de natalidad que es un problema en este pa\u00eds. B\u00e1sicamente, trabajamos para ver c\u00f3mo otros pa\u00edses nos pod\u00edan ayudar para mejorar ya que en otros pa\u00edses tambi\u00e9n ocurre, como en Alemania o Polonia, por ejemplo. Lo que hicimos fue hablar y ver tambi\u00e9n qu\u00e9 pod\u00edan obtener como beneficio de esa colaboraci\u00f3n.<\/div>\n<div><b>\u00a0<\/b><\/div>\n<div><b>\u00bfC\u00f3mo fuisteis seleccionadas?\u00a0<\/b><\/div>\n<div><\/div>\n<div>Lo hacen por puntuaci\u00f3n. Te van dando puntos por la presentaci\u00f3n, por el opening speech, c\u00f3mo dialog\u00e1bamos o d\u00e1bamos soluciones&#8230;<\/div>\n<div><\/div>\n<div>Claro, es que al final de la conferencia ten\u00edamos que aportar soluciones que preparamos en ese mismo momento, es decir, no las pod\u00edamos traer hechas de casa, sino que las ten\u00edamos que hacer con los otros pa\u00edses&#8230;<\/div>\n<div><\/div>\n<div>Era importante que tambi\u00e9n que los dos miembros de la pareja participasen. Es verdad que hab\u00eda delegaciones muy buenas, pero s\u00f3lo hablaba un delegado.<\/div>\n<div><\/div>\n<div>Una vez que hab\u00e9is pasado esta fase del concurso, hubierais ido a Nueva York, pero no es posible a causa de la situaci\u00f3n que vivimos debido al Covid, \u00bfc\u00f3mo ser\u00e1 entonces vuestra participaci\u00f3n en la conferencia?<\/div>\n<div><\/div>\n<div>Ser\u00e1 online&#8230; veremos c\u00f3mo se organiza y tendremos que ver el tema de los horarios. Vamos a estar con delegaciones de pa\u00edses que s\u00ed representan a esos pa\u00edses. En este caso, nosotras representamos a Espa\u00f1a.<\/div>\n<div><\/div>\n<div><b>\u00bfC\u00f3mo valor\u00e1is la experiencia?\u00a0<\/b><\/div>\n<div><\/div>\n<div>Es la primera vez que particip\u00e1bamos. Ha sido muy gratificante en el sentido de que hemos sido seleccionadas entre muchos alumnos que participaban por lo que vemos que, al final, cada esfuerzo tiene su recompensa&#8230; lo de no poder asistir en directo viajando a Nueva York ha sido una pena&#8230; Cuando contamos c\u00f3mo funciona el proyecto, que hab\u00eda alumnos de distintas zonas de Madrid, completamente biling\u00fce, pues se sorprenden&#8230; estamos muy contentas.<\/div>\n<div><\/div>\n<div>Realmente, no nos esper\u00e1bamos el resultado&#8230; es verdad que pusimos mucho de nuestra parte para ganar, quer\u00edamos hacerlo bien, hab\u00eda mucha competencia.<\/div>\n<div><\/div>\n<div><b>\u00a0\u00a1Enhorabuena a nuestras campeonas! \u00a1Estamos muy orgullosos de vosotras!\u00a0<\/b><\/div>\n","protected":false},"excerpt":{"rendered":"<p>Paula, y Genoveva, estudiantes de 3\u00ba de la ESO de nuestro colegio han sido\u00a0seleccionadas para participar en la Conferencia Internacional de las Naciones Unidas (GCIMUN)\u00a0que tendr\u00e1 lugar en el mes de mayo en modalidad online, debido a la situaci\u00f3n de la pandemia. En el mes de febrero, los d\u00edas 24 y 25 de febrero, se<\/p><\/div>\n<div class=\"blog-btn\"><a href=\"https:\/\/site.educa.madrid.org\/cp.principesdeasturias.pozuelodealarcon\/index.php\/2025\/03\/18\/seleccionadas-para-asistir-al-global-classroom-nueva-york\/\" class=\"home-blog-btn\">Leer m\u00e1s<\/a><\/p>\n","protected":false},"author":2,"featured_media":1587,"comment_status":"open","ping_status":"open","sticky":false,"template":"","format":"standard","meta":{"footnotes":""},"categories":[1],"tags":[],"post_folder":[],"class_list":["post-1586","post","type-post","status-publish","format-standard","has-post-thumbnail","hentry","category-sin-categoria"],"rttpg_featured_image_url":{"full":["https:\/\/site.educa.madrid.org\/cp.principesdeasturias.pozuelodealarcon\/\/wp-content\/uploads\/cp.principesdeasturias.pozuelodealarcon\/2025\/03\/Captura-de-pantalla-2025-03-18-18-22-48.png",212,268,false],"landscape":["https:\/\/site.educa.madrid.org\/cp.principesdeasturias.pozuelodealarcon\/\/wp-content\/uploads\/cp.principesdeasturias.pozuelodealarcon\/2025\/03\/Captura-de-pantalla-2025-03-18-18-22-48.png",212,268,false],"portraits":["https:\/\/site.educa.madrid.org\/cp.principesdeasturias.pozuelodealarcon\/\/wp-content\/uploads\/cp.principesdeasturias.pozuelodealarcon\/2025\/03\/Captura-de-pantalla-2025-03-18-18-22-48.png",212,268,false],"thumbnail":["https:\/\/site.educa.madrid.org\/cp.principesdeasturias.pozuelodealarcon\/\/wp-content\/uploads\/cp.principesdeasturias.pozuelodealarcon\/2025\/03\/Captura-de-pantalla-2025-03-18-18-22-48-150x150.png",150,150,true],"medium":["https:\/\/site.educa.madrid.org\/cp.principesdeasturias.pozuelodealarcon\/\/wp-content\/uploads\/cp.principesdeasturias.pozuelodealarcon\/2025\/03\/Captura-de-pantalla-2025-03-18-18-22-48.png",212,268,false],"large":["https:\/\/site.educa.madrid.org\/cp.principesdeasturias.pozuelodealarcon\/\/wp-content\/uploads\/cp.principesdeasturias.pozuelodealarcon\/2025\/03\/Captura-de-pantalla-2025-03-18-18-22-48.png",212,268,false],"thumblist":["https:\/\/site.educa.madrid.org\/cp.principesdeasturias.pozuelodealarcon\/\/wp-content\/uploads\/cp.principesdeasturias.pozuelodealarcon\/2025\/03\/Captura-de-pantalla-2025-03-18-18-22-48.png",212,268,false],"thumbrelated":["https:\/\/site.educa.madrid.org\/cp.principesdeasturias.pozuelodealarcon\/\/wp-content\/uploads\/cp.principesdeasturias.pozuelodealarcon\/2025\/03\/Captura-de-pantalla-2025-03-18-18-22-48.png",212,268,false],"meccarouselthumb":["https:\/\/site.educa.madrid.org\/cp.principesdeasturias.pozuelodealarcon\/\/wp-content\/uploads\/cp.principesdeasturias.pozuelodealarcon\/2025\/03\/Captura-de-pantalla-2025-03-18-18-22-48.png",212,268,false],"gridsquare":["https:\/\/site.educa.madrid.org\/cp.principesdeasturias.pozuelodealarcon\/\/wp-content\/uploads\/cp.principesdeasturias.pozuelodealarcon\/2025\/03\/Captura-de-pantalla-2025-03-18-18-22-48-212x260.png",212,260,true],"tileview":["https:\/\/site.educa.madrid.org\/cp.principesdeasturias.pozuelodealarcon\/\/wp-content\/uploads\/cp.principesdeasturias.pozuelodealarcon\/2025\/03\/Captura-de-pantalla-2025-03-18-18-22-48.png",212,268,false],"1536x1536":["https:\/\/site.educa.madrid.org\/cp.principesdeasturias.pozuelodealarcon\/\/wp-content\/uploads\/cp.principesdeasturias.pozuelodealarcon\/2025\/03\/Captura-de-pantalla-2025-03-18-18-22-48.png",212,268,false],"2048x2048":["https:\/\/site.educa.madrid.org\/cp.principesdeasturias.pozuelodealarcon\/\/wp-content\/uploads\/cp.principesdeasturias.pozuelodealarcon\/2025\/03\/Captura-de-pantalla-2025-03-18-18-22-48.png",212,268,false],"sow-carousel-default":["https:\/\/site.educa.madrid.org\/cp.principesdeasturias.pozuelodealarcon\/\/wp-content\/uploads\/cp.principesdeasturias.pozuelodealarcon\/2025\/03\/Captura-de-pantalla-2025-03-18-18-22-48-212x182.png",212,182,true],"sow-post-carousel-overlay-theme":["https:\/\/site.educa.madrid.org\/cp.principesdeasturias.pozuelodealarcon\/\/wp-content\/uploads\/cp.principesdeasturias.pozuelodealarcon\/2025\/03\/Captura-de-pantalla-2025-03-18-18-22-48.png",212,268,false],"sow-post-carousel-cards-theme":["https:\/\/site.educa.madrid.org\/cp.principesdeasturias.pozuelodealarcon\/\/wp-content\/uploads\/cp.principesdeasturias.pozuelodealarcon\/2025\/03\/Captura-de-pantalla-2025-03-18-18-22-48.png",190,240,false],"rt_custom":["https:\/\/site.educa.madrid.org\/cp.principesdeasturias.pozuelodealarcon\/\/wp-content\/uploads\/cp.principesdeasturias.pozuelodealarcon\/2025\/03\/Captura-de-pantalla-2025-03-18-18-22-48.png",212,268,false]},"rttpg_author":{"display_name":"tic.cp.principesdeasturias.pozuelodealarcon","author_link":"https:\/\/site.educa.madrid.org\/cp.principesdeasturias.pozuelodealarcon\/index.php\/author\/cuenta_tic-cp-principesdeasturias-pozuelodealarcon\/"},"rttpg_comment":0,"rttpg_category":"<a href=\"https:\/\/site.educa.madrid.org\/cp.principesdeasturias.pozuelodealarcon\/index.php\/category\/sin-categoria\/\" rel=\"category tag\">Sin categor\u00eda<\/a>","rttpg_excerpt":"Paula, y Genoveva, estudiantes de 3\u00ba de la ESO de nuestro colegio han sido\u00a0seleccionadas para participar en la Conferencia Internacional de las Naciones Unidas (GCIMUN)\u00a0que tendr\u00e1 lugar en el mes de mayo en modalidad online, debido a la situaci\u00f3n de la pandemia. En el mes de febrero, los d\u00edas 24 y 25 de febrero, seLeer&hellip;","post_mailing_queue_ids":[],"_links":{"self":[{"href":"https:\/\/site.educa.madrid.org\/cp.principesdeasturias.pozuelodealarcon\/index.php\/wp-json\/wp\/v2\/posts\/1586","targetHints":{"allow":["GET"]}}],"collection":[{"href":"https:\/\/site.educa.madrid.org\/cp.principesdeasturias.pozuelodealarcon\/index.php\/wp-json\/wp\/v2\/posts"}],"about":[{"href":"https:\/\/site.educa.madrid.org\/cp.principesdeasturias.pozuelodealarcon\/index.php\/wp-json\/wp\/v2\/types\/post"}],"author":[{"embeddable":true,"href":"https:\/\/site.educa.madrid.org\/cp.principesdeasturias.pozuelodealarcon\/index.php\/wp-json\/wp\/v2\/users\/2"}],"replies":[{"embeddable":true,"href":"https:\/\/site.educa.madrid.org\/cp.principesdeasturias.pozuelodealarcon\/index.php\/wp-json\/wp\/v2\/comments?post=1586"}],"version-history":[{"count":2,"href":"https:\/\/site.educa.madrid.org\/cp.principesdeasturias.pozuelodealarcon\/index.php\/wp-json\/wp\/v2\/posts\/1586\/revisions"}],"predecessor-version":[{"id":1589,"href":"https:\/\/site.educa.madrid.org\/cp.principesdeasturias.pozuelodealarcon\/index.php\/wp-json\/wp\/v2\/posts\/1586\/revisions\/1589"}],"wp:featuredmedia":[{"embeddable":true,"href":"https:\/\/site.educa.madrid.org\/cp.principesdeasturias.pozuelodealarcon\/index.php\/wp-json\/wp\/v2\/media\/1587"}],"wp:attachment":[{"href":"https:\/\/site.educa.madrid.org\/cp.principesdeasturias.pozuelodealarcon\/index.php\/wp-json\/wp\/v2\/media?parent=1586"}],"wp:term":[{"taxonomy":"category","embeddable":true,"href":"https:\/\/site.educa.madrid.org\/cp.principesdeasturias.pozuelodealarcon\/index.php\/wp-json\/wp\/v2\/categories?post=1586"},{"taxonomy":"post_tag","embeddable":true,"href":"https:\/\/site.educa.madrid.org\/cp.principesdeasturias.pozuelodealarcon\/index.php\/wp-json\/wp\/v2\/tags?post=1586"},{"taxonomy":"post_folder","embeddable":true,"href":"https:\/\/site.educa.madrid.org\/cp.principesdeasturias.pozuelodealarcon\/index.php\/wp-json\/wp\/v2\/post_folder?post=1586"}],"curies":[{"name":"wp","href":"https:\/\/api.w.org\/{rel}","templated":true}]}}