{"id":1590,"date":"2025-03-18T18:29:35","date_gmt":"2025-03-18T17:29:35","guid":{"rendered":"https:\/\/site.educa.madrid.org\/cp.principesdeasturias.pozuelodealarcon\/?p=1590"},"modified":"2025-03-18T18:29:35","modified_gmt":"2025-03-18T17:29:35","slug":"celebramos-el-dia-internacional-del-libro","status":"publish","type":"post","link":"https:\/\/site.educa.madrid.org\/cp.principesdeasturias.pozuelodealarcon\/index.php\/2025\/03\/18\/celebramos-el-dia-internacional-del-libro\/","title":{"rendered":"Celebramos el d\u00eda internacional del libro"},"content":{"rendered":"<p>Como cada a\u00f1o celebramos el\u00a0<b>D\u00eda Internacional del Libro, 23 de abril.<\/b>\u00a0Las actividades este a\u00f1o han sido para cada curso pero todos pudimos recordar la importancia del \u00ablibro\u00bb en nuestra educaci\u00f3n.<\/p>\n<div>Se conmemora desde 1995 coincidiendo con fechas importantes\u00a0como la muerte de tres grandes de la literatura universal. Miguel de Cervantes (muri\u00f3 el 22 de abril y fue enterrado el d\u00eda 23), William Shakespeare y el Inca Garcilaso de la Vega.<\/div>\n<div>En las clases se habl\u00f3 de libros, se hicieron trabajos manuales pero quiz\u00e1s lo que m\u00e1s nos llama la atenci\u00f3n es que\u00a0<b>los m\u00e1s peque\u00f1os pudieron disfrutar al aire libre de un cuentacuentos.<\/b>\u00a0En los tiempos que vivimos lo valoramos especialmente deseando que pronto podamos volver a la normalidad.<\/div>\n","protected":false},"excerpt":{"rendered":"<p>Como cada a\u00f1o celebramos el\u00a0D\u00eda Internacional del Libro, 23 de abril.\u00a0Las actividades este a\u00f1o han sido para cada curso pero todos pudimos recordar la importancia del \u00ablibro\u00bb en nuestra educaci\u00f3n. Se conmemora desde 1995 coincidiendo con fechas importantes\u00a0como la muerte de tres grandes de la literatura universal. Miguel de Cervantes (muri\u00f3 el 22 de abril<\/p><\/div>\n<div class=\"blog-btn\"><a href=\"https:\/\/site.educa.madrid.org\/cp.principesdeasturias.pozuelodealarcon\/index.php\/2025\/03\/18\/celebramos-el-dia-internacional-del-libro\/\" class=\"home-blog-btn\">Leer m\u00e1s<\/a><\/p>\n","protected":false},"author":2,"featured_media":1591,"comment_status":"open","ping_status":"open","sticky":false,"template":"","format":"standard","meta":{"footnotes":""},"categories":[1],"tags":[],"post_folder":[],"class_list":["post-1590","post","type-post","status-publish","format-standard","has-post-thumbnail","hentry","category-sin-categoria"],"rttpg_featured_image_url":{"full":["https:\/\/site.educa.madrid.org\/cp.principesdeasturias.pozuelodealarcon\/\/wp-content\/uploads\/cp.principesdeasturias.pozuelodealarcon\/2025\/03\/Captura-de-pantalla-2025-03-18-18-27-15.png",709,314,false],"landscape":["https:\/\/site.educa.madrid.org\/cp.principesdeasturias.pozuelodealarcon\/\/wp-content\/uploads\/cp.principesdeasturias.pozuelodealarcon\/2025\/03\/Captura-de-pantalla-2025-03-18-18-27-15.png",709,314,false],"portraits":["https:\/\/site.educa.madrid.org\/cp.principesdeasturias.pozuelodealarcon\/\/wp-content\/uploads\/cp.principesdeasturias.pozuelodealarcon\/2025\/03\/Captura-de-pantalla-2025-03-18-18-27-15.png",709,314,false],"thumbnail":["https:\/\/site.educa.madrid.org\/cp.principesdeasturias.pozuelodealarcon\/\/wp-content\/uploads\/cp.principesdeasturias.pozuelodealarcon\/2025\/03\/Captura-de-pantalla-2025-03-18-18-27-15-150x150.png",150,150,true],"medium":["https:\/\/site.educa.madrid.org\/cp.principesdeasturias.pozuelodealarcon\/\/wp-content\/uploads\/cp.principesdeasturias.pozuelodealarcon\/2025\/03\/Captura-de-pantalla-2025-03-18-18-27-15-300x133.png",300,133,true],"large":["https:\/\/site.educa.madrid.org\/cp.principesdeasturias.pozuelodealarcon\/\/wp-content\/uploads\/cp.principesdeasturias.pozuelodealarcon\/2025\/03\/Captura-de-pantalla-2025-03-18-18-27-15.png",696,308,false],"thumblist":["https:\/\/site.educa.madrid.org\/cp.principesdeasturias.pozuelodealarcon\/\/wp-content\/uploads\/cp.principesdeasturias.pozuelodealarcon\/2025\/03\/Captura-de-pantalla-2025-03-18-18-27-15-300x300.png",300,300,true],"thumbrelated":["https:\/\/site.educa.madrid.org\/cp.principesdeasturias.pozuelodealarcon\/\/wp-content\/uploads\/cp.principesdeasturias.pozuelodealarcon\/2025\/03\/Captura-de-pantalla-2025-03-18-18-27-15-500x314.png",500,314,true],"meccarouselthumb":["https:\/\/site.educa.madrid.org\/cp.principesdeasturias.pozuelodealarcon\/\/wp-content\/uploads\/cp.principesdeasturias.pozuelodealarcon\/2025\/03\/Captura-de-pantalla-2025-03-18-18-27-15-474x314.png",474,314,true],"gridsquare":["https:\/\/site.educa.madrid.org\/cp.principesdeasturias.pozuelodealarcon\/\/wp-content\/uploads\/cp.principesdeasturias.pozuelodealarcon\/2025\/03\/Captura-de-pantalla-2025-03-18-18-27-15-391x260.png",391,260,true],"tileview":["https:\/\/site.educa.madrid.org\/cp.principesdeasturias.pozuelodealarcon\/\/wp-content\/uploads\/cp.principesdeasturias.pozuelodealarcon\/2025\/03\/Captura-de-pantalla-2025-03-18-18-27-15-300x314.png",300,314,true],"1536x1536":["https:\/\/site.educa.madrid.org\/cp.principesdeasturias.pozuelodealarcon\/\/wp-content\/uploads\/cp.principesdeasturias.pozuelodealarcon\/2025\/03\/Captura-de-pantalla-2025-03-18-18-27-15.png",709,314,false],"2048x2048":["https:\/\/site.educa.madrid.org\/cp.principesdeasturias.pozuelodealarcon\/\/wp-content\/uploads\/cp.principesdeasturias.pozuelodealarcon\/2025\/03\/Captura-de-pantalla-2025-03-18-18-27-15.png",709,314,false],"sow-carousel-default":["https:\/\/site.educa.madrid.org\/cp.principesdeasturias.pozuelodealarcon\/\/wp-content\/uploads\/cp.principesdeasturias.pozuelodealarcon\/2025\/03\/Captura-de-pantalla-2025-03-18-18-27-15-272x182.png",272,182,true],"sow-post-carousel-overlay-theme":["https:\/\/site.educa.madrid.org\/cp.principesdeasturias.pozuelodealarcon\/\/wp-content\/uploads\/cp.principesdeasturias.pozuelodealarcon\/2025\/03\/Captura-de-pantalla-2025-03-18-18-27-15.png",360,159,false],"sow-post-carousel-cards-theme":["https:\/\/site.educa.madrid.org\/cp.principesdeasturias.pozuelodealarcon\/\/wp-content\/uploads\/cp.principesdeasturias.pozuelodealarcon\/2025\/03\/Captura-de-pantalla-2025-03-18-18-27-15.png",360,159,false],"rt_custom":["https:\/\/site.educa.madrid.org\/cp.principesdeasturias.pozuelodealarcon\/\/wp-content\/uploads\/cp.principesdeasturias.pozuelodealarcon\/2025\/03\/Captura-de-pantalla-2025-03-18-18-27-15.png",709,314,false]},"rttpg_author":{"display_name":"tic.cp.principesdeasturias.pozuelodealarcon","author_link":"https:\/\/site.educa.madrid.org\/cp.principesdeasturias.pozuelodealarcon\/index.php\/author\/cuenta_tic-cp-principesdeasturias-pozuelodealarcon\/"},"rttpg_comment":0,"rttpg_category":"<a href=\"https:\/\/site.educa.madrid.org\/cp.principesdeasturias.pozuelodealarcon\/index.php\/category\/sin-categoria\/\" rel=\"category tag\">Sin categor\u00eda<\/a>","rttpg_excerpt":"Como cada a\u00f1o celebramos el\u00a0D\u00eda Internacional del Libro, 23 de abril.\u00a0Las actividades este a\u00f1o han sido para cada curso pero todos pudimos recordar la importancia del \u00ablibro\u00bb en nuestra educaci\u00f3n. Se conmemora desde 1995 coincidiendo con fechas importantes\u00a0como la muerte de tres grandes de la literatura universal. Miguel de Cervantes (muri\u00f3 el 22 de abrilLeer&hellip;","post_mailing_queue_ids":[],"_links":{"self":[{"href":"https:\/\/site.educa.madrid.org\/cp.principesdeasturias.pozuelodealarcon\/index.php\/wp-json\/wp\/v2\/posts\/1590","targetHints":{"allow":["GET"]}}],"collection":[{"href":"https:\/\/site.educa.madrid.org\/cp.principesdeasturias.pozuelodealarcon\/index.php\/wp-json\/wp\/v2\/posts"}],"about":[{"href":"https:\/\/site.educa.madrid.org\/cp.principesdeasturias.pozuelodealarcon\/index.php\/wp-json\/wp\/v2\/types\/post"}],"author":[{"embeddable":true,"href":"https:\/\/site.educa.madrid.org\/cp.principesdeasturias.pozuelodealarcon\/index.php\/wp-json\/wp\/v2\/users\/2"}],"replies":[{"embeddable":true,"href":"https:\/\/site.educa.madrid.org\/cp.principesdeasturias.pozuelodealarcon\/index.php\/wp-json\/wp\/v2\/comments?post=1590"}],"version-history":[{"count":1,"href":"https:\/\/site.educa.madrid.org\/cp.principesdeasturias.pozuelodealarcon\/index.php\/wp-json\/wp\/v2\/posts\/1590\/revisions"}],"predecessor-version":[{"id":1592,"href":"https:\/\/site.educa.madrid.org\/cp.principesdeasturias.pozuelodealarcon\/index.php\/wp-json\/wp\/v2\/posts\/1590\/revisions\/1592"}],"wp:featuredmedia":[{"embeddable":true,"href":"https:\/\/site.educa.madrid.org\/cp.principesdeasturias.pozuelodealarcon\/index.php\/wp-json\/wp\/v2\/media\/1591"}],"wp:attachment":[{"href":"https:\/\/site.educa.madrid.org\/cp.principesdeasturias.pozuelodealarcon\/index.php\/wp-json\/wp\/v2\/media?parent=1590"}],"wp:term":[{"taxonomy":"category","embeddable":true,"href":"https:\/\/site.educa.madrid.org\/cp.principesdeasturias.pozuelodealarcon\/index.php\/wp-json\/wp\/v2\/categories?post=1590"},{"taxonomy":"post_tag","embeddable":true,"href":"https:\/\/site.educa.madrid.org\/cp.principesdeasturias.pozuelodealarcon\/index.php\/wp-json\/wp\/v2\/tags?post=1590"},{"taxonomy":"post_folder","embeddable":true,"href":"https:\/\/site.educa.madrid.org\/cp.principesdeasturias.pozuelodealarcon\/index.php\/wp-json\/wp\/v2\/post_folder?post=1590"}],"curies":[{"name":"wp","href":"https:\/\/api.w.org\/{rel}","templated":true}]}}