{"id":1600,"date":"2025-03-18T18:43:05","date_gmt":"2025-03-18T17:43:05","guid":{"rendered":"https:\/\/site.educa.madrid.org\/cp.principesdeasturias.pozuelodealarcon\/?p=1600"},"modified":"2025-03-18T18:44:16","modified_gmt":"2025-03-18T17:44:16","slug":"1600","status":"publish","type":"post","link":"https:\/\/site.educa.madrid.org\/cp.principesdeasturias.pozuelodealarcon\/index.php\/2025\/03\/18\/1600\/","title":{"rendered":"Concurso poster \u00abD\u00eda internacional del Autismo\u00bb"},"content":{"rendered":"<p>Como resultado del concurso que se organiz\u00f3 con motivo del D\u00eda del Autismo pod\u00e9is ver a continuaci\u00f3n los trabajos finalistas y ganadores. \u00a1Enhorabuena a todos!<\/p>\n<p><img loading=\"lazy\" decoding=\"async\" src=\"https:\/\/site.educa.madrid.org\/cp.principesdeasturias.pozuelodealarcon\/\/wp-content\/uploads\/cp.principesdeasturias.pozuelodealarcon\/2025\/03\/Captura-de-pantalla-2025-03-18-18-40-30-1-e1742319779747-300x127.png\" alt=\"\" width=\"300\" height=\"127\" class=\"alignnone size-medium wp-image-1602\" srcset=\"https:\/\/site.educa.madrid.org\/cp.principesdeasturias.pozuelodealarcon\/\/wp-content\/uploads\/cp.principesdeasturias.pozuelodealarcon\/2025\/03\/Captura-de-pantalla-2025-03-18-18-40-30-1-e1742319779747-300x127.png 300w, https:\/\/site.educa.madrid.org\/cp.principesdeasturias.pozuelodealarcon\/\/wp-content\/uploads\/cp.principesdeasturias.pozuelodealarcon\/2025\/03\/Captura-de-pantalla-2025-03-18-18-40-30-1-e1742319779747.png 624w\" sizes=\"auto, (max-width: 300px) 100vw, 300px\" \/><\/p>\n<p>Queremos hacer es agradeceros vuestra participaci\u00f3n y vuestra dedicaci\u00f3n en hacer unos carteles llenos de cari\u00f1o, con mensajes llenos de emoci\u00f3n y de inter\u00e9s por comprender y mejorar la vida de las personas con autismo, y por dedicarle unos minutos de vuestro tiempo a pensar como podemos mejorar y dar visibilidad al autismo en nuestra sociedad.<\/p>\n<p>Ha sido muy dif\u00edcil tomar la decisi\u00f3n pero finalmente se han otorgado 1 premio en Infantil, 2 en Primaria y 2 en Secundaria.<\/p>\n<p>Beatriz, Ana, Ana y \u00c1ngeles.<\/p>\n<p>Aulas de Apoyo CEIPSO. PR\u00cdNCIPES DE ASTURIAS<\/p>\n","protected":false},"excerpt":{"rendered":"<p>Como resultado del concurso que se organiz\u00f3 con motivo del D\u00eda del Autismo pod\u00e9is ver a continuaci\u00f3n los trabajos finalistas y ganadores. \u00a1Enhorabuena a todos! Queremos hacer es agradeceros vuestra participaci\u00f3n y vuestra dedicaci\u00f3n en hacer unos carteles llenos de cari\u00f1o, con mensajes llenos de emoci\u00f3n y de inter\u00e9s por comprender y mejorar la vida<\/p><\/div>\n<div class=\"blog-btn\"><a href=\"https:\/\/site.educa.madrid.org\/cp.principesdeasturias.pozuelodealarcon\/index.php\/2025\/03\/18\/1600\/\" class=\"home-blog-btn\">Leer m\u00e1s<\/a><\/p>\n","protected":false},"author":2,"featured_media":1601,"comment_status":"open","ping_status":"open","sticky":false,"template":"","format":"standard","meta":{"footnotes":""},"categories":[1],"tags":[],"post_folder":[],"class_list":["post-1600","post","type-post","status-publish","format-standard","has-post-thumbnail","hentry","category-sin-categoria"],"rttpg_featured_image_url":{"full":["https:\/\/site.educa.madrid.org\/cp.principesdeasturias.pozuelodealarcon\/\/wp-content\/uploads\/cp.principesdeasturias.pozuelodealarcon\/2025\/03\/Captura-de-pantalla-2025-03-18-18-40-30.png",137,172,false],"landscape":["https:\/\/site.educa.madrid.org\/cp.principesdeasturias.pozuelodealarcon\/\/wp-content\/uploads\/cp.principesdeasturias.pozuelodealarcon\/2025\/03\/Captura-de-pantalla-2025-03-18-18-40-30.png",137,172,false],"portraits":["https:\/\/site.educa.madrid.org\/cp.principesdeasturias.pozuelodealarcon\/\/wp-content\/uploads\/cp.principesdeasturias.pozuelodealarcon\/2025\/03\/Captura-de-pantalla-2025-03-18-18-40-30.png",137,172,false],"thumbnail":["https:\/\/site.educa.madrid.org\/cp.principesdeasturias.pozuelodealarcon\/\/wp-content\/uploads\/cp.principesdeasturias.pozuelodealarcon\/2025\/03\/Captura-de-pantalla-2025-03-18-18-40-30-137x150.png",137,150,true],"medium":["https:\/\/site.educa.madrid.org\/cp.principesdeasturias.pozuelodealarcon\/\/wp-content\/uploads\/cp.principesdeasturias.pozuelodealarcon\/2025\/03\/Captura-de-pantalla-2025-03-18-18-40-30.png",137,172,false],"large":["https:\/\/site.educa.madrid.org\/cp.principesdeasturias.pozuelodealarcon\/\/wp-content\/uploads\/cp.principesdeasturias.pozuelodealarcon\/2025\/03\/Captura-de-pantalla-2025-03-18-18-40-30.png",137,172,false],"thumblist":["https:\/\/site.educa.madrid.org\/cp.principesdeasturias.pozuelodealarcon\/\/wp-content\/uploads\/cp.principesdeasturias.pozuelodealarcon\/2025\/03\/Captura-de-pantalla-2025-03-18-18-40-30.png",137,172,false],"thumbrelated":["https:\/\/site.educa.madrid.org\/cp.principesdeasturias.pozuelodealarcon\/\/wp-content\/uploads\/cp.principesdeasturias.pozuelodealarcon\/2025\/03\/Captura-de-pantalla-2025-03-18-18-40-30.png",137,172,false],"meccarouselthumb":["https:\/\/site.educa.madrid.org\/cp.principesdeasturias.pozuelodealarcon\/\/wp-content\/uploads\/cp.principesdeasturias.pozuelodealarcon\/2025\/03\/Captura-de-pantalla-2025-03-18-18-40-30.png",137,172,false],"gridsquare":["https:\/\/site.educa.madrid.org\/cp.principesdeasturias.pozuelodealarcon\/\/wp-content\/uploads\/cp.principesdeasturias.pozuelodealarcon\/2025\/03\/Captura-de-pantalla-2025-03-18-18-40-30.png",137,172,false],"tileview":["https:\/\/site.educa.madrid.org\/cp.principesdeasturias.pozuelodealarcon\/\/wp-content\/uploads\/cp.principesdeasturias.pozuelodealarcon\/2025\/03\/Captura-de-pantalla-2025-03-18-18-40-30.png",137,172,false],"1536x1536":["https:\/\/site.educa.madrid.org\/cp.principesdeasturias.pozuelodealarcon\/\/wp-content\/uploads\/cp.principesdeasturias.pozuelodealarcon\/2025\/03\/Captura-de-pantalla-2025-03-18-18-40-30.png",137,172,false],"2048x2048":["https:\/\/site.educa.madrid.org\/cp.principesdeasturias.pozuelodealarcon\/\/wp-content\/uploads\/cp.principesdeasturias.pozuelodealarcon\/2025\/03\/Captura-de-pantalla-2025-03-18-18-40-30.png",137,172,false],"sow-carousel-default":["https:\/\/site.educa.madrid.org\/cp.principesdeasturias.pozuelodealarcon\/\/wp-content\/uploads\/cp.principesdeasturias.pozuelodealarcon\/2025\/03\/Captura-de-pantalla-2025-03-18-18-40-30.png",137,172,false],"sow-post-carousel-overlay-theme":["https:\/\/site.educa.madrid.org\/cp.principesdeasturias.pozuelodealarcon\/\/wp-content\/uploads\/cp.principesdeasturias.pozuelodealarcon\/2025\/03\/Captura-de-pantalla-2025-03-18-18-40-30.png",137,172,false],"sow-post-carousel-cards-theme":["https:\/\/site.educa.madrid.org\/cp.principesdeasturias.pozuelodealarcon\/\/wp-content\/uploads\/cp.principesdeasturias.pozuelodealarcon\/2025\/03\/Captura-de-pantalla-2025-03-18-18-40-30.png",137,172,false],"rt_custom":["https:\/\/site.educa.madrid.org\/cp.principesdeasturias.pozuelodealarcon\/\/wp-content\/uploads\/cp.principesdeasturias.pozuelodealarcon\/2025\/03\/Captura-de-pantalla-2025-03-18-18-40-30.png",137,172,false]},"rttpg_author":{"display_name":"tic.cp.principesdeasturias.pozuelodealarcon","author_link":"https:\/\/site.educa.madrid.org\/cp.principesdeasturias.pozuelodealarcon\/index.php\/author\/cuenta_tic-cp-principesdeasturias-pozuelodealarcon\/"},"rttpg_comment":0,"rttpg_category":"<a href=\"https:\/\/site.educa.madrid.org\/cp.principesdeasturias.pozuelodealarcon\/index.php\/category\/sin-categoria\/\" rel=\"category tag\">Sin categor\u00eda<\/a>","rttpg_excerpt":"Como resultado del concurso que se organiz\u00f3 con motivo del D\u00eda del Autismo pod\u00e9is ver a continuaci\u00f3n los trabajos finalistas y ganadores. \u00a1Enhorabuena a todos! Queremos hacer es agradeceros vuestra participaci\u00f3n y vuestra dedicaci\u00f3n en hacer unos carteles llenos de cari\u00f1o, con mensajes llenos de emoci\u00f3n y de inter\u00e9s por comprender y mejorar la vidaLeer&hellip;","post_mailing_queue_ids":[],"_links":{"self":[{"href":"https:\/\/site.educa.madrid.org\/cp.principesdeasturias.pozuelodealarcon\/index.php\/wp-json\/wp\/v2\/posts\/1600","targetHints":{"allow":["GET"]}}],"collection":[{"href":"https:\/\/site.educa.madrid.org\/cp.principesdeasturias.pozuelodealarcon\/index.php\/wp-json\/wp\/v2\/posts"}],"about":[{"href":"https:\/\/site.educa.madrid.org\/cp.principesdeasturias.pozuelodealarcon\/index.php\/wp-json\/wp\/v2\/types\/post"}],"author":[{"embeddable":true,"href":"https:\/\/site.educa.madrid.org\/cp.principesdeasturias.pozuelodealarcon\/index.php\/wp-json\/wp\/v2\/users\/2"}],"replies":[{"embeddable":true,"href":"https:\/\/site.educa.madrid.org\/cp.principesdeasturias.pozuelodealarcon\/index.php\/wp-json\/wp\/v2\/comments?post=1600"}],"version-history":[{"count":2,"href":"https:\/\/site.educa.madrid.org\/cp.principesdeasturias.pozuelodealarcon\/index.php\/wp-json\/wp\/v2\/posts\/1600\/revisions"}],"predecessor-version":[{"id":1604,"href":"https:\/\/site.educa.madrid.org\/cp.principesdeasturias.pozuelodealarcon\/index.php\/wp-json\/wp\/v2\/posts\/1600\/revisions\/1604"}],"wp:featuredmedia":[{"embeddable":true,"href":"https:\/\/site.educa.madrid.org\/cp.principesdeasturias.pozuelodealarcon\/index.php\/wp-json\/wp\/v2\/media\/1601"}],"wp:attachment":[{"href":"https:\/\/site.educa.madrid.org\/cp.principesdeasturias.pozuelodealarcon\/index.php\/wp-json\/wp\/v2\/media?parent=1600"}],"wp:term":[{"taxonomy":"category","embeddable":true,"href":"https:\/\/site.educa.madrid.org\/cp.principesdeasturias.pozuelodealarcon\/index.php\/wp-json\/wp\/v2\/categories?post=1600"},{"taxonomy":"post_tag","embeddable":true,"href":"https:\/\/site.educa.madrid.org\/cp.principesdeasturias.pozuelodealarcon\/index.php\/wp-json\/wp\/v2\/tags?post=1600"},{"taxonomy":"post_folder","embeddable":true,"href":"https:\/\/site.educa.madrid.org\/cp.principesdeasturias.pozuelodealarcon\/index.php\/wp-json\/wp\/v2\/post_folder?post=1600"}],"curies":[{"name":"wp","href":"https:\/\/api.w.org\/{rel}","templated":true}]}}