{"id":1624,"date":"2025-03-23T17:35:18","date_gmt":"2025-03-23T16:35:18","guid":{"rendered":"https:\/\/site.educa.madrid.org\/cp.principesdeasturias.pozuelodealarcon\/?p=1624"},"modified":"2025-03-23T17:35:56","modified_gmt":"2025-03-23T16:35:56","slug":"1624","status":"publish","type":"post","link":"https:\/\/site.educa.madrid.org\/cp.principesdeasturias.pozuelodealarcon\/index.php\/2025\/03\/23\/1624\/","title":{"rendered":"Curso \u00abEmotional Competences\u00bb en Soverato &#8211; Italia"},"content":{"rendered":"<p>Del 11 al 18 de julio, dos profesores de Educaci\u00f3n Primaria del CEIPSO Pr\u00edncipes de Asturias, Paula L\u00f3pez Cabello y Jos\u00e9 Pablo P\u00e9rez Garc\u00eda, asistieron al curso \u201cEmotional Competences\u201d, impartido en la localidad italiana de Soverato. Durante las distintas ponencias, organizadas por la Asociaci\u00f3n JUMP Giovent\u00f9 in riSalto, los profesores trabajaron en el \u201cdesarrollo de la Inteligencia Emocional en profesores y alumnos\u201d, cubriendo cuestiones tan relevantes como la competencia emocional y c\u00f3mo ense\u00f1arla; c\u00f3mo ense\u00f1ar a trav\u00e9s de las emociones o c\u00f3mo ayudar a los alumnos de necesidades educativas a adquirir esta competencia. Este curso ha sido financiado por el Programa Erasmus+ K1 de la Uni\u00f3n Europea (Movilidad de las personas por motivos de aprendizaje).<br \/>\nErika Gerardini, Ylenia Azzaro y Catherine Perri fueron las responsables del curso que contribuyeron en todo momento a crear un clima de inmersi\u00f3n ling\u00fc\u00edstica y cultural entre los asistentes. El grupo estuvo formado por nueve profesores de varias nacionalidades que representaban a Lituania, Eslovaquia, Eslovenia, Alemania, Espa\u00f1a e Italia.<br \/>\nDurante la estancia se han llevado a cabo actividades de trabajo colaborativo (sesi\u00f3n de cocina) as\u00ed como visitas culturales a los pueblos de los alrededores, en un entorno natural de una gran belleza. Tambi\u00e9n hubo muchas oportunidades para socializar entre los asistentes durante los per\u00edodos de tiempo libre, bien cenando, disfrutando de la playa, creando lazos de amistad o comprando en el mercadillo local.<br \/>\nEn la \u00faltima sesi\u00f3n, los participantes compartieron informaci\u00f3n sobre los proyectos que cada uno est\u00e1 llevando en sus respectivos centros educativos. Del mismo modo, se presentaron gu\u00edas de actuaci\u00f3n con el fin de continuar esta l\u00ednea de innovaci\u00f3n con proyectos que refuercen la competencia emocional en cada centro.<br \/>\nEl equipo del CEIPSO Pr\u00edncipes de Asturias, adem\u00e1s, sugiri\u00f3 dar un impulso a las iniciativas ya existentes en el \u00e1mbito de la Educaci\u00f3n Especial con alumnos TEA y al resto de los alumnos, en lo referente al trabajo de las emociones.<\/p>\n","protected":false},"excerpt":{"rendered":"<p>Del 11 al 18 de julio, dos profesores de Educaci\u00f3n Primaria del CEIPSO Pr\u00edncipes de Asturias, Paula L\u00f3pez Cabello y Jos\u00e9 Pablo P\u00e9rez Garc\u00eda, asistieron al curso \u201cEmotional Competences\u201d, impartido en la localidad italiana de Soverato. Durante las distintas ponencias, organizadas por la Asociaci\u00f3n JUMP Giovent\u00f9 in riSalto, los profesores trabajaron en el \u201cdesarrollo de<\/p><\/div>\n<div class=\"blog-btn\"><a href=\"https:\/\/site.educa.madrid.org\/cp.principesdeasturias.pozuelodealarcon\/index.php\/2025\/03\/23\/1624\/\" class=\"home-blog-btn\">Leer m\u00e1s<\/a><\/p>\n","protected":false},"author":2,"featured_media":1625,"comment_status":"open","ping_status":"open","sticky":false,"template":"","format":"standard","meta":{"footnotes":""},"categories":[1],"tags":[],"post_folder":[],"class_list":["post-1624","post","type-post","status-publish","format-standard","has-post-thumbnail","hentry","category-sin-categoria"],"rttpg_featured_image_url":{"full":["https:\/\/site.educa.madrid.org\/cp.principesdeasturias.pozuelodealarcon\/\/wp-content\/uploads\/cp.principesdeasturias.pozuelodealarcon\/2025\/03\/soverato-1.png",526,502,false],"landscape":["https:\/\/site.educa.madrid.org\/cp.principesdeasturias.pozuelodealarcon\/\/wp-content\/uploads\/cp.principesdeasturias.pozuelodealarcon\/2025\/03\/soverato-1.png",526,502,false],"portraits":["https:\/\/site.educa.madrid.org\/cp.principesdeasturias.pozuelodealarcon\/\/wp-content\/uploads\/cp.principesdeasturias.pozuelodealarcon\/2025\/03\/soverato-1.png",526,502,false],"thumbnail":["https:\/\/site.educa.madrid.org\/cp.principesdeasturias.pozuelodealarcon\/\/wp-content\/uploads\/cp.principesdeasturias.pozuelodealarcon\/2025\/03\/soverato-1-150x150.png",150,150,true],"medium":["https:\/\/site.educa.madrid.org\/cp.principesdeasturias.pozuelodealarcon\/\/wp-content\/uploads\/cp.principesdeasturias.pozuelodealarcon\/2025\/03\/soverato-1-300x286.png",300,286,true],"large":["https:\/\/site.educa.madrid.org\/cp.principesdeasturias.pozuelodealarcon\/\/wp-content\/uploads\/cp.principesdeasturias.pozuelodealarcon\/2025\/03\/soverato-1.png",526,502,false],"thumblist":["https:\/\/site.educa.madrid.org\/cp.principesdeasturias.pozuelodealarcon\/\/wp-content\/uploads\/cp.principesdeasturias.pozuelodealarcon\/2025\/03\/soverato-1-300x300.png",300,300,true],"thumbrelated":["https:\/\/site.educa.madrid.org\/cp.principesdeasturias.pozuelodealarcon\/\/wp-content\/uploads\/cp.principesdeasturias.pozuelodealarcon\/2025\/03\/soverato-1-500x500.png",500,500,true],"meccarouselthumb":["https:\/\/site.educa.madrid.org\/cp.principesdeasturias.pozuelodealarcon\/\/wp-content\/uploads\/cp.principesdeasturias.pozuelodealarcon\/2025\/03\/soverato-1-474x324.png",474,324,true],"gridsquare":["https:\/\/site.educa.madrid.org\/cp.principesdeasturias.pozuelodealarcon\/\/wp-content\/uploads\/cp.principesdeasturias.pozuelodealarcon\/2025\/03\/soverato-1-391x260.png",391,260,true],"tileview":["https:\/\/site.educa.madrid.org\/cp.principesdeasturias.pozuelodealarcon\/\/wp-content\/uploads\/cp.principesdeasturias.pozuelodealarcon\/2025\/03\/soverato-1-300x400.png",300,400,true],"1536x1536":["https:\/\/site.educa.madrid.org\/cp.principesdeasturias.pozuelodealarcon\/\/wp-content\/uploads\/cp.principesdeasturias.pozuelodealarcon\/2025\/03\/soverato-1.png",526,502,false],"2048x2048":["https:\/\/site.educa.madrid.org\/cp.principesdeasturias.pozuelodealarcon\/\/wp-content\/uploads\/cp.principesdeasturias.pozuelodealarcon\/2025\/03\/soverato-1.png",526,502,false],"sow-carousel-default":["https:\/\/site.educa.madrid.org\/cp.principesdeasturias.pozuelodealarcon\/\/wp-content\/uploads\/cp.principesdeasturias.pozuelodealarcon\/2025\/03\/soverato-1-272x182.png",272,182,true],"sow-post-carousel-overlay-theme":["https:\/\/site.educa.madrid.org\/cp.principesdeasturias.pozuelodealarcon\/\/wp-content\/uploads\/cp.principesdeasturias.pozuelodealarcon\/2025\/03\/soverato-1.png",360,344,false],"sow-post-carousel-cards-theme":["https:\/\/site.educa.madrid.org\/cp.principesdeasturias.pozuelodealarcon\/\/wp-content\/uploads\/cp.principesdeasturias.pozuelodealarcon\/2025\/03\/soverato-1.png",251,240,false],"rt_custom":["https:\/\/site.educa.madrid.org\/cp.principesdeasturias.pozuelodealarcon\/\/wp-content\/uploads\/cp.principesdeasturias.pozuelodealarcon\/2025\/03\/soverato-1.png",526,502,false]},"rttpg_author":{"display_name":"tic.cp.principesdeasturias.pozuelodealarcon","author_link":"https:\/\/site.educa.madrid.org\/cp.principesdeasturias.pozuelodealarcon\/index.php\/author\/cuenta_tic-cp-principesdeasturias-pozuelodealarcon\/"},"rttpg_comment":0,"rttpg_category":"<a href=\"https:\/\/site.educa.madrid.org\/cp.principesdeasturias.pozuelodealarcon\/index.php\/category\/sin-categoria\/\" rel=\"category tag\">Sin categor\u00eda<\/a>","rttpg_excerpt":"Del 11 al 18 de julio, dos profesores de Educaci\u00f3n Primaria del CEIPSO Pr\u00edncipes de Asturias, Paula L\u00f3pez Cabello y Jos\u00e9 Pablo P\u00e9rez Garc\u00eda, asistieron al curso \u201cEmotional Competences\u201d, impartido en la localidad italiana de Soverato. Durante las distintas ponencias, organizadas por la Asociaci\u00f3n JUMP Giovent\u00f9 in riSalto, los profesores trabajaron en el \u201cdesarrollo deLeer&hellip;","post_mailing_queue_ids":[],"_links":{"self":[{"href":"https:\/\/site.educa.madrid.org\/cp.principesdeasturias.pozuelodealarcon\/index.php\/wp-json\/wp\/v2\/posts\/1624","targetHints":{"allow":["GET"]}}],"collection":[{"href":"https:\/\/site.educa.madrid.org\/cp.principesdeasturias.pozuelodealarcon\/index.php\/wp-json\/wp\/v2\/posts"}],"about":[{"href":"https:\/\/site.educa.madrid.org\/cp.principesdeasturias.pozuelodealarcon\/index.php\/wp-json\/wp\/v2\/types\/post"}],"author":[{"embeddable":true,"href":"https:\/\/site.educa.madrid.org\/cp.principesdeasturias.pozuelodealarcon\/index.php\/wp-json\/wp\/v2\/users\/2"}],"replies":[{"embeddable":true,"href":"https:\/\/site.educa.madrid.org\/cp.principesdeasturias.pozuelodealarcon\/index.php\/wp-json\/wp\/v2\/comments?post=1624"}],"version-history":[{"count":2,"href":"https:\/\/site.educa.madrid.org\/cp.principesdeasturias.pozuelodealarcon\/index.php\/wp-json\/wp\/v2\/posts\/1624\/revisions"}],"predecessor-version":[{"id":1627,"href":"https:\/\/site.educa.madrid.org\/cp.principesdeasturias.pozuelodealarcon\/index.php\/wp-json\/wp\/v2\/posts\/1624\/revisions\/1627"}],"wp:featuredmedia":[{"embeddable":true,"href":"https:\/\/site.educa.madrid.org\/cp.principesdeasturias.pozuelodealarcon\/index.php\/wp-json\/wp\/v2\/media\/1625"}],"wp:attachment":[{"href":"https:\/\/site.educa.madrid.org\/cp.principesdeasturias.pozuelodealarcon\/index.php\/wp-json\/wp\/v2\/media?parent=1624"}],"wp:term":[{"taxonomy":"category","embeddable":true,"href":"https:\/\/site.educa.madrid.org\/cp.principesdeasturias.pozuelodealarcon\/index.php\/wp-json\/wp\/v2\/categories?post=1624"},{"taxonomy":"post_tag","embeddable":true,"href":"https:\/\/site.educa.madrid.org\/cp.principesdeasturias.pozuelodealarcon\/index.php\/wp-json\/wp\/v2\/tags?post=1624"},{"taxonomy":"post_folder","embeddable":true,"href":"https:\/\/site.educa.madrid.org\/cp.principesdeasturias.pozuelodealarcon\/index.php\/wp-json\/wp\/v2\/post_folder?post=1624"}],"curies":[{"name":"wp","href":"https:\/\/api.w.org\/{rel}","templated":true}]}}