{"id":1666,"date":"2025-03-23T19:00:38","date_gmt":"2025-03-23T18:00:38","guid":{"rendered":"https:\/\/site.educa.madrid.org\/cp.principesdeasturias.pozuelodealarcon\/?p=1666"},"modified":"2025-03-23T19:00:38","modified_gmt":"2025-03-23T18:00:38","slug":"charlas-ted-5o-de-primaria-y-4o-eso","status":"publish","type":"post","link":"https:\/\/site.educa.madrid.org\/cp.principesdeasturias.pozuelodealarcon\/index.php\/2025\/03\/23\/charlas-ted-5o-de-primaria-y-4o-eso\/","title":{"rendered":"Charlas TED 5\u00ba de Primaria y 4\u00ba ESO"},"content":{"rendered":"<p>#Ideas que inspiran<br \/>\nCuando nace un proyecto el inicio es muy ilusionante. Nos lleg\u00f3 este proyecto en el mes de diciembre, Clubes TED Educaci\u00f3n. Se trataba de una iniciativa que pone en marcha la organizaci\u00f3n TED dirigida a estudiantes de 8 a 16 a\u00f1os con el objetivo de \u00abreplicar\u00bb las famosas charlas que casi todos conocemos.<br \/>\nLa esencia del mismo es conseguir el reto de que a lo largo de unos meses se prepare a los participantes a impartir su charla. Para ello se cuenta con material did\u00e1ctico -Diario de Ideas- en el caso de los alumnos; y de un texto que facilita la tarea del profesor. Adem\u00e1s, TED cuenta con una plataforma en las que compartir con otros profesores las experiencias, avances, dudas, etc..<br \/>\nCon todo esto se montaron dos equipos de trabajo en el colegio: uno de 5\u00ba de Primaria del Taller de Enriquecimiento (con 12 alumnos); y otros con alumnos de 4\u00ba de ESO de Secci\u00f3n- Ingl\u00e9s. Elaboramos un proyecto, lo presentamos en el Consejo Escolar y se solicit\u00f3, formalmente, nuestra participaci\u00f3n como socios en la organizaci\u00f3n TED. <\/p>\n<p>Balance<br \/>\nHan sido un proceso muy enriquecedor para todos los que hemos formado parte de esta experiencia. Poco a poco fuimos descubriendo que una charla TED tiene que ser \u00abinspiradora\u00bb. No se trataba de hacer una presentaci\u00f3n de la misma forma que en clase. No, ten\u00eda que tener mucho de ti para que cuando impartiese esa charla los que te escuchen se lleven nuevos puntos de vista sobre algo que a ti te apasiona. <\/p>\n<p>Sesiones TED<br \/>\nUna vez que ten\u00edamos todos preparadas las charlas tanto los alumnos de Primaria como los de Secundaria, que, en su caso, eran en ingl\u00e9s planteamos que hab\u00eda que compartirlo y conseguir el reto final de poder presentar en p\u00fablico nuestras charlas.<br \/>\nEn el caso del Taller de Enriquecimiento de 5\u00ba, se organizaron dos sesiones. Una para sus compa\u00f1eros de 5\u00ba en el gimnasio y, una segunda, para los de 6\u00ba en la Biblioteca. Fue la primera vez y todos estaban muy nerviosos pero a\u00fan as\u00ed sus charlas llegaron a sus compa\u00f1eros que les aplaudieron de lo lindo. Adem\u00e1s, al finalizar, algo que no se hace normalmente, recibimos su feedback con recomendaciones sobre lo que les parec\u00eda que pod\u00eda ayudarnos a mejorarlas. <\/p>\n<p>Puesta en escena: Sala Educarte<br \/>\nEn el mes de junio recibimos la invitaci\u00f3n del IES Camilo Jos\u00e9 Cela para que comparti\u00e9semos una jornada con ellos en el Sala Educarte, del Ayuntamiento de Pozuelo de Alarc\u00f3n. El sue\u00f1o se hizo realidad. Podr\u00edamos impartir nuestra charla al modo TED. Compramos una alfombra redonda roja, los roll-ups, contamos con una presentadora, programas, todo listo.<br \/>\nSe celebr\u00f3 el d\u00eda 20 de junio en la Sala Educarte del Ayuntamiento de Pozuelo de Alarc\u00f3n. A las 9:30, Asun Mateos, periodista dio comienzo el acto. Saludo a todos los asistentes entre los que se encontraban la concejal de Educaci\u00f3n, Eva Cabello, y Juan Delgado, director del IES Camilo Jos\u00e9 Cela y un p\u00fablico muy joven.<br \/>\nFueron 22 charlas con tem\u00e1ticas muy diferentes. En espa\u00f1ol y en ingl\u00e9s. Nos dimos cuenta de lo importante que es escucharnos, de lo que podemos aportar a los dem\u00e1s con aquello que nos gusta tanto&#8230; Todo fue muy \u00abTED\u00bb. Estuvimos emocionados y con ganas de m\u00e1s&#8230; pero eso queda para el curso pr\u00f3ximo. <\/p>\n<p>Os dejamos un v\u00eddeo con algunos momentos importantes. <\/p>\n<div style=\"width: 696px;\" class=\"wp-video\"><video class=\"wp-video-shortcode\" id=\"video-1666-1\" width=\"696\" height=\"392\" preload=\"metadata\" controls=\"controls\"><source type=\"video\/mp4\" src=\"https:\/\/site.educa.madrid.org\/cp.principesdeasturias.pozuelodealarcon\/\/wp-content\/uploads\/cp.principesdeasturias.pozuelodealarcon\/2025\/03\/Album-Club-TED-2022.mp4?_=1\" \/><a href=\"https:\/\/site.educa.madrid.org\/cp.principesdeasturias.pozuelodealarcon\/\/wp-content\/uploads\/cp.principesdeasturias.pozuelodealarcon\/2025\/03\/Album-Club-TED-2022.mp4\">https:\/\/site.educa.madrid.org\/cp.principesdeasturias.pozuelodealarcon\/\/wp-content\/uploads\/cp.principesdeasturias.pozuelodealarcon\/2025\/03\/Album-Club-TED-2022.mp4<\/a><\/video><\/div>\n","protected":false},"excerpt":{"rendered":"<p>#Ideas que inspiran Cuando nace un proyecto el inicio es muy ilusionante. Nos lleg\u00f3 este proyecto en el mes de diciembre, Clubes TED Educaci\u00f3n. Se trataba de una iniciativa que pone en marcha la organizaci\u00f3n TED dirigida a estudiantes de 8 a 16 a\u00f1os con el objetivo de \u00abreplicar\u00bb las famosas charlas que casi todos<\/p><\/div>\n<div class=\"blog-btn\"><a href=\"https:\/\/site.educa.madrid.org\/cp.principesdeasturias.pozuelodealarcon\/index.php\/2025\/03\/23\/charlas-ted-5o-de-primaria-y-4o-eso\/\" class=\"home-blog-btn\">Leer m\u00e1s<\/a><\/p>\n","protected":false},"author":2,"featured_media":1667,"comment_status":"open","ping_status":"open","sticky":false,"template":"","format":"standard","meta":{"footnotes":""},"categories":[1],"tags":[],"post_folder":[],"class_list":["post-1666","post","type-post","status-publish","format-standard","has-post-thumbnail","hentry","category-sin-categoria"],"rttpg_featured_image_url":{"full":["https:\/\/site.educa.madrid.org\/cp.principesdeasturias.pozuelodealarcon\/\/wp-content\/uploads\/cp.principesdeasturias.pozuelodealarcon\/2025\/03\/TED.png",558,321,false],"landscape":["https:\/\/site.educa.madrid.org\/cp.principesdeasturias.pozuelodealarcon\/\/wp-content\/uploads\/cp.principesdeasturias.pozuelodealarcon\/2025\/03\/TED.png",558,321,false],"portraits":["https:\/\/site.educa.madrid.org\/cp.principesdeasturias.pozuelodealarcon\/\/wp-content\/uploads\/cp.principesdeasturias.pozuelodealarcon\/2025\/03\/TED.png",558,321,false],"thumbnail":["https:\/\/site.educa.madrid.org\/cp.principesdeasturias.pozuelodealarcon\/\/wp-content\/uploads\/cp.principesdeasturias.pozuelodealarcon\/2025\/03\/TED-150x150.png",150,150,true],"medium":["https:\/\/site.educa.madrid.org\/cp.principesdeasturias.pozuelodealarcon\/\/wp-content\/uploads\/cp.principesdeasturias.pozuelodealarcon\/2025\/03\/TED-300x173.png",300,173,true],"large":["https:\/\/site.educa.madrid.org\/cp.principesdeasturias.pozuelodealarcon\/\/wp-content\/uploads\/cp.principesdeasturias.pozuelodealarcon\/2025\/03\/TED.png",558,321,false],"thumblist":["https:\/\/site.educa.madrid.org\/cp.principesdeasturias.pozuelodealarcon\/\/wp-content\/uploads\/cp.principesdeasturias.pozuelodealarcon\/2025\/03\/TED-300x300.png",300,300,true],"thumbrelated":["https:\/\/site.educa.madrid.org\/cp.principesdeasturias.pozuelodealarcon\/\/wp-content\/uploads\/cp.principesdeasturias.pozuelodealarcon\/2025\/03\/TED-500x321.png",500,321,true],"meccarouselthumb":["https:\/\/site.educa.madrid.org\/cp.principesdeasturias.pozuelodealarcon\/\/wp-content\/uploads\/cp.principesdeasturias.pozuelodealarcon\/2025\/03\/TED-474x321.png",474,321,true],"gridsquare":["https:\/\/site.educa.madrid.org\/cp.principesdeasturias.pozuelodealarcon\/\/wp-content\/uploads\/cp.principesdeasturias.pozuelodealarcon\/2025\/03\/TED-391x260.png",391,260,true],"tileview":["https:\/\/site.educa.madrid.org\/cp.principesdeasturias.pozuelodealarcon\/\/wp-content\/uploads\/cp.principesdeasturias.pozuelodealarcon\/2025\/03\/TED-300x321.png",300,321,true],"1536x1536":["https:\/\/site.educa.madrid.org\/cp.principesdeasturias.pozuelodealarcon\/\/wp-content\/uploads\/cp.principesdeasturias.pozuelodealarcon\/2025\/03\/TED.png",558,321,false],"2048x2048":["https:\/\/site.educa.madrid.org\/cp.principesdeasturias.pozuelodealarcon\/\/wp-content\/uploads\/cp.principesdeasturias.pozuelodealarcon\/2025\/03\/TED.png",558,321,false],"sow-carousel-default":["https:\/\/site.educa.madrid.org\/cp.principesdeasturias.pozuelodealarcon\/\/wp-content\/uploads\/cp.principesdeasturias.pozuelodealarcon\/2025\/03\/TED-272x182.png",272,182,true],"sow-post-carousel-overlay-theme":["https:\/\/site.educa.madrid.org\/cp.principesdeasturias.pozuelodealarcon\/\/wp-content\/uploads\/cp.principesdeasturias.pozuelodealarcon\/2025\/03\/TED.png",360,207,false],"sow-post-carousel-cards-theme":["https:\/\/site.educa.madrid.org\/cp.principesdeasturias.pozuelodealarcon\/\/wp-content\/uploads\/cp.principesdeasturias.pozuelodealarcon\/2025\/03\/TED.png",360,207,false],"rt_custom":["https:\/\/site.educa.madrid.org\/cp.principesdeasturias.pozuelodealarcon\/\/wp-content\/uploads\/cp.principesdeasturias.pozuelodealarcon\/2025\/03\/TED.png",558,321,false]},"rttpg_author":{"display_name":"tic.cp.principesdeasturias.pozuelodealarcon","author_link":"https:\/\/site.educa.madrid.org\/cp.principesdeasturias.pozuelodealarcon\/index.php\/author\/cuenta_tic-cp-principesdeasturias-pozuelodealarcon\/"},"rttpg_comment":0,"rttpg_category":"<a href=\"https:\/\/site.educa.madrid.org\/cp.principesdeasturias.pozuelodealarcon\/index.php\/category\/sin-categoria\/\" rel=\"category tag\">Sin categor\u00eda<\/a>","rttpg_excerpt":"#Ideas que inspiran Cuando nace un proyecto el inicio es muy ilusionante. Nos lleg\u00f3 este proyecto en el mes de diciembre, Clubes TED Educaci\u00f3n. Se trataba de una iniciativa que pone en marcha la organizaci\u00f3n TED dirigida a estudiantes de 8 a 16 a\u00f1os con el objetivo de \u00abreplicar\u00bb las famosas charlas que casi todosLeer&hellip;","post_mailing_queue_ids":[],"_links":{"self":[{"href":"https:\/\/site.educa.madrid.org\/cp.principesdeasturias.pozuelodealarcon\/index.php\/wp-json\/wp\/v2\/posts\/1666","targetHints":{"allow":["GET"]}}],"collection":[{"href":"https:\/\/site.educa.madrid.org\/cp.principesdeasturias.pozuelodealarcon\/index.php\/wp-json\/wp\/v2\/posts"}],"about":[{"href":"https:\/\/site.educa.madrid.org\/cp.principesdeasturias.pozuelodealarcon\/index.php\/wp-json\/wp\/v2\/types\/post"}],"author":[{"embeddable":true,"href":"https:\/\/site.educa.madrid.org\/cp.principesdeasturias.pozuelodealarcon\/index.php\/wp-json\/wp\/v2\/users\/2"}],"replies":[{"embeddable":true,"href":"https:\/\/site.educa.madrid.org\/cp.principesdeasturias.pozuelodealarcon\/index.php\/wp-json\/wp\/v2\/comments?post=1666"}],"version-history":[{"count":1,"href":"https:\/\/site.educa.madrid.org\/cp.principesdeasturias.pozuelodealarcon\/index.php\/wp-json\/wp\/v2\/posts\/1666\/revisions"}],"predecessor-version":[{"id":1669,"href":"https:\/\/site.educa.madrid.org\/cp.principesdeasturias.pozuelodealarcon\/index.php\/wp-json\/wp\/v2\/posts\/1666\/revisions\/1669"}],"wp:featuredmedia":[{"embeddable":true,"href":"https:\/\/site.educa.madrid.org\/cp.principesdeasturias.pozuelodealarcon\/index.php\/wp-json\/wp\/v2\/media\/1667"}],"wp:attachment":[{"href":"https:\/\/site.educa.madrid.org\/cp.principesdeasturias.pozuelodealarcon\/index.php\/wp-json\/wp\/v2\/media?parent=1666"}],"wp:term":[{"taxonomy":"category","embeddable":true,"href":"https:\/\/site.educa.madrid.org\/cp.principesdeasturias.pozuelodealarcon\/index.php\/wp-json\/wp\/v2\/categories?post=1666"},{"taxonomy":"post_tag","embeddable":true,"href":"https:\/\/site.educa.madrid.org\/cp.principesdeasturias.pozuelodealarcon\/index.php\/wp-json\/wp\/v2\/tags?post=1666"},{"taxonomy":"post_folder","embeddable":true,"href":"https:\/\/site.educa.madrid.org\/cp.principesdeasturias.pozuelodealarcon\/index.php\/wp-json\/wp\/v2\/post_folder?post=1666"}],"curies":[{"name":"wp","href":"https:\/\/api.w.org\/{rel}","templated":true}]}}