{"id":1674,"date":"2025-03-23T19:13:32","date_gmt":"2025-03-23T18:13:32","guid":{"rendered":"https:\/\/site.educa.madrid.org\/cp.principesdeasturias.pozuelodealarcon\/?p=1674"},"modified":"2025-03-23T19:13:32","modified_gmt":"2025-03-23T18:13:32","slug":"comienza-el-curso-2022-23","status":"publish","type":"post","link":"https:\/\/site.educa.madrid.org\/cp.principesdeasturias.pozuelodealarcon\/index.php\/2025\/03\/23\/comienza-el-curso-2022-23\/","title":{"rendered":"Comienza el curso 2022-23"},"content":{"rendered":"<p>Arranca el nuevo curso 2022-23. Nuestros alumnos regresaron al colegio al inicio de septiembre -los d\u00edas 7 (Educaci\u00f3n Infantil y Primaria) y 8 (Educaci\u00f3n Secundaria). Una ilusi\u00f3n compartida por toda nuestra comunidad educativa ya que en curso volvemos, \u00a1por fin!, a la \u00abnormalidad\u00bb aunque sin descuidar los cuidados b\u00e1sicos que hemos seguido en esta larga etapa de pandemia.  Antes de empezar ya se envi\u00f3 toda la informaci\u00f3n esencial para el inicio del curso. <\/p>\n<p>El horario de clases en Septiembre es:<\/p>\n<p>INFANTIL: de 09:00 a 13:00 h y de 13:00 a 15:00 h comedor<\/p>\n<p>PRIMARIA: de 09:00 a 13:00 h y de 13:00 a 15:00 h comedor<\/p>\n<p>SECUNDARIA: DE 08:15 14:10 h ampli\u00e1ndose una hora en funci\u00f3n de los cursos y d\u00edas de la semana y que ser\u00e1 informado a los alumnos\/as.<\/p>\n<p>En principio y si todo va bien, no se aplicar\u00e1n medidas restrictivas en cuanto a la organizaci\u00f3n de alumnos\/as y grupos. Se podr\u00e1n utilizar todos los espacios del centro para distintas actividades es decir, se podr\u00e1n hacer actividades con alumnos\/as de distintos grupos y niveles juntos y en los patios los alumnos\/as podr\u00e1n circular por todos los espacios autorizados y se podr\u00e1n relacionar con todos los compa\u00f1eros\/as.<\/p>\n<p>Agenda Escolar Municipal<br \/>\nAgradecemos al Ayuntamiento de Pozuelo de Alarc\u00f3n que nos haya facilitado, un a\u00f1o m\u00e1s, la Agenda Escolar Municipal que tienen todos los alumnos del centro desde el primer d\u00eda. Se trata de un material esencial para la organizaci\u00f3n del trabajo del alumnado as\u00ed como para la comunicaci\u00f3n con las familias. <\/p>\n","protected":false},"excerpt":{"rendered":"<p>Arranca el nuevo curso 2022-23. Nuestros alumnos regresaron al colegio al inicio de septiembre -los d\u00edas 7 (Educaci\u00f3n Infantil y Primaria) y 8 (Educaci\u00f3n Secundaria). Una ilusi\u00f3n compartida por toda nuestra comunidad educativa ya que en curso volvemos, \u00a1por fin!, a la \u00abnormalidad\u00bb aunque sin descuidar los cuidados b\u00e1sicos que hemos seguido en esta larga<\/p><\/div>\n<div class=\"blog-btn\"><a href=\"https:\/\/site.educa.madrid.org\/cp.principesdeasturias.pozuelodealarcon\/index.php\/2025\/03\/23\/comienza-el-curso-2022-23\/\" class=\"home-blog-btn\">Leer m\u00e1s<\/a><\/p>\n","protected":false},"author":2,"featured_media":1675,"comment_status":"open","ping_status":"open","sticky":false,"template":"","format":"standard","meta":{"footnotes":""},"categories":[1],"tags":[],"post_folder":[],"class_list":["post-1674","post","type-post","status-publish","format-standard","has-post-thumbnail","hentry","category-sin-categoria"],"rttpg_featured_image_url":{"full":["https:\/\/site.educa.madrid.org\/cp.principesdeasturias.pozuelodealarcon\/\/wp-content\/uploads\/cp.principesdeasturias.pozuelodealarcon\/2025\/03\/curso-22-23.png",543,391,false],"landscape":["https:\/\/site.educa.madrid.org\/cp.principesdeasturias.pozuelodealarcon\/\/wp-content\/uploads\/cp.principesdeasturias.pozuelodealarcon\/2025\/03\/curso-22-23.png",543,391,false],"portraits":["https:\/\/site.educa.madrid.org\/cp.principesdeasturias.pozuelodealarcon\/\/wp-content\/uploads\/cp.principesdeasturias.pozuelodealarcon\/2025\/03\/curso-22-23.png",543,391,false],"thumbnail":["https:\/\/site.educa.madrid.org\/cp.principesdeasturias.pozuelodealarcon\/\/wp-content\/uploads\/cp.principesdeasturias.pozuelodealarcon\/2025\/03\/curso-22-23-150x150.png",150,150,true],"medium":["https:\/\/site.educa.madrid.org\/cp.principesdeasturias.pozuelodealarcon\/\/wp-content\/uploads\/cp.principesdeasturias.pozuelodealarcon\/2025\/03\/curso-22-23-300x216.png",300,216,true],"large":["https:\/\/site.educa.madrid.org\/cp.principesdeasturias.pozuelodealarcon\/\/wp-content\/uploads\/cp.principesdeasturias.pozuelodealarcon\/2025\/03\/curso-22-23.png",543,391,false],"thumblist":["https:\/\/site.educa.madrid.org\/cp.principesdeasturias.pozuelodealarcon\/\/wp-content\/uploads\/cp.principesdeasturias.pozuelodealarcon\/2025\/03\/curso-22-23-300x300.png",300,300,true],"thumbrelated":["https:\/\/site.educa.madrid.org\/cp.principesdeasturias.pozuelodealarcon\/\/wp-content\/uploads\/cp.principesdeasturias.pozuelodealarcon\/2025\/03\/curso-22-23-500x391.png",500,391,true],"meccarouselthumb":["https:\/\/site.educa.madrid.org\/cp.principesdeasturias.pozuelodealarcon\/\/wp-content\/uploads\/cp.principesdeasturias.pozuelodealarcon\/2025\/03\/curso-22-23-474x324.png",474,324,true],"gridsquare":["https:\/\/site.educa.madrid.org\/cp.principesdeasturias.pozuelodealarcon\/\/wp-content\/uploads\/cp.principesdeasturias.pozuelodealarcon\/2025\/03\/curso-22-23-391x260.png",391,260,true],"tileview":["https:\/\/site.educa.madrid.org\/cp.principesdeasturias.pozuelodealarcon\/\/wp-content\/uploads\/cp.principesdeasturias.pozuelodealarcon\/2025\/03\/curso-22-23-300x391.png",300,391,true],"1536x1536":["https:\/\/site.educa.madrid.org\/cp.principesdeasturias.pozuelodealarcon\/\/wp-content\/uploads\/cp.principesdeasturias.pozuelodealarcon\/2025\/03\/curso-22-23.png",543,391,false],"2048x2048":["https:\/\/site.educa.madrid.org\/cp.principesdeasturias.pozuelodealarcon\/\/wp-content\/uploads\/cp.principesdeasturias.pozuelodealarcon\/2025\/03\/curso-22-23.png",543,391,false],"sow-carousel-default":["https:\/\/site.educa.madrid.org\/cp.principesdeasturias.pozuelodealarcon\/\/wp-content\/uploads\/cp.principesdeasturias.pozuelodealarcon\/2025\/03\/curso-22-23-272x182.png",272,182,true],"sow-post-carousel-overlay-theme":["https:\/\/site.educa.madrid.org\/cp.principesdeasturias.pozuelodealarcon\/\/wp-content\/uploads\/cp.principesdeasturias.pozuelodealarcon\/2025\/03\/curso-22-23.png",360,259,false],"sow-post-carousel-cards-theme":["https:\/\/site.educa.madrid.org\/cp.principesdeasturias.pozuelodealarcon\/\/wp-content\/uploads\/cp.principesdeasturias.pozuelodealarcon\/2025\/03\/curso-22-23.png",333,240,false],"rt_custom":["https:\/\/site.educa.madrid.org\/cp.principesdeasturias.pozuelodealarcon\/\/wp-content\/uploads\/cp.principesdeasturias.pozuelodealarcon\/2025\/03\/curso-22-23.png",543,391,false]},"rttpg_author":{"display_name":"tic.cp.principesdeasturias.pozuelodealarcon","author_link":"https:\/\/site.educa.madrid.org\/cp.principesdeasturias.pozuelodealarcon\/index.php\/author\/cuenta_tic-cp-principesdeasturias-pozuelodealarcon\/"},"rttpg_comment":0,"rttpg_category":"<a href=\"https:\/\/site.educa.madrid.org\/cp.principesdeasturias.pozuelodealarcon\/index.php\/category\/sin-categoria\/\" rel=\"category tag\">Sin categor\u00eda<\/a>","rttpg_excerpt":"Arranca el nuevo curso 2022-23. Nuestros alumnos regresaron al colegio al inicio de septiembre -los d\u00edas 7 (Educaci\u00f3n Infantil y Primaria) y 8 (Educaci\u00f3n Secundaria). Una ilusi\u00f3n compartida por toda nuestra comunidad educativa ya que en curso volvemos, \u00a1por fin!, a la \u00abnormalidad\u00bb aunque sin descuidar los cuidados b\u00e1sicos que hemos seguido en esta largaLeer&hellip;","post_mailing_queue_ids":[],"_links":{"self":[{"href":"https:\/\/site.educa.madrid.org\/cp.principesdeasturias.pozuelodealarcon\/index.php\/wp-json\/wp\/v2\/posts\/1674","targetHints":{"allow":["GET"]}}],"collection":[{"href":"https:\/\/site.educa.madrid.org\/cp.principesdeasturias.pozuelodealarcon\/index.php\/wp-json\/wp\/v2\/posts"}],"about":[{"href":"https:\/\/site.educa.madrid.org\/cp.principesdeasturias.pozuelodealarcon\/index.php\/wp-json\/wp\/v2\/types\/post"}],"author":[{"embeddable":true,"href":"https:\/\/site.educa.madrid.org\/cp.principesdeasturias.pozuelodealarcon\/index.php\/wp-json\/wp\/v2\/users\/2"}],"replies":[{"embeddable":true,"href":"https:\/\/site.educa.madrid.org\/cp.principesdeasturias.pozuelodealarcon\/index.php\/wp-json\/wp\/v2\/comments?post=1674"}],"version-history":[{"count":1,"href":"https:\/\/site.educa.madrid.org\/cp.principesdeasturias.pozuelodealarcon\/index.php\/wp-json\/wp\/v2\/posts\/1674\/revisions"}],"predecessor-version":[{"id":1676,"href":"https:\/\/site.educa.madrid.org\/cp.principesdeasturias.pozuelodealarcon\/index.php\/wp-json\/wp\/v2\/posts\/1674\/revisions\/1676"}],"wp:featuredmedia":[{"embeddable":true,"href":"https:\/\/site.educa.madrid.org\/cp.principesdeasturias.pozuelodealarcon\/index.php\/wp-json\/wp\/v2\/media\/1675"}],"wp:attachment":[{"href":"https:\/\/site.educa.madrid.org\/cp.principesdeasturias.pozuelodealarcon\/index.php\/wp-json\/wp\/v2\/media?parent=1674"}],"wp:term":[{"taxonomy":"category","embeddable":true,"href":"https:\/\/site.educa.madrid.org\/cp.principesdeasturias.pozuelodealarcon\/index.php\/wp-json\/wp\/v2\/categories?post=1674"},{"taxonomy":"post_tag","embeddable":true,"href":"https:\/\/site.educa.madrid.org\/cp.principesdeasturias.pozuelodealarcon\/index.php\/wp-json\/wp\/v2\/tags?post=1674"},{"taxonomy":"post_folder","embeddable":true,"href":"https:\/\/site.educa.madrid.org\/cp.principesdeasturias.pozuelodealarcon\/index.php\/wp-json\/wp\/v2\/post_folder?post=1674"}],"curies":[{"name":"wp","href":"https:\/\/api.w.org\/{rel}","templated":true}]}}