{"id":1688,"date":"2025-03-23T23:03:18","date_gmt":"2025-03-23T22:03:18","guid":{"rendered":"https:\/\/site.educa.madrid.org\/cp.principesdeasturias.pozuelodealarcon\/?p=1688"},"modified":"2025-03-23T23:13:07","modified_gmt":"2025-03-23T22:13:07","slug":"mundial-de-futbol-en-los-recreos","status":"publish","type":"post","link":"https:\/\/site.educa.madrid.org\/cp.principesdeasturias.pozuelodealarcon\/index.php\/2025\/03\/23\/mundial-de-futbol-en-los-recreos\/","title":{"rendered":"Mundial de f\u00fatbol en los recreos"},"content":{"rendered":"<p>Durante este a\u00f1o, debido a que el mundial es en invierno, hemos querido realizar un Mundial de F\u00fatbol durante los recreos.<\/p>\n<p>Hemos realizado equipos internivel, es decir, jugadores de 2\u00ba, 3\u00ba, 4\u00ba, 5\u00ba y 6\u00ba y tambi\u00e9n hemos separado en chicos y chicas. De esta manera, los alumnos se conocen y no hay un equipo de alumnos mayores y otro de peque\u00f1os.<\/p>\n<p>Est\u00e1 saliendo genial, aunque algunos d\u00edas tenemos que posponer partidos por la lluvia. El resto de ni\u00f1os que no juegan ese d\u00eda, animan a la selecci\u00f3n que m\u00e1s les gusta y parece un partido real.<\/p>\n<p>Durante noviembre jugaremos la fase de grupos y en diciembre realizaremos las semifinales y finales.<\/p>\n<h3 id=\"1700776665\" class=\"dmNewParagraph grid-widget ui-resizable\" style=\"text-align: center;\" data-element-type=\"paragraph\" data-uialign=\"right\">F\u00fatbol Mundial en las clases de Educaci\u00f3n F\u00edsica y en los recreos<\/h3>\n<div id=\"1250789679\" class=\"u_1250789679 dmNewParagraph grid-widget ui-resizable\" data-dmtmpl=\"true\" data-element-type=\"paragraph\" data-uialign=\"right\">\n<div>A finales del mes de noviembre de 2022 y durante diciembre se iba a celebrar el\u00a0<b><i>Mundial de f\u00fatbol<\/i><\/b>\u00a0que se celebrar\u00eda en Qatar.<\/div>\n<div><\/div>\n<div>Como maestro de un colegio de Primaria y del \u00e1rea de Educaci\u00f3n F\u00edsica, no pod\u00eda dejar escapar esta oportunidad de\u00a0<b><i>contextualizar mis clases y hacer que mis estudiantes vivieran una competici\u00f3n y aprendieran todas las cosas buenas que tiene este deporte.\u00a0<\/i><\/b><\/div>\n<div><\/div>\n<div>Empezamos por ense\u00f1ar f\u00fatbol en las clases de Educaci\u00f3n F\u00edsica a todos los niveles a los que imparto clase, es decir, de 1\u00ba a 6\u00ba de Primaria (6 a 12 a\u00f1os).\u00a0<b><i>Los juegos que hemos realizado ten\u00edan que tener una perspectiva inclusiva,<\/i>\u00a0<\/b>donde todos formaran parte de un equipo y se sintieran importantes al desempe\u00f1ar el rol que les tocara, independientemente de su nivel de destreza con el bal\u00f3n.<\/div>\n<div><\/div>\n<div>Uno de los juegos que m\u00e1s les gust\u00f3 era el que llam\u00e1bamos\u00a0<b><i>\u201cel entrenador\u201d.<\/i><\/b>\u00a0Consist\u00eda en que aquellos estudiantes con m\u00e1s habilidad ense\u00f1aran a los que no ten\u00edan tanta.<\/div>\n<div><\/div>\n<div>Otro juego que favorec\u00eda el desempe\u00f1o de funciones equitativo era el llamado\u00a0<b><i>\u201clos delanteros\u201d.<\/i>\u00a0<\/b>Se trataba de que\u00a0<b><i>dos jugadores de cada equipo eran los \u00fanicos que pod\u00edan marcar goles<\/i><\/b>. De esta manera, favorec\u00edamos que se pasaran a todos los jugadores, ya que este rol cambiaba cada partido que ten\u00eda una duraci\u00f3n de cinco minutos.<\/div>\n<div><\/div>\n<div>Por \u00faltimo, y como novedad m\u00e1s importante que modificaba el deporte oficial era la inexistencia de \u00e1rbitros o V.A.R. (Video Assistant Referee). Esta funci\u00f3n la ejerc\u00edan\u00a0<b><i>los capitanes de los equipos que se encargaban de resolver aquellos problemas que pod\u00edan surgir durante el partido.<\/i><\/b>\u00a0Deb\u00edan parar el juego, coger la pelota y entre los dos, llegar a un acuerdo. Sin duda,\u00a0<b><i>esto es lo que marc\u00f3 la diferencia para un aprendizaje total,<\/i><\/b>\u00a0ya que tra\u00edamos cada d\u00eda a la clase situaciones reales de los partidos del mundial para analizar antes de comenzar nuestros peque\u00f1os mundialitos. Se han dado cuenta de que no necesitan a nadie que les diga qu\u00e9 ha pasado.<\/div>\n<div><\/div>\n<div>Al mismo tiempo, durante los recreos escolares que duraban media hora, se ha llevado a cabo un Mundial de F\u00fatbol con fase de grupos y eliminatorias.<\/div>\n<div><\/div>\n<div>Se apuntaron voluntariamente para jugar con la siguientes condiciones:\u00a0<b><i>\u201clos equipos estar\u00edan formados por jugadores de 2\u00ba, 3\u00ba, 4\u00ba, 5\u00ba y 6\u00ba de primaria y ellos ser\u00edan los \u00e1rbitros de los partidos\u201d.<\/i><\/b>\u00a0As\u00ed favorecer\u00edamos que los partidos fueran m\u00e1s igualados y el conocimiento entre los participantes. Fue todo un \u00e9xito y un reto para organizarlo gracias a la\u00a0<b><i>app \u201cWINNER\u201d<\/i><\/b>\u00a0ya que se apuntaron\u00a0<b><i>14 equipos masculinos y 8 equipos femeninos<\/i><\/b>, un total de 150 alumnos, la mitad de los que doy clase.<\/div>\n<div><\/div>\n<div>Los primeros d\u00edas ten\u00eda una mesa donde apuntaba los goles y los 3 partidos que realizar\u00edamos cada recreo. Despu\u00e9s, hubo ni\u00f1os que quisieron ayudarme y se encargaban de hacer de anotadores.<\/div>\n<div><\/div>\n<div><b><i>Los ganadores de los campeonatos masculino y femenino, se enfrentar\u00e1n a una selecci\u00f3n de profesores en la gran final que se celebrar\u00e1 el 19 y 20 de diciembre.<\/i><\/b><\/div>\n<div><\/div>\n<div>Lo m\u00e1s positivo que saco de esta experencia es que han sido capaces de autoregularse y no copiar los comportamientos negativos de aquellos jugadores que protestan continuamente o tratan de enga\u00f1ar para ganar.<\/div>\n<div><\/div>\n<div><\/div>\n<div><b><i>Es un placer trabajar en este entorno que te\u00a0 permite aprender junto a ellos.<\/i><\/b><\/div>\n<\/div>\n<p><img loading=\"lazy\" decoding=\"async\" class=\"alignnone size-medium wp-image-1690\" src=\"https:\/\/site.educa.madrid.org\/cp.principesdeasturias.pozuelodealarcon\/\/wp-content\/uploads\/cp.principesdeasturias.pozuelodealarcon\/2025\/03\/world-cup-2-300x133.png\" alt=\"\" width=\"300\" height=\"133\" srcset=\"https:\/\/site.educa.madrid.org\/cp.principesdeasturias.pozuelodealarcon\/\/wp-content\/uploads\/cp.principesdeasturias.pozuelodealarcon\/2025\/03\/world-cup-2-300x133.png 300w, https:\/\/site.educa.madrid.org\/cp.principesdeasturias.pozuelodealarcon\/\/wp-content\/uploads\/cp.principesdeasturias.pozuelodealarcon\/2025\/03\/world-cup-2.png 645w\" sizes=\"auto, (max-width: 300px) 100vw, 300px\" \/><\/p>\n","protected":false},"excerpt":{"rendered":"<p>Durante este a\u00f1o, debido a que el mundial es en invierno, hemos querido realizar un Mundial de F\u00fatbol durante los recreos. Hemos realizado equipos internivel, es decir, jugadores de 2\u00ba, 3\u00ba, 4\u00ba, 5\u00ba y 6\u00ba y tambi\u00e9n hemos separado en chicos y chicas. De esta manera, los alumnos se conocen y no hay un equipo<\/p><\/div>\n<div class=\"blog-btn\"><a href=\"https:\/\/site.educa.madrid.org\/cp.principesdeasturias.pozuelodealarcon\/index.php\/2025\/03\/23\/mundial-de-futbol-en-los-recreos\/\" class=\"home-blog-btn\">Leer m\u00e1s<\/a><\/p>\n","protected":false},"author":2,"featured_media":1689,"comment_status":"open","ping_status":"open","sticky":false,"template":"","format":"standard","meta":{"footnotes":""},"categories":[1],"tags":[],"post_folder":[],"class_list":["post-1688","post","type-post","status-publish","format-standard","has-post-thumbnail","hentry","category-sin-categoria"],"rttpg_featured_image_url":{"full":["https:\/\/site.educa.madrid.org\/cp.principesdeasturias.pozuelodealarcon\/\/wp-content\/uploads\/cp.principesdeasturias.pozuelodealarcon\/2025\/03\/world-cup.png",647,510,false],"landscape":["https:\/\/site.educa.madrid.org\/cp.principesdeasturias.pozuelodealarcon\/\/wp-content\/uploads\/cp.principesdeasturias.pozuelodealarcon\/2025\/03\/world-cup.png",647,510,false],"portraits":["https:\/\/site.educa.madrid.org\/cp.principesdeasturias.pozuelodealarcon\/\/wp-content\/uploads\/cp.principesdeasturias.pozuelodealarcon\/2025\/03\/world-cup.png",647,510,false],"thumbnail":["https:\/\/site.educa.madrid.org\/cp.principesdeasturias.pozuelodealarcon\/\/wp-content\/uploads\/cp.principesdeasturias.pozuelodealarcon\/2025\/03\/world-cup-150x150.png",150,150,true],"medium":["https:\/\/site.educa.madrid.org\/cp.principesdeasturias.pozuelodealarcon\/\/wp-content\/uploads\/cp.principesdeasturias.pozuelodealarcon\/2025\/03\/world-cup-300x236.png",300,236,true],"large":["https:\/\/site.educa.madrid.org\/cp.principesdeasturias.pozuelodealarcon\/\/wp-content\/uploads\/cp.principesdeasturias.pozuelodealarcon\/2025\/03\/world-cup.png",647,510,false],"thumblist":["https:\/\/site.educa.madrid.org\/cp.principesdeasturias.pozuelodealarcon\/\/wp-content\/uploads\/cp.principesdeasturias.pozuelodealarcon\/2025\/03\/world-cup-300x300.png",300,300,true],"thumbrelated":["https:\/\/site.educa.madrid.org\/cp.principesdeasturias.pozuelodealarcon\/\/wp-content\/uploads\/cp.principesdeasturias.pozuelodealarcon\/2025\/03\/world-cup-500x500.png",500,500,true],"meccarouselthumb":["https:\/\/site.educa.madrid.org\/cp.principesdeasturias.pozuelodealarcon\/\/wp-content\/uploads\/cp.principesdeasturias.pozuelodealarcon\/2025\/03\/world-cup-474x324.png",474,324,true],"gridsquare":["https:\/\/site.educa.madrid.org\/cp.principesdeasturias.pozuelodealarcon\/\/wp-content\/uploads\/cp.principesdeasturias.pozuelodealarcon\/2025\/03\/world-cup-391x260.png",391,260,true],"tileview":["https:\/\/site.educa.madrid.org\/cp.principesdeasturias.pozuelodealarcon\/\/wp-content\/uploads\/cp.principesdeasturias.pozuelodealarcon\/2025\/03\/world-cup-300x400.png",300,400,true],"1536x1536":["https:\/\/site.educa.madrid.org\/cp.principesdeasturias.pozuelodealarcon\/\/wp-content\/uploads\/cp.principesdeasturias.pozuelodealarcon\/2025\/03\/world-cup.png",647,510,false],"2048x2048":["https:\/\/site.educa.madrid.org\/cp.principesdeasturias.pozuelodealarcon\/\/wp-content\/uploads\/cp.principesdeasturias.pozuelodealarcon\/2025\/03\/world-cup.png",647,510,false],"sow-carousel-default":["https:\/\/site.educa.madrid.org\/cp.principesdeasturias.pozuelodealarcon\/\/wp-content\/uploads\/cp.principesdeasturias.pozuelodealarcon\/2025\/03\/world-cup-272x182.png",272,182,true],"sow-post-carousel-overlay-theme":["https:\/\/site.educa.madrid.org\/cp.principesdeasturias.pozuelodealarcon\/\/wp-content\/uploads\/cp.principesdeasturias.pozuelodealarcon\/2025\/03\/world-cup.png",360,284,false],"sow-post-carousel-cards-theme":["https:\/\/site.educa.madrid.org\/cp.principesdeasturias.pozuelodealarcon\/\/wp-content\/uploads\/cp.principesdeasturias.pozuelodealarcon\/2025\/03\/world-cup.png",304,240,false],"rt_custom":["https:\/\/site.educa.madrid.org\/cp.principesdeasturias.pozuelodealarcon\/\/wp-content\/uploads\/cp.principesdeasturias.pozuelodealarcon\/2025\/03\/world-cup.png",647,510,false]},"rttpg_author":{"display_name":"tic.cp.principesdeasturias.pozuelodealarcon","author_link":"https:\/\/site.educa.madrid.org\/cp.principesdeasturias.pozuelodealarcon\/index.php\/author\/cuenta_tic-cp-principesdeasturias-pozuelodealarcon\/"},"rttpg_comment":0,"rttpg_category":"<a href=\"https:\/\/site.educa.madrid.org\/cp.principesdeasturias.pozuelodealarcon\/index.php\/category\/sin-categoria\/\" rel=\"category tag\">Sin categor\u00eda<\/a>","rttpg_excerpt":"Durante este a\u00f1o, debido a que el mundial es en invierno, hemos querido realizar un Mundial de F\u00fatbol durante los recreos. Hemos realizado equipos internivel, es decir, jugadores de 2\u00ba, 3\u00ba, 4\u00ba, 5\u00ba y 6\u00ba y tambi\u00e9n hemos separado en chicos y chicas. De esta manera, los alumnos se conocen y no hay un equipoLeer&hellip;","post_mailing_queue_ids":[],"_links":{"self":[{"href":"https:\/\/site.educa.madrid.org\/cp.principesdeasturias.pozuelodealarcon\/index.php\/wp-json\/wp\/v2\/posts\/1688","targetHints":{"allow":["GET"]}}],"collection":[{"href":"https:\/\/site.educa.madrid.org\/cp.principesdeasturias.pozuelodealarcon\/index.php\/wp-json\/wp\/v2\/posts"}],"about":[{"href":"https:\/\/site.educa.madrid.org\/cp.principesdeasturias.pozuelodealarcon\/index.php\/wp-json\/wp\/v2\/types\/post"}],"author":[{"embeddable":true,"href":"https:\/\/site.educa.madrid.org\/cp.principesdeasturias.pozuelodealarcon\/index.php\/wp-json\/wp\/v2\/users\/2"}],"replies":[{"embeddable":true,"href":"https:\/\/site.educa.madrid.org\/cp.principesdeasturias.pozuelodealarcon\/index.php\/wp-json\/wp\/v2\/comments?post=1688"}],"version-history":[{"count":2,"href":"https:\/\/site.educa.madrid.org\/cp.principesdeasturias.pozuelodealarcon\/index.php\/wp-json\/wp\/v2\/posts\/1688\/revisions"}],"predecessor-version":[{"id":1696,"href":"https:\/\/site.educa.madrid.org\/cp.principesdeasturias.pozuelodealarcon\/index.php\/wp-json\/wp\/v2\/posts\/1688\/revisions\/1696"}],"wp:featuredmedia":[{"embeddable":true,"href":"https:\/\/site.educa.madrid.org\/cp.principesdeasturias.pozuelodealarcon\/index.php\/wp-json\/wp\/v2\/media\/1689"}],"wp:attachment":[{"href":"https:\/\/site.educa.madrid.org\/cp.principesdeasturias.pozuelodealarcon\/index.php\/wp-json\/wp\/v2\/media?parent=1688"}],"wp:term":[{"taxonomy":"category","embeddable":true,"href":"https:\/\/site.educa.madrid.org\/cp.principesdeasturias.pozuelodealarcon\/index.php\/wp-json\/wp\/v2\/categories?post=1688"},{"taxonomy":"post_tag","embeddable":true,"href":"https:\/\/site.educa.madrid.org\/cp.principesdeasturias.pozuelodealarcon\/index.php\/wp-json\/wp\/v2\/tags?post=1688"},{"taxonomy":"post_folder","embeddable":true,"href":"https:\/\/site.educa.madrid.org\/cp.principesdeasturias.pozuelodealarcon\/index.php\/wp-json\/wp\/v2\/post_folder?post=1688"}],"curies":[{"name":"wp","href":"https:\/\/api.w.org\/{rel}","templated":true}]}}