{"id":1703,"date":"2025-03-23T23:28:32","date_gmt":"2025-03-23T22:28:32","guid":{"rendered":"https:\/\/site.educa.madrid.org\/cp.principesdeasturias.pozuelodealarcon\/?p=1703"},"modified":"2025-03-23T23:28:32","modified_gmt":"2025-03-23T22:28:32","slug":"premios-concurso-carteles-de-la-semana-cultural","status":"publish","type":"post","link":"https:\/\/site.educa.madrid.org\/cp.principesdeasturias.pozuelodealarcon\/index.php\/2025\/03\/23\/premios-concurso-carteles-de-la-semana-cultural\/","title":{"rendered":"Premios concurso carteles de la Semana Cultural"},"content":{"rendered":"<p>Este a\u00f1o hemos querido promover la creatividad entre nuestros escolares convocando el I Concurso de Carteles \u00abSemana Cultural 2023\u00bb. Creamos unas bases en las que ten\u00edan que basarse los trabajos a concurso. El tema es el mismo que el del Proyecto Anual, \u00abWater Matters, el agua importa\u00bb. Hubo varias categor\u00edas:<br \/>\nCategor\u00eda 1-Educaci\u00f3n Infantil\/1\u00ba y 2\u00ba de Primaria<br \/>\nCategor\u00eda 2- 3\u00ba y 4\u00ba de Primaria<br \/>\nCategor\u00eda 3- 5\u00ba y 6\u00ba<br \/>\nCategor\u00eda 4- Educaci\u00f3n Secundaria<br \/>\nHubo un buen n\u00famero de trabajos a concurso. Se form\u00f3 un jurado que, en varias fases, eligieron los trabajos finalistas que se expusieron en la entrada del colegio. Ten\u00edamos trabajos muy buenos y el total de las puntuaciones estuvo muy re\u00f1ido; como consecuencia, result\u00f3 dif\u00edcil escoger un ganador. Entre todos lo hemos conseguido y aqu\u00ed os enviamos una foto con los premiados de hoy. Por ver las caras de los ni\u00f1os participantes, su entusiasmo y nervios, ha merecido la pena realizar semejante esfuerzo. Por fin lleg\u00f3 el gran d\u00eda y los alumnos fueron a la biblioteca a conocer los premiados.<br \/>\nOs dejamos estas im\u00e1genes para que pod\u00e1is comprobar la ilusi\u00f3n que supuso para los premiados. Estamos muy contentos de ver el buen resultado de este concurso. Por cierto, el premio fue una botella de agua con la inscripci\u00f3n del lema de la Semana Cultural. <\/p>\n<div style=\"width: 696px;\" class=\"wp-video\"><video class=\"wp-video-shortcode\" id=\"video-1703-1\" width=\"696\" height=\"696\" preload=\"metadata\" controls=\"controls\"><source type=\"video\/mp4\" src=\"https:\/\/site.educa.madrid.org\/cp.principesdeasturias.pozuelodealarcon\/\/wp-content\/uploads\/cp.principesdeasturias.pozuelodealarcon\/2025\/03\/PREMIADOSConcursoWaterMatters2.pdf.mp4?_=1\" \/><a href=\"https:\/\/site.educa.madrid.org\/cp.principesdeasturias.pozuelodealarcon\/\/wp-content\/uploads\/cp.principesdeasturias.pozuelodealarcon\/2025\/03\/PREMIADOSConcursoWaterMatters2.pdf.mp4\">https:\/\/site.educa.madrid.org\/cp.principesdeasturias.pozuelodealarcon\/\/wp-content\/uploads\/cp.principesdeasturias.pozuelodealarcon\/2025\/03\/PREMIADOSConcursoWaterMatters2.pdf.mp4<\/a><\/video><\/div>\n","protected":false},"excerpt":{"rendered":"<p>Este a\u00f1o hemos querido promover la creatividad entre nuestros escolares convocando el I Concurso de Carteles \u00abSemana Cultural 2023\u00bb. Creamos unas bases en las que ten\u00edan que basarse los trabajos a concurso. El tema es el mismo que el del Proyecto Anual, \u00abWater Matters, el agua importa\u00bb. Hubo varias categor\u00edas: Categor\u00eda 1-Educaci\u00f3n Infantil\/1\u00ba y 2\u00ba<\/p><\/div>\n<div class=\"blog-btn\"><a href=\"https:\/\/site.educa.madrid.org\/cp.principesdeasturias.pozuelodealarcon\/index.php\/2025\/03\/23\/premios-concurso-carteles-de-la-semana-cultural\/\" class=\"home-blog-btn\">Leer m\u00e1s<\/a><\/p>\n","protected":false},"author":2,"featured_media":1705,"comment_status":"open","ping_status":"open","sticky":false,"template":"","format":"standard","meta":{"footnotes":""},"categories":[1],"tags":[],"post_folder":[],"class_list":["post-1703","post","type-post","status-publish","format-standard","has-post-thumbnail","hentry","category-sin-categoria"],"rttpg_featured_image_url":{"full":["https:\/\/site.educa.madrid.org\/cp.principesdeasturias.pozuelodealarcon\/\/wp-content\/uploads\/cp.principesdeasturias.pozuelodealarcon\/2025\/03\/semana-cultural-1.png",652,213,false],"landscape":["https:\/\/site.educa.madrid.org\/cp.principesdeasturias.pozuelodealarcon\/\/wp-content\/uploads\/cp.principesdeasturias.pozuelodealarcon\/2025\/03\/semana-cultural-1.png",652,213,false],"portraits":["https:\/\/site.educa.madrid.org\/cp.principesdeasturias.pozuelodealarcon\/\/wp-content\/uploads\/cp.principesdeasturias.pozuelodealarcon\/2025\/03\/semana-cultural-1.png",652,213,false],"thumbnail":["https:\/\/site.educa.madrid.org\/cp.principesdeasturias.pozuelodealarcon\/\/wp-content\/uploads\/cp.principesdeasturias.pozuelodealarcon\/2025\/03\/semana-cultural-1-150x150.png",150,150,true],"medium":["https:\/\/site.educa.madrid.org\/cp.principesdeasturias.pozuelodealarcon\/\/wp-content\/uploads\/cp.principesdeasturias.pozuelodealarcon\/2025\/03\/semana-cultural-1-300x98.png",300,98,true],"large":["https:\/\/site.educa.madrid.org\/cp.principesdeasturias.pozuelodealarcon\/\/wp-content\/uploads\/cp.principesdeasturias.pozuelodealarcon\/2025\/03\/semana-cultural-1.png",652,213,false],"thumblist":["https:\/\/site.educa.madrid.org\/cp.principesdeasturias.pozuelodealarcon\/\/wp-content\/uploads\/cp.principesdeasturias.pozuelodealarcon\/2025\/03\/semana-cultural-1-300x213.png",300,213,true],"thumbrelated":["https:\/\/site.educa.madrid.org\/cp.principesdeasturias.pozuelodealarcon\/\/wp-content\/uploads\/cp.principesdeasturias.pozuelodealarcon\/2025\/03\/semana-cultural-1-500x213.png",500,213,true],"meccarouselthumb":["https:\/\/site.educa.madrid.org\/cp.principesdeasturias.pozuelodealarcon\/\/wp-content\/uploads\/cp.principesdeasturias.pozuelodealarcon\/2025\/03\/semana-cultural-1-474x213.png",474,213,true],"gridsquare":["https:\/\/site.educa.madrid.org\/cp.principesdeasturias.pozuelodealarcon\/\/wp-content\/uploads\/cp.principesdeasturias.pozuelodealarcon\/2025\/03\/semana-cultural-1-391x213.png",391,213,true],"tileview":["https:\/\/site.educa.madrid.org\/cp.principesdeasturias.pozuelodealarcon\/\/wp-content\/uploads\/cp.principesdeasturias.pozuelodealarcon\/2025\/03\/semana-cultural-1-300x213.png",300,213,true],"1536x1536":["https:\/\/site.educa.madrid.org\/cp.principesdeasturias.pozuelodealarcon\/\/wp-content\/uploads\/cp.principesdeasturias.pozuelodealarcon\/2025\/03\/semana-cultural-1.png",652,213,false],"2048x2048":["https:\/\/site.educa.madrid.org\/cp.principesdeasturias.pozuelodealarcon\/\/wp-content\/uploads\/cp.principesdeasturias.pozuelodealarcon\/2025\/03\/semana-cultural-1.png",652,213,false],"sow-carousel-default":["https:\/\/site.educa.madrid.org\/cp.principesdeasturias.pozuelodealarcon\/\/wp-content\/uploads\/cp.principesdeasturias.pozuelodealarcon\/2025\/03\/semana-cultural-1-272x182.png",272,182,true],"sow-post-carousel-overlay-theme":["https:\/\/site.educa.madrid.org\/cp.principesdeasturias.pozuelodealarcon\/\/wp-content\/uploads\/cp.principesdeasturias.pozuelodealarcon\/2025\/03\/semana-cultural-1.png",360,118,false],"sow-post-carousel-cards-theme":["https:\/\/site.educa.madrid.org\/cp.principesdeasturias.pozuelodealarcon\/\/wp-content\/uploads\/cp.principesdeasturias.pozuelodealarcon\/2025\/03\/semana-cultural-1.png",360,118,false],"rt_custom":["https:\/\/site.educa.madrid.org\/cp.principesdeasturias.pozuelodealarcon\/\/wp-content\/uploads\/cp.principesdeasturias.pozuelodealarcon\/2025\/03\/semana-cultural-1.png",652,213,false]},"rttpg_author":{"display_name":"tic.cp.principesdeasturias.pozuelodealarcon","author_link":"https:\/\/site.educa.madrid.org\/cp.principesdeasturias.pozuelodealarcon\/index.php\/author\/cuenta_tic-cp-principesdeasturias-pozuelodealarcon\/"},"rttpg_comment":0,"rttpg_category":"<a href=\"https:\/\/site.educa.madrid.org\/cp.principesdeasturias.pozuelodealarcon\/index.php\/category\/sin-categoria\/\" rel=\"category tag\">Sin categor\u00eda<\/a>","rttpg_excerpt":"Este a\u00f1o hemos querido promover la creatividad entre nuestros escolares convocando el I Concurso de Carteles \u00abSemana Cultural 2023\u00bb. Creamos unas bases en las que ten\u00edan que basarse los trabajos a concurso. El tema es el mismo que el del Proyecto Anual, \u00abWater Matters, el agua importa\u00bb. Hubo varias categor\u00edas: Categor\u00eda 1-Educaci\u00f3n Infantil\/1\u00ba y 2\u00baLeer&hellip;","post_mailing_queue_ids":[],"_links":{"self":[{"href":"https:\/\/site.educa.madrid.org\/cp.principesdeasturias.pozuelodealarcon\/index.php\/wp-json\/wp\/v2\/posts\/1703","targetHints":{"allow":["GET"]}}],"collection":[{"href":"https:\/\/site.educa.madrid.org\/cp.principesdeasturias.pozuelodealarcon\/index.php\/wp-json\/wp\/v2\/posts"}],"about":[{"href":"https:\/\/site.educa.madrid.org\/cp.principesdeasturias.pozuelodealarcon\/index.php\/wp-json\/wp\/v2\/types\/post"}],"author":[{"embeddable":true,"href":"https:\/\/site.educa.madrid.org\/cp.principesdeasturias.pozuelodealarcon\/index.php\/wp-json\/wp\/v2\/users\/2"}],"replies":[{"embeddable":true,"href":"https:\/\/site.educa.madrid.org\/cp.principesdeasturias.pozuelodealarcon\/index.php\/wp-json\/wp\/v2\/comments?post=1703"}],"version-history":[{"count":1,"href":"https:\/\/site.educa.madrid.org\/cp.principesdeasturias.pozuelodealarcon\/index.php\/wp-json\/wp\/v2\/posts\/1703\/revisions"}],"predecessor-version":[{"id":1706,"href":"https:\/\/site.educa.madrid.org\/cp.principesdeasturias.pozuelodealarcon\/index.php\/wp-json\/wp\/v2\/posts\/1703\/revisions\/1706"}],"wp:featuredmedia":[{"embeddable":true,"href":"https:\/\/site.educa.madrid.org\/cp.principesdeasturias.pozuelodealarcon\/index.php\/wp-json\/wp\/v2\/media\/1705"}],"wp:attachment":[{"href":"https:\/\/site.educa.madrid.org\/cp.principesdeasturias.pozuelodealarcon\/index.php\/wp-json\/wp\/v2\/media?parent=1703"}],"wp:term":[{"taxonomy":"category","embeddable":true,"href":"https:\/\/site.educa.madrid.org\/cp.principesdeasturias.pozuelodealarcon\/index.php\/wp-json\/wp\/v2\/categories?post=1703"},{"taxonomy":"post_tag","embeddable":true,"href":"https:\/\/site.educa.madrid.org\/cp.principesdeasturias.pozuelodealarcon\/index.php\/wp-json\/wp\/v2\/tags?post=1703"},{"taxonomy":"post_folder","embeddable":true,"href":"https:\/\/site.educa.madrid.org\/cp.principesdeasturias.pozuelodealarcon\/index.php\/wp-json\/wp\/v2\/post_folder?post=1703"}],"curies":[{"name":"wp","href":"https:\/\/api.w.org\/{rel}","templated":true}]}}