{"id":1707,"date":"2025-03-23T23:38:35","date_gmt":"2025-03-23T22:38:35","guid":{"rendered":"https:\/\/site.educa.madrid.org\/cp.principesdeasturias.pozuelodealarcon\/?p=1707"},"modified":"2025-03-23T23:38:35","modified_gmt":"2025-03-23T22:38:35","slug":"los-alumns-de-6o-de-primaria-se-pasan-por-secundaria","status":"publish","type":"post","link":"https:\/\/site.educa.madrid.org\/cp.principesdeasturias.pozuelodealarcon\/index.php\/2025\/03\/23\/los-alumns-de-6o-de-primaria-se-pasan-por-secundaria\/","title":{"rendered":"Los alumn@s de 6\u00ba de Primaria se pasan por Secundaria"},"content":{"rendered":"<p>Somos un centro educativo que colabora en su conjunto. Dentro de unos meses nuestros alumnos de 6\u00ba de Primaria estar\u00e1n listo para su paso a la etapa de Secundaria, que pueden continuar en este colegio. Hace poco tuvieron una jornada especial que os acercamos a trav\u00e9s de dos \u00abversiones\u00bb de una de sus tutoras, Paula L\u00f3pez Cabello y de una alumna, Raquel Garc\u00eda:<\/p>\n<p>UN D\u00cdA PARA SENTIRSE MAYORES<\/p>\n<p>El pasado 17 de febrero nuestros alumnos de 6\u00ba, tuvieron el honor de visitar las distintas instalaciones del pabell\u00f3n de secundaria: los laboratorios, el aula de m\u00fasica y recorrer los 3 pisos.<\/p>\n<p>Pudieron tratar con los profes que imparten clase de varias \u00e1reas y los alumnos de 4\u00ba de Secundaria les retaron a medir la altura de su edificio con un TEODOLITO, instrumento casero realizado de manera artesanal por ellos mismos. Se quedaron sorprendidos c\u00f3mo sus compa\u00f1eros lo contaban. Ese d\u00eda el patio acab\u00f3 lleno de ecuaciones matem\u00e1ticas y de f\u00f3rmulas trigonom\u00e9tricas. \u00a1Muy friky!<\/p>\n<p>Tuvieron la ocasi\u00f3n de improvisar una composici\u00f3n musical al piano, ver un teatro de sombras, hacer juegos cooperativos en el gimnasio y observar las c\u00e9lulas vegetales de la cebolla y el puerro a trav\u00e9s de un microscopio. <\/p>\n<p>Fue un d\u00eda muy completo y se sintieron \u00a1\u00a1MUY MAYORES!!<\/p>\n<p>Muchas gracias al profesorado de Secundaria por organizar esta jornada. <\/p>\n<p>Paula L\u00f3pez Cabello, Profesora de 6\u00ba y Jefa de Estudios de Educaci\u00f3n Primaria.<br \/>\n&#8212;&#8212;&#8212;&#8212;&#8212;&#8212;&#8212;&#8212;-<\/p>\n<p>UN D\u00cdA EN LA ESO<\/p>\n<p>El d\u00eda 17 de febrero de 2023, los cursos 6\u00baA y 6\u00baB fuimos por primera vez a visitar la ESO.  Fuimos porque los alumnos de la ESO hab\u00edan trabajado en unos proyectos que hicieron en clase y nos lo quer\u00edan ense\u00f1ar. Adem\u00e1s, en esa visita conocer\u00edamos el edificio, las aulas, los proyectos en los que trabajan, y as\u00ed ya no tendr\u00edamos miedo de pasar a la ESO. <\/p>\n<p>Lo primero que hicimos fue bajar al patio y all\u00ed nos explicaron un poco de mates, \u00bfsab\u00edas que pod\u00e9is medir un edificio sin necesidad de subirte al tejado? Pues yo ahora s\u00ed. <\/p>\n<p>Despu\u00e9s fuimos a una clase de la ESO y nos hicieron una obra de teatro con marionetas de 15 minutos. Lo que m\u00e1s me impresion\u00f3 es la cantidad de gente que se necesita para hacer una obra. En este caso hicieron falta 27 personas para hacerla, \u00a1wow! Yo nunca me lo habr\u00eda imaginado. <\/p>\n<p>Posteriormente, fuimos a hacer un poco de qu\u00edmica donde aprendimos que mezclando diferentes l\u00edquidos con el l\u00edquido de la lombarda, cambia su color en funci\u00f3n de su pH. <\/p>\n<p>Luego hicimos un poco de deporte, nos ense\u00f1aron que hacer ejercicios de competici\u00f3n es mejor en equipo, ayud\u00e1ndonos unos a otros. <\/p>\n<p>Y por \u00faltimo,  fuimos a un laboratorio a ver insectos, plantas, y bichos de cerca a trav\u00e9s del microscopio, aunque a m\u00ed personalmente me dio un poco de \u201cgrima\u201d. <\/p>\n<p>Al terminar la actividad nos dieron un cuestionario y puntuamos c\u00f3mo hab\u00edan sido los alumnos, si lo hab\u00edan explicado bien, si han estado centrados\u2026 <\/p>\n<p>La experiencia estuvo muy bien y estoy deseando que llegue la ESO para vivirlo otra vez. <\/p>\n<p>Raquel Garc\u00eda. Alumna de 6\u00ba de Educaci\u00f3n Primaria<\/p>\n<p>Os dejamos una presentaci\u00f3n con im\u00e1genes de la jornada:<\/p>\n","protected":false},"excerpt":{"rendered":"<p>Somos un centro educativo que colabora en su conjunto. Dentro de unos meses nuestros alumnos de 6\u00ba de Primaria estar\u00e1n listo para su paso a la etapa de Secundaria, que pueden continuar en este colegio. Hace poco tuvieron una jornada especial que os acercamos a trav\u00e9s de dos \u00abversiones\u00bb de una de sus tutoras, Paula<\/p><\/div>\n<div class=\"blog-btn\"><a href=\"https:\/\/site.educa.madrid.org\/cp.principesdeasturias.pozuelodealarcon\/index.php\/2025\/03\/23\/los-alumns-de-6o-de-primaria-se-pasan-por-secundaria\/\" class=\"home-blog-btn\">Leer m\u00e1s<\/a><\/p>\n","protected":false},"author":2,"featured_media":1708,"comment_status":"open","ping_status":"open","sticky":false,"template":"","format":"standard","meta":{"footnotes":""},"categories":[1],"tags":[],"post_folder":[],"class_list":["post-1707","post","type-post","status-publish","format-standard","has-post-thumbnail","hentry","category-sin-categoria"],"rttpg_featured_image_url":{"full":["https:\/\/site.educa.madrid.org\/cp.principesdeasturias.pozuelodealarcon\/\/wp-content\/uploads\/cp.principesdeasturias.pozuelodealarcon\/2025\/03\/secundaria.png",651,331,false],"landscape":["https:\/\/site.educa.madrid.org\/cp.principesdeasturias.pozuelodealarcon\/\/wp-content\/uploads\/cp.principesdeasturias.pozuelodealarcon\/2025\/03\/secundaria.png",651,331,false],"portraits":["https:\/\/site.educa.madrid.org\/cp.principesdeasturias.pozuelodealarcon\/\/wp-content\/uploads\/cp.principesdeasturias.pozuelodealarcon\/2025\/03\/secundaria.png",651,331,false],"thumbnail":["https:\/\/site.educa.madrid.org\/cp.principesdeasturias.pozuelodealarcon\/\/wp-content\/uploads\/cp.principesdeasturias.pozuelodealarcon\/2025\/03\/secundaria-150x150.png",150,150,true],"medium":["https:\/\/site.educa.madrid.org\/cp.principesdeasturias.pozuelodealarcon\/\/wp-content\/uploads\/cp.principesdeasturias.pozuelodealarcon\/2025\/03\/secundaria-300x153.png",300,153,true],"large":["https:\/\/site.educa.madrid.org\/cp.principesdeasturias.pozuelodealarcon\/\/wp-content\/uploads\/cp.principesdeasturias.pozuelodealarcon\/2025\/03\/secundaria.png",651,331,false],"thumblist":["https:\/\/site.educa.madrid.org\/cp.principesdeasturias.pozuelodealarcon\/\/wp-content\/uploads\/cp.principesdeasturias.pozuelodealarcon\/2025\/03\/secundaria-300x300.png",300,300,true],"thumbrelated":["https:\/\/site.educa.madrid.org\/cp.principesdeasturias.pozuelodealarcon\/\/wp-content\/uploads\/cp.principesdeasturias.pozuelodealarcon\/2025\/03\/secundaria-500x331.png",500,331,true],"meccarouselthumb":["https:\/\/site.educa.madrid.org\/cp.principesdeasturias.pozuelodealarcon\/\/wp-content\/uploads\/cp.principesdeasturias.pozuelodealarcon\/2025\/03\/secundaria-474x324.png",474,324,true],"gridsquare":["https:\/\/site.educa.madrid.org\/cp.principesdeasturias.pozuelodealarcon\/\/wp-content\/uploads\/cp.principesdeasturias.pozuelodealarcon\/2025\/03\/secundaria-391x260.png",391,260,true],"tileview":["https:\/\/site.educa.madrid.org\/cp.principesdeasturias.pozuelodealarcon\/\/wp-content\/uploads\/cp.principesdeasturias.pozuelodealarcon\/2025\/03\/secundaria-300x331.png",300,331,true],"1536x1536":["https:\/\/site.educa.madrid.org\/cp.principesdeasturias.pozuelodealarcon\/\/wp-content\/uploads\/cp.principesdeasturias.pozuelodealarcon\/2025\/03\/secundaria.png",651,331,false],"2048x2048":["https:\/\/site.educa.madrid.org\/cp.principesdeasturias.pozuelodealarcon\/\/wp-content\/uploads\/cp.principesdeasturias.pozuelodealarcon\/2025\/03\/secundaria.png",651,331,false],"sow-carousel-default":["https:\/\/site.educa.madrid.org\/cp.principesdeasturias.pozuelodealarcon\/\/wp-content\/uploads\/cp.principesdeasturias.pozuelodealarcon\/2025\/03\/secundaria-272x182.png",272,182,true],"sow-post-carousel-overlay-theme":["https:\/\/site.educa.madrid.org\/cp.principesdeasturias.pozuelodealarcon\/\/wp-content\/uploads\/cp.principesdeasturias.pozuelodealarcon\/2025\/03\/secundaria.png",360,183,false],"sow-post-carousel-cards-theme":["https:\/\/site.educa.madrid.org\/cp.principesdeasturias.pozuelodealarcon\/\/wp-content\/uploads\/cp.principesdeasturias.pozuelodealarcon\/2025\/03\/secundaria.png",360,183,false],"rt_custom":["https:\/\/site.educa.madrid.org\/cp.principesdeasturias.pozuelodealarcon\/\/wp-content\/uploads\/cp.principesdeasturias.pozuelodealarcon\/2025\/03\/secundaria.png",651,331,false]},"rttpg_author":{"display_name":"tic.cp.principesdeasturias.pozuelodealarcon","author_link":"https:\/\/site.educa.madrid.org\/cp.principesdeasturias.pozuelodealarcon\/index.php\/author\/cuenta_tic-cp-principesdeasturias-pozuelodealarcon\/"},"rttpg_comment":0,"rttpg_category":"<a href=\"https:\/\/site.educa.madrid.org\/cp.principesdeasturias.pozuelodealarcon\/index.php\/category\/sin-categoria\/\" rel=\"category tag\">Sin categor\u00eda<\/a>","rttpg_excerpt":"Somos un centro educativo que colabora en su conjunto. Dentro de unos meses nuestros alumnos de 6\u00ba de Primaria estar\u00e1n listo para su paso a la etapa de Secundaria, que pueden continuar en este colegio. Hace poco tuvieron una jornada especial que os acercamos a trav\u00e9s de dos \u00abversiones\u00bb de una de sus tutoras, PaulaLeer&hellip;","post_mailing_queue_ids":[],"_links":{"self":[{"href":"https:\/\/site.educa.madrid.org\/cp.principesdeasturias.pozuelodealarcon\/index.php\/wp-json\/wp\/v2\/posts\/1707","targetHints":{"allow":["GET"]}}],"collection":[{"href":"https:\/\/site.educa.madrid.org\/cp.principesdeasturias.pozuelodealarcon\/index.php\/wp-json\/wp\/v2\/posts"}],"about":[{"href":"https:\/\/site.educa.madrid.org\/cp.principesdeasturias.pozuelodealarcon\/index.php\/wp-json\/wp\/v2\/types\/post"}],"author":[{"embeddable":true,"href":"https:\/\/site.educa.madrid.org\/cp.principesdeasturias.pozuelodealarcon\/index.php\/wp-json\/wp\/v2\/users\/2"}],"replies":[{"embeddable":true,"href":"https:\/\/site.educa.madrid.org\/cp.principesdeasturias.pozuelodealarcon\/index.php\/wp-json\/wp\/v2\/comments?post=1707"}],"version-history":[{"count":1,"href":"https:\/\/site.educa.madrid.org\/cp.principesdeasturias.pozuelodealarcon\/index.php\/wp-json\/wp\/v2\/posts\/1707\/revisions"}],"predecessor-version":[{"id":1709,"href":"https:\/\/site.educa.madrid.org\/cp.principesdeasturias.pozuelodealarcon\/index.php\/wp-json\/wp\/v2\/posts\/1707\/revisions\/1709"}],"wp:featuredmedia":[{"embeddable":true,"href":"https:\/\/site.educa.madrid.org\/cp.principesdeasturias.pozuelodealarcon\/index.php\/wp-json\/wp\/v2\/media\/1708"}],"wp:attachment":[{"href":"https:\/\/site.educa.madrid.org\/cp.principesdeasturias.pozuelodealarcon\/index.php\/wp-json\/wp\/v2\/media?parent=1707"}],"wp:term":[{"taxonomy":"category","embeddable":true,"href":"https:\/\/site.educa.madrid.org\/cp.principesdeasturias.pozuelodealarcon\/index.php\/wp-json\/wp\/v2\/categories?post=1707"},{"taxonomy":"post_tag","embeddable":true,"href":"https:\/\/site.educa.madrid.org\/cp.principesdeasturias.pozuelodealarcon\/index.php\/wp-json\/wp\/v2\/tags?post=1707"},{"taxonomy":"post_folder","embeddable":true,"href":"https:\/\/site.educa.madrid.org\/cp.principesdeasturias.pozuelodealarcon\/index.php\/wp-json\/wp\/v2\/post_folder?post=1707"}],"curies":[{"name":"wp","href":"https:\/\/api.w.org\/{rel}","templated":true}]}}