{"id":1724,"date":"2025-03-24T00:24:53","date_gmt":"2025-03-23T23:24:53","guid":{"rendered":"https:\/\/site.educa.madrid.org\/cp.principesdeasturias.pozuelodealarcon\/?p=1724"},"modified":"2025-03-24T00:24:53","modified_gmt":"2025-03-23T23:24:53","slug":"un-ano-para-hacer-otras-cosas-nos-vemos","status":"publish","type":"post","link":"https:\/\/site.educa.madrid.org\/cp.principesdeasturias.pozuelodealarcon\/index.php\/2025\/03\/24\/un-ano-para-hacer-otras-cosas-nos-vemos\/","title":{"rendered":"Un a\u00f1o para hacer otras cosas, nos vemos"},"content":{"rendered":"<p>Despu\u00e9s de veinte a\u00f1os trabajando en distintos puestos como profesor, equipo directivo, coordinador de la tecnolog\u00edas&#8230; he decidido comprar un a\u00f1o escolar para tomar un respiro.<\/p>\n<p>Hace unos a\u00f1os, solicit\u00e9 una licencia para trabajar 4 a\u00f1os y descansar el quinto. Pues bien, ese curso escolar es el 2023-2024. Seguramente, volver\u00e9 el curso 2024-25.<\/p>\n<p>Ha sido un periodo de tiempo maravilloso para mi profesionalmente, he crecido, he creado, he trabajado en equipo, y me he sentido muy apoyado por mis compa\u00f1eros, por las familias y sobre todo por el Equipo Directivo del centro. Pero sin duda, los verdaderos protagonistas han sidos vuestros hijos\/as con los que he vivido momentos inolvidables. Muchas gracias.<\/p>\n<p>Toda esta experiencia se resume en el siguiente art\u00edculo, que han publicado en la revista digital \u00abEl Diario de la Educaci\u00f3n\u00bb, gracias a la ayuda de Milagros Barrio, profesora del ayuntamiento de Pozuelo que colabora con ellos.<\/p>\n<p><a href=\"https:\/\/eldiariodelaeducacion.com\/espiral\/2023\/06\/16\/una-vision-internacional-tecnologica-coeducativa-y-retadora-de-la-educacion-fisica\/\">Pincha aqu\u00ed si quieres ver la noticia sobre\u00bbUna visi\u00f3n internacional, tecnol\u00f3gica, coeducativa y retadora de la Educaci\u00f3n F\u00edsica\u00bb por Jes\u00fas \u00c1lvaro Rivilla.<\/a><\/p>\n<p>Un abrazo y un placer haberos conocido.<\/p>\n","protected":false},"excerpt":{"rendered":"<p>Despu\u00e9s de veinte a\u00f1os trabajando en distintos puestos como profesor, equipo directivo, coordinador de la tecnolog\u00edas&#8230; he decidido comprar un a\u00f1o escolar para tomar un respiro. Hace unos a\u00f1os, solicit\u00e9 una licencia para trabajar 4 a\u00f1os y descansar el quinto. Pues bien, ese curso escolar es el 2023-2024. Seguramente, volver\u00e9 el curso 2024-25. Ha sido<\/p><\/div>\n<div class=\"blog-btn\"><a href=\"https:\/\/site.educa.madrid.org\/cp.principesdeasturias.pozuelodealarcon\/index.php\/2025\/03\/24\/un-ano-para-hacer-otras-cosas-nos-vemos\/\" class=\"home-blog-btn\">Leer m\u00e1s<\/a><\/p>\n","protected":false},"author":2,"featured_media":0,"comment_status":"open","ping_status":"open","sticky":false,"template":"","format":"standard","meta":{"footnotes":""},"categories":[1],"tags":[],"post_folder":[],"class_list":["post-1724","post","type-post","status-publish","format-standard","hentry","category-sin-categoria"],"rttpg_featured_image_url":null,"rttpg_author":{"display_name":"tic.cp.principesdeasturias.pozuelodealarcon","author_link":"https:\/\/site.educa.madrid.org\/cp.principesdeasturias.pozuelodealarcon\/index.php\/author\/cuenta_tic-cp-principesdeasturias-pozuelodealarcon\/"},"rttpg_comment":0,"rttpg_category":"<a href=\"https:\/\/site.educa.madrid.org\/cp.principesdeasturias.pozuelodealarcon\/index.php\/category\/sin-categoria\/\" rel=\"category tag\">Sin categor\u00eda<\/a>","rttpg_excerpt":"Despu\u00e9s de veinte a\u00f1os trabajando en distintos puestos como profesor, equipo directivo, coordinador de la tecnolog\u00edas&#8230; he decidido comprar un a\u00f1o escolar para tomar un respiro. Hace unos a\u00f1os, solicit\u00e9 una licencia para trabajar 4 a\u00f1os y descansar el quinto. Pues bien, ese curso escolar es el 2023-2024. Seguramente, volver\u00e9 el curso 2024-25. Ha sidoLeer&hellip;","post_mailing_queue_ids":[],"_links":{"self":[{"href":"https:\/\/site.educa.madrid.org\/cp.principesdeasturias.pozuelodealarcon\/index.php\/wp-json\/wp\/v2\/posts\/1724","targetHints":{"allow":["GET"]}}],"collection":[{"href":"https:\/\/site.educa.madrid.org\/cp.principesdeasturias.pozuelodealarcon\/index.php\/wp-json\/wp\/v2\/posts"}],"about":[{"href":"https:\/\/site.educa.madrid.org\/cp.principesdeasturias.pozuelodealarcon\/index.php\/wp-json\/wp\/v2\/types\/post"}],"author":[{"embeddable":true,"href":"https:\/\/site.educa.madrid.org\/cp.principesdeasturias.pozuelodealarcon\/index.php\/wp-json\/wp\/v2\/users\/2"}],"replies":[{"embeddable":true,"href":"https:\/\/site.educa.madrid.org\/cp.principesdeasturias.pozuelodealarcon\/index.php\/wp-json\/wp\/v2\/comments?post=1724"}],"version-history":[{"count":1,"href":"https:\/\/site.educa.madrid.org\/cp.principesdeasturias.pozuelodealarcon\/index.php\/wp-json\/wp\/v2\/posts\/1724\/revisions"}],"predecessor-version":[{"id":1725,"href":"https:\/\/site.educa.madrid.org\/cp.principesdeasturias.pozuelodealarcon\/index.php\/wp-json\/wp\/v2\/posts\/1724\/revisions\/1725"}],"wp:attachment":[{"href":"https:\/\/site.educa.madrid.org\/cp.principesdeasturias.pozuelodealarcon\/index.php\/wp-json\/wp\/v2\/media?parent=1724"}],"wp:term":[{"taxonomy":"category","embeddable":true,"href":"https:\/\/site.educa.madrid.org\/cp.principesdeasturias.pozuelodealarcon\/index.php\/wp-json\/wp\/v2\/categories?post=1724"},{"taxonomy":"post_tag","embeddable":true,"href":"https:\/\/site.educa.madrid.org\/cp.principesdeasturias.pozuelodealarcon\/index.php\/wp-json\/wp\/v2\/tags?post=1724"},{"taxonomy":"post_folder","embeddable":true,"href":"https:\/\/site.educa.madrid.org\/cp.principesdeasturias.pozuelodealarcon\/index.php\/wp-json\/wp\/v2\/post_folder?post=1724"}],"curies":[{"name":"wp","href":"https:\/\/api.w.org\/{rel}","templated":true}]}}