{"id":1726,"date":"2025-03-24T00:32:27","date_gmt":"2025-03-23T23:32:27","guid":{"rendered":"https:\/\/site.educa.madrid.org\/cp.principesdeasturias.pozuelodealarcon\/?p=1726"},"modified":"2025-03-24T00:32:27","modified_gmt":"2025-03-23T23:32:27","slug":"visita-de-profesores-del-proyecto-erasmus","status":"publish","type":"post","link":"https:\/\/site.educa.madrid.org\/cp.principesdeasturias.pozuelodealarcon\/index.php\/2025\/03\/24\/visita-de-profesores-del-proyecto-erasmus\/","title":{"rendered":"Visita de profesores del proyecto Erasmus"},"content":{"rendered":"<p>S.O.S. (Strenght of Students) as a peacemakers<br \/>\nDel 2 al 6 de octubre recibimos los socios del nuevo proyecto Erasmus + en el que el centro est\u00e1 trabajando actualmente.<br \/>\nIstituto Comprensivo Statale \u00abDon LonrenzoMilani\u00bb de La Spezia, Italia. 2 teachers<br \/>\nsokyl\u00e4nkoulu (colegio), de Kokkola, Finlandia. 2 teachers<br \/>\nPrimary School Pentalofos (colegio), de Pentalofos, Grecia. 2 teachers<br \/>\nAgrupamento \u00abJose Regio\u00bb (colegio), de Portalegre, Portugal. 2 teachers<br \/>\nJyvaskylan Yliopisto, de Jyvaskyla (Univ), Finlandia. 1 teacher<br \/>\n\u00abMondo Aperto\u00bb (ONG), de La Spezia, Italia. 2 member\u200bs<br \/>\nA lo largo de la semana, se prepar\u00f3 un programa para acompa\u00f1ar a estos docentes con los que desarrollamos un proyecto com\u00fan y europeo. Hubo tiempo para el ocio. Varios profesores reservaron distintas visitas culturales y gastron\u00f3micas en la capital. Tambi\u00e9n se visit\u00f3 el Ayuntamiento de Pozuelo de Alarc\u00f3n d\u00f3nde nos recibi\u00f3 la concejal de Educaci\u00f3n, Almudena Ruiz, y d\u00f3nde se asisti\u00f3 a una conferencia impartida por Beatriz Ruiz, del aula de Apoyo TEA.<\/p>\n<p>En el colegio se organizaron actividades especiales para que los profesores invitados pudieran ver c\u00f3mo trabajamos al tiempo que hubo un intercambio en el que ellos tambi\u00e9n nos ense\u00f1aron su metodolog\u00eda de trabajo.<\/p>\n<p>Hubo, finalmente, una reuni\u00f3n con el equipo de profesores participantes en la que nos mostraron qu\u00e9 ten\u00edamos que preparar para cumplir los objetivos marcados en el proyecto. El pr\u00f3ximo viaje ser\u00e1 el que permita a 11 alumnos y a 5 profesoras visitar L&#8217;Spezia con el fin de continuar con lo programado a lo largo de este curso. <\/p>\n<p>Recuerda:<br \/>\nEl objetivo general del Programa Erasmus + es apoyar, a trav\u00e9s del aprendizaje permanente, el desarrollo educativo, profesional y personal de las personas en los \u00e1mbitos de la educaci\u00f3n, la formaci\u00f3n, la juventud y el deporte, dentro de Europa y fuera de su territorio, contribuyendo as\u00ed al crecimiento sostenible, al empleo de calidad y a la cohesi\u00f3n social, adem\u00e1s de a impulsar la innovaci\u00f3n y a fortalecer la identidad europea y la ciudadan\u00eda activa. Por consiguiente, el Programa ser\u00e1 un instrumento clave para desarrollar un Espacio Europeo de Educaci\u00f3n y respaldar la cooperaci\u00f3n estrat\u00e9gica europea en el campo de la educaci\u00f3n y la formaci\u00f3n, con sus correspondientes agendas sectoriales<\/p>\n<p>Puede verse en la presentaci\u00f3n un resumen de la visita:<br \/>\n<div style=\"width: 696px;\" class=\"wp-video\"><video class=\"wp-video-shortcode\" id=\"video-1726-1\" width=\"696\" height=\"392\" preload=\"metadata\" controls=\"controls\"><source type=\"video\/mp4\" src=\"https:\/\/site.educa.madrid.org\/cp.principesdeasturias.pozuelodealarcon\/\/wp-content\/uploads\/cp.principesdeasturias.pozuelodealarcon\/2025\/03\/SOS.STRENGTHS-ERASMUS-PROJECT.mp4?_=1\" \/><a href=\"https:\/\/site.educa.madrid.org\/cp.principesdeasturias.pozuelodealarcon\/\/wp-content\/uploads\/cp.principesdeasturias.pozuelodealarcon\/2025\/03\/SOS.STRENGTHS-ERASMUS-PROJECT.mp4\">https:\/\/site.educa.madrid.org\/cp.principesdeasturias.pozuelodealarcon\/\/wp-content\/uploads\/cp.principesdeasturias.pozuelodealarcon\/2025\/03\/SOS.STRENGTHS-ERASMUS-PROJECT.mp4<\/a><\/video><\/div><\/p>\n","protected":false},"excerpt":{"rendered":"<p>S.O.S. (Strenght of Students) as a peacemakers Del 2 al 6 de octubre recibimos los socios del nuevo proyecto Erasmus + en el que el centro est\u00e1 trabajando actualmente. Istituto Comprensivo Statale \u00abDon LonrenzoMilani\u00bb de La Spezia, Italia. 2 teachers sokyl\u00e4nkoulu (colegio), de Kokkola, Finlandia. 2 teachers Primary School Pentalofos (colegio), de Pentalofos, Grecia. 2<\/p><\/div>\n<div class=\"blog-btn\"><a href=\"https:\/\/site.educa.madrid.org\/cp.principesdeasturias.pozuelodealarcon\/index.php\/2025\/03\/24\/visita-de-profesores-del-proyecto-erasmus\/\" class=\"home-blog-btn\">Leer m\u00e1s<\/a><\/p>\n","protected":false},"author":2,"featured_media":1727,"comment_status":"open","ping_status":"open","sticky":false,"template":"","format":"standard","meta":{"footnotes":""},"categories":[1],"tags":[],"post_folder":[],"class_list":["post-1726","post","type-post","status-publish","format-standard","has-post-thumbnail","hentry","category-sin-categoria"],"rttpg_featured_image_url":{"full":["https:\/\/site.educa.madrid.org\/cp.principesdeasturias.pozuelodealarcon\/\/wp-content\/uploads\/cp.principesdeasturias.pozuelodealarcon\/2025\/03\/madrid-peacemakers.png",649,283,false],"landscape":["https:\/\/site.educa.madrid.org\/cp.principesdeasturias.pozuelodealarcon\/\/wp-content\/uploads\/cp.principesdeasturias.pozuelodealarcon\/2025\/03\/madrid-peacemakers.png",649,283,false],"portraits":["https:\/\/site.educa.madrid.org\/cp.principesdeasturias.pozuelodealarcon\/\/wp-content\/uploads\/cp.principesdeasturias.pozuelodealarcon\/2025\/03\/madrid-peacemakers.png",649,283,false],"thumbnail":["https:\/\/site.educa.madrid.org\/cp.principesdeasturias.pozuelodealarcon\/\/wp-content\/uploads\/cp.principesdeasturias.pozuelodealarcon\/2025\/03\/madrid-peacemakers-150x150.png",150,150,true],"medium":["https:\/\/site.educa.madrid.org\/cp.principesdeasturias.pozuelodealarcon\/\/wp-content\/uploads\/cp.principesdeasturias.pozuelodealarcon\/2025\/03\/madrid-peacemakers-300x131.png",300,131,true],"large":["https:\/\/site.educa.madrid.org\/cp.principesdeasturias.pozuelodealarcon\/\/wp-content\/uploads\/cp.principesdeasturias.pozuelodealarcon\/2025\/03\/madrid-peacemakers.png",649,283,false],"thumblist":["https:\/\/site.educa.madrid.org\/cp.principesdeasturias.pozuelodealarcon\/\/wp-content\/uploads\/cp.principesdeasturias.pozuelodealarcon\/2025\/03\/madrid-peacemakers-300x283.png",300,283,true],"thumbrelated":["https:\/\/site.educa.madrid.org\/cp.principesdeasturias.pozuelodealarcon\/\/wp-content\/uploads\/cp.principesdeasturias.pozuelodealarcon\/2025\/03\/madrid-peacemakers-500x283.png",500,283,true],"meccarouselthumb":["https:\/\/site.educa.madrid.org\/cp.principesdeasturias.pozuelodealarcon\/\/wp-content\/uploads\/cp.principesdeasturias.pozuelodealarcon\/2025\/03\/madrid-peacemakers-474x283.png",474,283,true],"gridsquare":["https:\/\/site.educa.madrid.org\/cp.principesdeasturias.pozuelodealarcon\/\/wp-content\/uploads\/cp.principesdeasturias.pozuelodealarcon\/2025\/03\/madrid-peacemakers-391x260.png",391,260,true],"tileview":["https:\/\/site.educa.madrid.org\/cp.principesdeasturias.pozuelodealarcon\/\/wp-content\/uploads\/cp.principesdeasturias.pozuelodealarcon\/2025\/03\/madrid-peacemakers-300x283.png",300,283,true],"1536x1536":["https:\/\/site.educa.madrid.org\/cp.principesdeasturias.pozuelodealarcon\/\/wp-content\/uploads\/cp.principesdeasturias.pozuelodealarcon\/2025\/03\/madrid-peacemakers.png",649,283,false],"2048x2048":["https:\/\/site.educa.madrid.org\/cp.principesdeasturias.pozuelodealarcon\/\/wp-content\/uploads\/cp.principesdeasturias.pozuelodealarcon\/2025\/03\/madrid-peacemakers.png",649,283,false],"sow-carousel-default":["https:\/\/site.educa.madrid.org\/cp.principesdeasturias.pozuelodealarcon\/\/wp-content\/uploads\/cp.principesdeasturias.pozuelodealarcon\/2025\/03\/madrid-peacemakers-272x182.png",272,182,true],"sow-post-carousel-overlay-theme":["https:\/\/site.educa.madrid.org\/cp.principesdeasturias.pozuelodealarcon\/\/wp-content\/uploads\/cp.principesdeasturias.pozuelodealarcon\/2025\/03\/madrid-peacemakers.png",360,157,false],"sow-post-carousel-cards-theme":["https:\/\/site.educa.madrid.org\/cp.principesdeasturias.pozuelodealarcon\/\/wp-content\/uploads\/cp.principesdeasturias.pozuelodealarcon\/2025\/03\/madrid-peacemakers.png",360,157,false],"rt_custom":["https:\/\/site.educa.madrid.org\/cp.principesdeasturias.pozuelodealarcon\/\/wp-content\/uploads\/cp.principesdeasturias.pozuelodealarcon\/2025\/03\/madrid-peacemakers.png",649,283,false]},"rttpg_author":{"display_name":"tic.cp.principesdeasturias.pozuelodealarcon","author_link":"https:\/\/site.educa.madrid.org\/cp.principesdeasturias.pozuelodealarcon\/index.php\/author\/cuenta_tic-cp-principesdeasturias-pozuelodealarcon\/"},"rttpg_comment":0,"rttpg_category":"<a href=\"https:\/\/site.educa.madrid.org\/cp.principesdeasturias.pozuelodealarcon\/index.php\/category\/sin-categoria\/\" rel=\"category tag\">Sin categor\u00eda<\/a>","rttpg_excerpt":"S.O.S. (Strenght of Students) as a peacemakers Del 2 al 6 de octubre recibimos los socios del nuevo proyecto Erasmus + en el que el centro est\u00e1 trabajando actualmente. Istituto Comprensivo Statale \u00abDon LonrenzoMilani\u00bb de La Spezia, Italia. 2 teachers sokyl\u00e4nkoulu (colegio), de Kokkola, Finlandia. 2 teachers Primary School Pentalofos (colegio), de Pentalofos, Grecia. 2Leer&hellip;","post_mailing_queue_ids":[],"_links":{"self":[{"href":"https:\/\/site.educa.madrid.org\/cp.principesdeasturias.pozuelodealarcon\/index.php\/wp-json\/wp\/v2\/posts\/1726","targetHints":{"allow":["GET"]}}],"collection":[{"href":"https:\/\/site.educa.madrid.org\/cp.principesdeasturias.pozuelodealarcon\/index.php\/wp-json\/wp\/v2\/posts"}],"about":[{"href":"https:\/\/site.educa.madrid.org\/cp.principesdeasturias.pozuelodealarcon\/index.php\/wp-json\/wp\/v2\/types\/post"}],"author":[{"embeddable":true,"href":"https:\/\/site.educa.madrid.org\/cp.principesdeasturias.pozuelodealarcon\/index.php\/wp-json\/wp\/v2\/users\/2"}],"replies":[{"embeddable":true,"href":"https:\/\/site.educa.madrid.org\/cp.principesdeasturias.pozuelodealarcon\/index.php\/wp-json\/wp\/v2\/comments?post=1726"}],"version-history":[{"count":1,"href":"https:\/\/site.educa.madrid.org\/cp.principesdeasturias.pozuelodealarcon\/index.php\/wp-json\/wp\/v2\/posts\/1726\/revisions"}],"predecessor-version":[{"id":1729,"href":"https:\/\/site.educa.madrid.org\/cp.principesdeasturias.pozuelodealarcon\/index.php\/wp-json\/wp\/v2\/posts\/1726\/revisions\/1729"}],"wp:featuredmedia":[{"embeddable":true,"href":"https:\/\/site.educa.madrid.org\/cp.principesdeasturias.pozuelodealarcon\/index.php\/wp-json\/wp\/v2\/media\/1727"}],"wp:attachment":[{"href":"https:\/\/site.educa.madrid.org\/cp.principesdeasturias.pozuelodealarcon\/index.php\/wp-json\/wp\/v2\/media?parent=1726"}],"wp:term":[{"taxonomy":"category","embeddable":true,"href":"https:\/\/site.educa.madrid.org\/cp.principesdeasturias.pozuelodealarcon\/index.php\/wp-json\/wp\/v2\/categories?post=1726"},{"taxonomy":"post_tag","embeddable":true,"href":"https:\/\/site.educa.madrid.org\/cp.principesdeasturias.pozuelodealarcon\/index.php\/wp-json\/wp\/v2\/tags?post=1726"},{"taxonomy":"post_folder","embeddable":true,"href":"https:\/\/site.educa.madrid.org\/cp.principesdeasturias.pozuelodealarcon\/index.php\/wp-json\/wp\/v2\/post_folder?post=1726"}],"curies":[{"name":"wp","href":"https:\/\/api.w.org\/{rel}","templated":true}]}}