{"id":1752,"date":"2025-03-24T01:21:34","date_gmt":"2025-03-24T00:21:34","guid":{"rendered":"https:\/\/site.educa.madrid.org\/cp.principesdeasturias.pozuelodealarcon\/?p=1752"},"modified":"2025-03-24T01:21:34","modified_gmt":"2025-03-24T00:21:34","slug":"visita-de-lntercambio-erasmus","status":"publish","type":"post","link":"https:\/\/site.educa.madrid.org\/cp.principesdeasturias.pozuelodealarcon\/index.php\/2025\/03\/24\/visita-de-lntercambio-erasmus\/","title":{"rendered":"Visita de lntercambio Erasmus+"},"content":{"rendered":"<p>Del 8 al 12 de abril hemos recibido la visita de alumnos y profesores de los centros con los que estamos desarrollando en estos a\u00f1os el proyecto ERASMUS + \u00abSTRENGTHS OF STUDENTS -SOS as a peacemakers\u00bb<br \/>\nNos han acompa\u00f1ado alumnos Italia, Portugal y Grecia que han estado alojados en casa de los que ya hicieron una visita a Italia anteriormente. Agradecemos a las familias por su receptividad para que podamos llevar a cabo estas actividades que tanto nos enriquecen. <\/p>\n<p>El coordinador del proyecto en el colegio, Pablo P\u00e9rez, en colaboraci\u00f3n con el equipo directivo y profesorado del centro. ha organizado todo el programa de esta semana haciendo que no faltase de nada. Para ello hemos contado con la colaboraci\u00f3n del Ayuntamiento de Pozuelo de Alarc\u00f3n. <\/p>\n<p>El reto era que hubiese una actividad central que tuviese que ver con el contenido del proyecto. Ten\u00eda que estar relacionada con \u00abel c\u00f3mic y los superh\u00e9roes\u00bb y, a su vez, con las \u00abfortalezas\u00bb que hemos trabajado con el alumnado en todo el per\u00edodo previo. Por lo tanto, pedimos a Milagros Barrio, profesora de Apoyo del Ayuntamiento de Pozuelo, y experta en Tecnolog\u00eda, y a Paula L\u00f3pez-Cabello, del equipo de biling\u00fcismo, que nos organizasen  la actividad. Para cumplir este reto se organizaron 23 equipos que tuvieron listo su trabajo en varias fases: primero hicieron su avatar, en segundo lugar fueron al Espacio Cubo &#8211; concejal\u00eda de Juventud- donde hicieron el guion por escrito; y para finalizar, hicieron su trabajo en formato digital. Todo un \u00e9xito, compartiremos en breve un ebook con el resultado.<\/p>\n<p>Pero no qued\u00f3 ah\u00ed la cosa, tambi\u00e9n visitaron Madrid, el estadio Santiago Bernab\u00e9u, el Retiro&#8230;. y, en otra jornada, se desplazaron &#8211; gracias al Aula de Educaci\u00f3n Ambiental del Ayto. de Pozuelo- hasta H\u00famera para disfrutar de una ma\u00f1ana en la que disfrutaron en este espacio educativo excepcional del municipio. <\/p>\n<p>Sin olvidar, las conferencias &#8211; Carlos P\u00e9rez, nadador ol\u00edmpico; o Laura Fimia, ex-alumna con autismo&#8230; o la Gymkhana que organizaron el \u00faltimo d\u00eda los profesores de Educaci\u00f3n F\u00edsica (de Primaria y Secundaria) y de Musica (Educaci\u00f3n Primaria). <\/p>\n<p>Una convivencia que pas\u00f3 por momentos en los que compartimos merienda&#8230; gracias a SECOE. En estos ratos nos divertimos juntos, convivimos, fomentando  esp\u00edritu europeo que cumple con creces los objetivos del programa ERASMUS +. <\/p>\n<p>\u00a1Gracias a todos los que lo hab\u00e9is hecho posible!<\/p>\n<p>Os dejamos un v\u00eddeo resumen de la experiencia<\/p>\n","protected":false},"excerpt":{"rendered":"<p>Del 8 al 12 de abril hemos recibido la visita de alumnos y profesores de los centros con los que estamos desarrollando en estos a\u00f1os el proyecto ERASMUS + \u00abSTRENGTHS OF STUDENTS -SOS as a peacemakers\u00bb Nos han acompa\u00f1ado alumnos Italia, Portugal y Grecia que han estado alojados en casa de los que ya hicieron<\/p><\/div>\n<div class=\"blog-btn\"><a href=\"https:\/\/site.educa.madrid.org\/cp.principesdeasturias.pozuelodealarcon\/index.php\/2025\/03\/24\/visita-de-lntercambio-erasmus\/\" class=\"home-blog-btn\">Leer m\u00e1s<\/a><\/p>\n","protected":false},"author":2,"featured_media":1753,"comment_status":"open","ping_status":"open","sticky":false,"template":"","format":"standard","meta":{"footnotes":""},"categories":[1],"tags":[],"post_folder":[],"class_list":["post-1752","post","type-post","status-publish","format-standard","has-post-thumbnail","hentry","category-sin-categoria"],"rttpg_featured_image_url":{"full":["https:\/\/site.educa.madrid.org\/cp.principesdeasturias.pozuelodealarcon\/\/wp-content\/uploads\/cp.principesdeasturias.pozuelodealarcon\/2025\/03\/erasmus-3.png",642,307,false],"landscape":["https:\/\/site.educa.madrid.org\/cp.principesdeasturias.pozuelodealarcon\/\/wp-content\/uploads\/cp.principesdeasturias.pozuelodealarcon\/2025\/03\/erasmus-3.png",642,307,false],"portraits":["https:\/\/site.educa.madrid.org\/cp.principesdeasturias.pozuelodealarcon\/\/wp-content\/uploads\/cp.principesdeasturias.pozuelodealarcon\/2025\/03\/erasmus-3.png",642,307,false],"thumbnail":["https:\/\/site.educa.madrid.org\/cp.principesdeasturias.pozuelodealarcon\/\/wp-content\/uploads\/cp.principesdeasturias.pozuelodealarcon\/2025\/03\/erasmus-3-150x150.png",150,150,true],"medium":["https:\/\/site.educa.madrid.org\/cp.principesdeasturias.pozuelodealarcon\/\/wp-content\/uploads\/cp.principesdeasturias.pozuelodealarcon\/2025\/03\/erasmus-3-300x143.png",300,143,true],"large":["https:\/\/site.educa.madrid.org\/cp.principesdeasturias.pozuelodealarcon\/\/wp-content\/uploads\/cp.principesdeasturias.pozuelodealarcon\/2025\/03\/erasmus-3.png",642,307,false],"thumblist":["https:\/\/site.educa.madrid.org\/cp.principesdeasturias.pozuelodealarcon\/\/wp-content\/uploads\/cp.principesdeasturias.pozuelodealarcon\/2025\/03\/erasmus-3-300x300.png",300,300,true],"thumbrelated":["https:\/\/site.educa.madrid.org\/cp.principesdeasturias.pozuelodealarcon\/\/wp-content\/uploads\/cp.principesdeasturias.pozuelodealarcon\/2025\/03\/erasmus-3-500x307.png",500,307,true],"meccarouselthumb":["https:\/\/site.educa.madrid.org\/cp.principesdeasturias.pozuelodealarcon\/\/wp-content\/uploads\/cp.principesdeasturias.pozuelodealarcon\/2025\/03\/erasmus-3-474x307.png",474,307,true],"gridsquare":["https:\/\/site.educa.madrid.org\/cp.principesdeasturias.pozuelodealarcon\/\/wp-content\/uploads\/cp.principesdeasturias.pozuelodealarcon\/2025\/03\/erasmus-3-391x260.png",391,260,true],"tileview":["https:\/\/site.educa.madrid.org\/cp.principesdeasturias.pozuelodealarcon\/\/wp-content\/uploads\/cp.principesdeasturias.pozuelodealarcon\/2025\/03\/erasmus-3-300x307.png",300,307,true],"1536x1536":["https:\/\/site.educa.madrid.org\/cp.principesdeasturias.pozuelodealarcon\/\/wp-content\/uploads\/cp.principesdeasturias.pozuelodealarcon\/2025\/03\/erasmus-3.png",642,307,false],"2048x2048":["https:\/\/site.educa.madrid.org\/cp.principesdeasturias.pozuelodealarcon\/\/wp-content\/uploads\/cp.principesdeasturias.pozuelodealarcon\/2025\/03\/erasmus-3.png",642,307,false],"sow-carousel-default":["https:\/\/site.educa.madrid.org\/cp.principesdeasturias.pozuelodealarcon\/\/wp-content\/uploads\/cp.principesdeasturias.pozuelodealarcon\/2025\/03\/erasmus-3-272x182.png",272,182,true],"sow-post-carousel-overlay-theme":["https:\/\/site.educa.madrid.org\/cp.principesdeasturias.pozuelodealarcon\/\/wp-content\/uploads\/cp.principesdeasturias.pozuelodealarcon\/2025\/03\/erasmus-3.png",360,172,false],"sow-post-carousel-cards-theme":["https:\/\/site.educa.madrid.org\/cp.principesdeasturias.pozuelodealarcon\/\/wp-content\/uploads\/cp.principesdeasturias.pozuelodealarcon\/2025\/03\/erasmus-3.png",360,172,false],"rt_custom":["https:\/\/site.educa.madrid.org\/cp.principesdeasturias.pozuelodealarcon\/\/wp-content\/uploads\/cp.principesdeasturias.pozuelodealarcon\/2025\/03\/erasmus-3.png",642,307,false]},"rttpg_author":{"display_name":"tic.cp.principesdeasturias.pozuelodealarcon","author_link":"https:\/\/site.educa.madrid.org\/cp.principesdeasturias.pozuelodealarcon\/index.php\/author\/cuenta_tic-cp-principesdeasturias-pozuelodealarcon\/"},"rttpg_comment":0,"rttpg_category":"<a href=\"https:\/\/site.educa.madrid.org\/cp.principesdeasturias.pozuelodealarcon\/index.php\/category\/sin-categoria\/\" rel=\"category tag\">Sin categor\u00eda<\/a>","rttpg_excerpt":"Del 8 al 12 de abril hemos recibido la visita de alumnos y profesores de los centros con los que estamos desarrollando en estos a\u00f1os el proyecto ERASMUS + \u00abSTRENGTHS OF STUDENTS -SOS as a peacemakers\u00bb Nos han acompa\u00f1ado alumnos Italia, Portugal y Grecia que han estado alojados en casa de los que ya hicieronLeer&hellip;","post_mailing_queue_ids":[],"_links":{"self":[{"href":"https:\/\/site.educa.madrid.org\/cp.principesdeasturias.pozuelodealarcon\/index.php\/wp-json\/wp\/v2\/posts\/1752","targetHints":{"allow":["GET"]}}],"collection":[{"href":"https:\/\/site.educa.madrid.org\/cp.principesdeasturias.pozuelodealarcon\/index.php\/wp-json\/wp\/v2\/posts"}],"about":[{"href":"https:\/\/site.educa.madrid.org\/cp.principesdeasturias.pozuelodealarcon\/index.php\/wp-json\/wp\/v2\/types\/post"}],"author":[{"embeddable":true,"href":"https:\/\/site.educa.madrid.org\/cp.principesdeasturias.pozuelodealarcon\/index.php\/wp-json\/wp\/v2\/users\/2"}],"replies":[{"embeddable":true,"href":"https:\/\/site.educa.madrid.org\/cp.principesdeasturias.pozuelodealarcon\/index.php\/wp-json\/wp\/v2\/comments?post=1752"}],"version-history":[{"count":1,"href":"https:\/\/site.educa.madrid.org\/cp.principesdeasturias.pozuelodealarcon\/index.php\/wp-json\/wp\/v2\/posts\/1752\/revisions"}],"predecessor-version":[{"id":1754,"href":"https:\/\/site.educa.madrid.org\/cp.principesdeasturias.pozuelodealarcon\/index.php\/wp-json\/wp\/v2\/posts\/1752\/revisions\/1754"}],"wp:featuredmedia":[{"embeddable":true,"href":"https:\/\/site.educa.madrid.org\/cp.principesdeasturias.pozuelodealarcon\/index.php\/wp-json\/wp\/v2\/media\/1753"}],"wp:attachment":[{"href":"https:\/\/site.educa.madrid.org\/cp.principesdeasturias.pozuelodealarcon\/index.php\/wp-json\/wp\/v2\/media?parent=1752"}],"wp:term":[{"taxonomy":"category","embeddable":true,"href":"https:\/\/site.educa.madrid.org\/cp.principesdeasturias.pozuelodealarcon\/index.php\/wp-json\/wp\/v2\/categories?post=1752"},{"taxonomy":"post_tag","embeddable":true,"href":"https:\/\/site.educa.madrid.org\/cp.principesdeasturias.pozuelodealarcon\/index.php\/wp-json\/wp\/v2\/tags?post=1752"},{"taxonomy":"post_folder","embeddable":true,"href":"https:\/\/site.educa.madrid.org\/cp.principesdeasturias.pozuelodealarcon\/index.php\/wp-json\/wp\/v2\/post_folder?post=1752"}],"curies":[{"name":"wp","href":"https:\/\/api.w.org\/{rel}","templated":true}]}}