{"id":1766,"date":"2025-03-24T01:38:52","date_gmt":"2025-03-24T00:38:52","guid":{"rendered":"https:\/\/site.educa.madrid.org\/cp.principesdeasturias.pozuelodealarcon\/?p=1766"},"modified":"2025-07-04T12:55:18","modified_gmt":"2025-07-04T10:55:18","slug":"arranca-codigo-escuela-4-0","status":"publish","type":"post","link":"https:\/\/site.educa.madrid.org\/cp.principesdeasturias.pozuelodealarcon\/index.php\/2025\/03\/24\/arranca-codigo-escuela-4-0\/","title":{"rendered":"Arranca el programa C\u00f3digo 4.0"},"content":{"rendered":"\n<p><span style=\"font-weight: 400;\">En el mes de octubre de 2024 se inici\u00f3 el <\/span><span style=\"color: #ff0000;\"><b>PROGRAMA C\u00d3DIGO ESCUELA 4.0<\/b><\/span><span style=\"font-weight: 400;\"> en el que est\u00e1 participando nuestro colegio. Se va a desarrollar los pr\u00f3ximos dos cursos escolares.<\/span><\/p>\n\n\n\n<p><span style=\"font-weight: 400;\">Los objetivos principales del programa son:<\/span><\/p>\n\n\n\n<ul class=\"wp-block-list\">\n<li><b>Mejorar<\/b><span style=\"font-weight: 400;\"> las competencias digitales del alumnado, especialmente las referidas al pensamiento computacional y a la programaci\u00f3n.<\/span><\/li>\n\n\n\n<li><b>Implementar<\/b><span style=\"font-weight: 400;\"> competencias digitales en el aula, a trav\u00e9s de la formaci\u00f3n del profesorado, de su acompa\u00f1amiento y de la elaboraci\u00f3n de recursos educativos digitales.<\/span><\/li>\n\n\n\n<li><b>Dotar<\/b><span style=\"font-weight: 400;\"> a los centros educativos del equipamiento necesario para desarrollar las competencias digitales del alumnado.<\/span><\/li>\n<\/ul>\n\n\n\n<p><span style=\"font-weight: 400;\">Para la etapa educativa de <\/span><b>Educaci\u00f3n Secundaria<\/b><span style=\"font-weight: 400;\"> el enfoque del Programa se centrar\u00e1 en el <\/span><i><span style=\"font-weight: 400;\">desarrollo y mejora de la alfabetizaci\u00f3n digital, en el tratamiento de informaci\u00f3n y datos y la toma de decisiones en funci\u00f3n de \u00e9stos (Inteligencia Artificial), en la creaci\u00f3n de contenidos digitales (incluida la programaci\u00f3n), en la seguridad (incluida la ciberseguridad) y en la resoluci\u00f3n de problemas o el pensamiento anal\u00edtico y cr\u00edtico, alentando a los alumnos\/as a asumir un papel protagonista en el emprendimiento y la innovaci\u00f3n.<\/span><\/i><\/p>\n\n\n\n<p><span style=\"font-weight: 400;\">El material para esta etapa educativa puede incluir, entre otros, las placas programables, los<\/span><span style=\"font-weight: 400;\"><br><\/span><span style=\"font-weight: 400;\">kits de rob\u00f3tica educativa global o de malet\u00edn, los microordenadores, robots y otros perif\u00e9ricos tecnol\u00f3gicos.<\/span><\/p>\n\n\n\n<p><span style=\"font-weight: 400;\">Durante todo este proceso, el centro educativo contar\u00e1 con el apoyo de un mentor\/a de Rob\u00f3tica, quien ayudar\u00e1 a organizar, formar y compartir con el equipo docente de su centro,<\/span><span style=\"font-weight: 400;\">recursos y estrategias metodol\u00f3gicas para llevar a cabo este gran reto, en continua coordinaci\u00f3n con el coordinador\/a de Rob\u00f3tica designado en su centro educativo.<\/span><\/p>\n\n\n\n<p><b>Actividades<\/b><b><br><\/b><span style=\"font-weight: 400;\">La primera actividad participativa, ya que incluye a todas las etapas, ha sido la conmemoraci\u00f3n de dos fiestas: la Hispanidad (12 de octubre) ;y la Constituci\u00f3n Espa\u00f1ola (6 de diciembre).<\/span><\/p>\n\n\n\n<p><span style=\"font-weight: 400;\">Nuestro colegio ha generado un sinf\u00edn de actividades (muchas de ellas siguiendo las propuestas de los responsables del programa) lo que ha supuesto un enriquecimiento y aprendizaje significativo muy interesante.<\/span><\/p>\n\n\n\n<p><span style=\"font-weight: 400;\">Os dejamos los v\u00eddeos para que ve\u00e1is, como es costumbre, algunos ejemplos:<\/span><\/p>\n\n\n\n<p><\/p>\n\n\n\n<figure class=\"wp-block-video\"><video controls src=\"https:\/\/site.educa.madrid.org\/cp.principesdeasturias.pozuelodealarcon\/\/wp-content\/uploads\/cp.principesdeasturias.pozuelodealarcon\/2025\/03\/FIESTA-DE-LA-HISPANIDAD-ESCUELA-CODIGO-4.0.mp4\"><\/video><\/figure>\n","protected":false},"excerpt":{"rendered":"<p>En el mes de octubre de 2024 se inici\u00f3 el PROGRAMA C\u00d3DIGO ESCUELA 4.0 en el que est\u00e1 participando nuestro colegio. Se va a desarrollar los pr\u00f3ximos dos cursos escolares. Los objetivos principales del programa son: Para la etapa educativa de Educaci\u00f3n Secundaria el enfoque del Programa se centrar\u00e1 en el desarrollo y mejora de<\/p><\/div>\n<div class=\"blog-btn\"><a href=\"https:\/\/site.educa.madrid.org\/cp.principesdeasturias.pozuelodealarcon\/index.php\/2025\/03\/24\/arranca-codigo-escuela-4-0\/\" class=\"home-blog-btn\">Leer m\u00e1s<\/a><\/p>\n","protected":false},"author":2,"featured_media":1767,"comment_status":"open","ping_status":"open","sticky":false,"template":"","format":"standard","meta":{"footnotes":""},"categories":[1],"tags":[],"post_folder":[],"class_list":["post-1766","post","type-post","status-publish","format-standard","has-post-thumbnail","hentry","category-sin-categoria"],"rttpg_featured_image_url":{"full":["https:\/\/site.educa.madrid.org\/cp.principesdeasturias.pozuelodealarcon\/\/wp-content\/uploads\/cp.principesdeasturias.pozuelodealarcon\/2025\/03\/4.0.png",642,329,false],"landscape":["https:\/\/site.educa.madrid.org\/cp.principesdeasturias.pozuelodealarcon\/\/wp-content\/uploads\/cp.principesdeasturias.pozuelodealarcon\/2025\/03\/4.0.png",642,329,false],"portraits":["https:\/\/site.educa.madrid.org\/cp.principesdeasturias.pozuelodealarcon\/\/wp-content\/uploads\/cp.principesdeasturias.pozuelodealarcon\/2025\/03\/4.0.png",642,329,false],"thumbnail":["https:\/\/site.educa.madrid.org\/cp.principesdeasturias.pozuelodealarcon\/\/wp-content\/uploads\/cp.principesdeasturias.pozuelodealarcon\/2025\/03\/4.0-150x150.png",150,150,true],"medium":["https:\/\/site.educa.madrid.org\/cp.principesdeasturias.pozuelodealarcon\/\/wp-content\/uploads\/cp.principesdeasturias.pozuelodealarcon\/2025\/03\/4.0-300x154.png",300,154,true],"large":["https:\/\/site.educa.madrid.org\/cp.principesdeasturias.pozuelodealarcon\/\/wp-content\/uploads\/cp.principesdeasturias.pozuelodealarcon\/2025\/03\/4.0.png",642,329,false],"thumblist":["https:\/\/site.educa.madrid.org\/cp.principesdeasturias.pozuelodealarcon\/\/wp-content\/uploads\/cp.principesdeasturias.pozuelodealarcon\/2025\/03\/4.0-300x300.png",300,300,true],"thumbrelated":["https:\/\/site.educa.madrid.org\/cp.principesdeasturias.pozuelodealarcon\/\/wp-content\/uploads\/cp.principesdeasturias.pozuelodealarcon\/2025\/03\/4.0-500x329.png",500,329,true],"meccarouselthumb":["https:\/\/site.educa.madrid.org\/cp.principesdeasturias.pozuelodealarcon\/\/wp-content\/uploads\/cp.principesdeasturias.pozuelodealarcon\/2025\/03\/4.0-474x324.png",474,324,true],"gridsquare":["https:\/\/site.educa.madrid.org\/cp.principesdeasturias.pozuelodealarcon\/\/wp-content\/uploads\/cp.principesdeasturias.pozuelodealarcon\/2025\/03\/4.0-391x260.png",391,260,true],"tileview":["https:\/\/site.educa.madrid.org\/cp.principesdeasturias.pozuelodealarcon\/\/wp-content\/uploads\/cp.principesdeasturias.pozuelodealarcon\/2025\/03\/4.0-300x329.png",300,329,true],"1536x1536":["https:\/\/site.educa.madrid.org\/cp.principesdeasturias.pozuelodealarcon\/\/wp-content\/uploads\/cp.principesdeasturias.pozuelodealarcon\/2025\/03\/4.0.png",642,329,false],"2048x2048":["https:\/\/site.educa.madrid.org\/cp.principesdeasturias.pozuelodealarcon\/\/wp-content\/uploads\/cp.principesdeasturias.pozuelodealarcon\/2025\/03\/4.0.png",642,329,false],"sow-carousel-default":["https:\/\/site.educa.madrid.org\/cp.principesdeasturias.pozuelodealarcon\/\/wp-content\/uploads\/cp.principesdeasturias.pozuelodealarcon\/2025\/03\/4.0-272x182.png",272,182,true],"sow-post-carousel-overlay-theme":["https:\/\/site.educa.madrid.org\/cp.principesdeasturias.pozuelodealarcon\/\/wp-content\/uploads\/cp.principesdeasturias.pozuelodealarcon\/2025\/03\/4.0.png",360,184,false],"sow-post-carousel-cards-theme":["https:\/\/site.educa.madrid.org\/cp.principesdeasturias.pozuelodealarcon\/\/wp-content\/uploads\/cp.principesdeasturias.pozuelodealarcon\/2025\/03\/4.0.png",360,184,false],"rt_custom":["https:\/\/site.educa.madrid.org\/cp.principesdeasturias.pozuelodealarcon\/\/wp-content\/uploads\/cp.principesdeasturias.pozuelodealarcon\/2025\/03\/4.0.png",642,329,false]},"rttpg_author":{"display_name":"tic.cp.principesdeasturias.pozuelodealarcon","author_link":"https:\/\/site.educa.madrid.org\/cp.principesdeasturias.pozuelodealarcon\/index.php\/author\/cuenta_tic-cp-principesdeasturias-pozuelodealarcon\/"},"rttpg_comment":0,"rttpg_category":"<a href=\"https:\/\/site.educa.madrid.org\/cp.principesdeasturias.pozuelodealarcon\/index.php\/category\/sin-categoria\/\" rel=\"category tag\">Sin categor\u00eda<\/a>","rttpg_excerpt":"En el mes de octubre de 2024 se inici\u00f3 el PROGRAMA C\u00d3DIGO ESCUELA 4.0 en el que est\u00e1 participando nuestro colegio. Se va a desarrollar los pr\u00f3ximos dos cursos escolares. Los objetivos principales del programa son: Para la etapa educativa de Educaci\u00f3n Secundaria el enfoque del Programa se centrar\u00e1 en el desarrollo y mejora deLeer&hellip;","post_mailing_queue_ids":[],"_links":{"self":[{"href":"https:\/\/site.educa.madrid.org\/cp.principesdeasturias.pozuelodealarcon\/index.php\/wp-json\/wp\/v2\/posts\/1766","targetHints":{"allow":["GET"]}}],"collection":[{"href":"https:\/\/site.educa.madrid.org\/cp.principesdeasturias.pozuelodealarcon\/index.php\/wp-json\/wp\/v2\/posts"}],"about":[{"href":"https:\/\/site.educa.madrid.org\/cp.principesdeasturias.pozuelodealarcon\/index.php\/wp-json\/wp\/v2\/types\/post"}],"author":[{"embeddable":true,"href":"https:\/\/site.educa.madrid.org\/cp.principesdeasturias.pozuelodealarcon\/index.php\/wp-json\/wp\/v2\/users\/2"}],"replies":[{"embeddable":true,"href":"https:\/\/site.educa.madrid.org\/cp.principesdeasturias.pozuelodealarcon\/index.php\/wp-json\/wp\/v2\/comments?post=1766"}],"version-history":[{"count":6,"href":"https:\/\/site.educa.madrid.org\/cp.principesdeasturias.pozuelodealarcon\/index.php\/wp-json\/wp\/v2\/posts\/1766\/revisions"}],"predecessor-version":[{"id":1872,"href":"https:\/\/site.educa.madrid.org\/cp.principesdeasturias.pozuelodealarcon\/index.php\/wp-json\/wp\/v2\/posts\/1766\/revisions\/1872"}],"wp:featuredmedia":[{"embeddable":true,"href":"https:\/\/site.educa.madrid.org\/cp.principesdeasturias.pozuelodealarcon\/index.php\/wp-json\/wp\/v2\/media\/1767"}],"wp:attachment":[{"href":"https:\/\/site.educa.madrid.org\/cp.principesdeasturias.pozuelodealarcon\/index.php\/wp-json\/wp\/v2\/media?parent=1766"}],"wp:term":[{"taxonomy":"category","embeddable":true,"href":"https:\/\/site.educa.madrid.org\/cp.principesdeasturias.pozuelodealarcon\/index.php\/wp-json\/wp\/v2\/categories?post=1766"},{"taxonomy":"post_tag","embeddable":true,"href":"https:\/\/site.educa.madrid.org\/cp.principesdeasturias.pozuelodealarcon\/index.php\/wp-json\/wp\/v2\/tags?post=1766"},{"taxonomy":"post_folder","embeddable":true,"href":"https:\/\/site.educa.madrid.org\/cp.principesdeasturias.pozuelodealarcon\/index.php\/wp-json\/wp\/v2\/post_folder?post=1766"}],"curies":[{"name":"wp","href":"https:\/\/api.w.org\/{rel}","templated":true}]}}