{"id":2061,"date":"2025-10-19T23:14:26","date_gmt":"2025-10-19T21:14:26","guid":{"rendered":"https:\/\/site.educa.madrid.org\/cp.principesdeasturias.pozuelodealarcon\/?p=2061"},"modified":"2025-10-29T08:10:32","modified_gmt":"2025-10-29T07:10:32","slug":"elecciones-al-consejo-escolar","status":"publish","type":"post","link":"https:\/\/site.educa.madrid.org\/cp.principesdeasturias.pozuelodealarcon\/index.php\/2025\/10\/19\/elecciones-al-consejo-escolar\/","title":{"rendered":"Elecciones al Consejo Escolar"},"content":{"rendered":"<h3 style=\"text-align: center;\">Elecciones al Consejo Escolar 2025<\/h3>\n<p style=\"text-align: center;\"><span class=\"\">De acuerdo con la normativa vigente, el centro convoca elecciones para renovar parte del\u00a0<\/span><strong>Consejo Escolar<\/strong><span class=\"\">, \u00f3rgano que representa a toda la comunidad educativa. En esta ocasi\u00f3n se renovar\u00e1n\u00a0<\/span><strong>dos representantes de las familias<\/strong><span class=\"\">\u00a0(uno por votaci\u00f3n y otro designado por el AMPA). La\u00a0<\/span><strong>Junta Electoral<\/strong><span class=\"\">, formada por miembros de cada sector, organizar\u00e1 el proceso durante el\u00a0<\/span><strong>mes de noviembre<\/strong><span class=\"\">. \u00a1Animamos a todas las familias a participar y ejercer su derecho al voto!\u00a0<\/span>M\u00e1s informaci\u00f3n en el tabl\u00f3n de anuncios de Ra\u00edces-Roble.<\/p>\n","protected":false},"excerpt":{"rendered":"<p>Elecciones al Consejo Escolar 2025 De acuerdo con la normativa vigente, el centro convoca elecciones para renovar parte del\u00a0Consejo Escolar, \u00f3rgano que representa a toda la comunidad educativa. En esta ocasi\u00f3n se renovar\u00e1n\u00a0dos representantes de las familias\u00a0(uno por votaci\u00f3n y otro designado por el AMPA). La\u00a0Junta Electoral, formada por miembros de cada sector, organizar\u00e1 el<\/p><\/div>\n<div class=\"blog-btn\"><a href=\"https:\/\/site.educa.madrid.org\/cp.principesdeasturias.pozuelodealarcon\/index.php\/2025\/10\/19\/elecciones-al-consejo-escolar\/\" class=\"home-blog-btn\">Leer m\u00e1s<\/a><\/p>\n","protected":false},"author":7,"featured_media":2062,"comment_status":"open","ping_status":"open","sticky":false,"template":"","format":"standard","meta":{"footnotes":""},"categories":[1],"tags":[],"post_folder":[],"class_list":["post-2061","post","type-post","status-publish","format-standard","has-post-thumbnail","hentry","category-sin-categoria"],"rttpg_featured_image_url":{"full":["https:\/\/site.educa.madrid.org\/cp.principesdeasturias.pozuelodealarcon\/\/wp-content\/uploads\/cp.principesdeasturias.pozuelodealarcon\/2025\/10\/ELECCIONES-1920w.png",750,497,false],"landscape":["https:\/\/site.educa.madrid.org\/cp.principesdeasturias.pozuelodealarcon\/\/wp-content\/uploads\/cp.principesdeasturias.pozuelodealarcon\/2025\/10\/ELECCIONES-1920w.png",750,497,false],"portraits":["https:\/\/site.educa.madrid.org\/cp.principesdeasturias.pozuelodealarcon\/\/wp-content\/uploads\/cp.principesdeasturias.pozuelodealarcon\/2025\/10\/ELECCIONES-1920w.png",750,497,false],"thumbnail":["https:\/\/site.educa.madrid.org\/cp.principesdeasturias.pozuelodealarcon\/\/wp-content\/uploads\/cp.principesdeasturias.pozuelodealarcon\/2025\/10\/ELECCIONES-1920w-150x150.png",150,150,true],"medium":["https:\/\/site.educa.madrid.org\/cp.principesdeasturias.pozuelodealarcon\/\/wp-content\/uploads\/cp.principesdeasturias.pozuelodealarcon\/2025\/10\/ELECCIONES-1920w-300x199.png",300,199,true],"large":["https:\/\/site.educa.madrid.org\/cp.principesdeasturias.pozuelodealarcon\/\/wp-content\/uploads\/cp.principesdeasturias.pozuelodealarcon\/2025\/10\/ELECCIONES-1920w.png",696,461,false],"thumblist":["https:\/\/site.educa.madrid.org\/cp.principesdeasturias.pozuelodealarcon\/\/wp-content\/uploads\/cp.principesdeasturias.pozuelodealarcon\/2025\/10\/ELECCIONES-1920w-300x300.png",300,300,true],"thumbrelated":["https:\/\/site.educa.madrid.org\/cp.principesdeasturias.pozuelodealarcon\/\/wp-content\/uploads\/cp.principesdeasturias.pozuelodealarcon\/2025\/10\/ELECCIONES-1920w-500x497.png",500,497,true],"meccarouselthumb":["https:\/\/site.educa.madrid.org\/cp.principesdeasturias.pozuelodealarcon\/\/wp-content\/uploads\/cp.principesdeasturias.pozuelodealarcon\/2025\/10\/ELECCIONES-1920w-474x324.png",474,324,true],"gridsquare":["https:\/\/site.educa.madrid.org\/cp.principesdeasturias.pozuelodealarcon\/\/wp-content\/uploads\/cp.principesdeasturias.pozuelodealarcon\/2025\/10\/ELECCIONES-1920w-391x260.png",391,260,true],"tileview":["https:\/\/site.educa.madrid.org\/cp.principesdeasturias.pozuelodealarcon\/\/wp-content\/uploads\/cp.principesdeasturias.pozuelodealarcon\/2025\/10\/ELECCIONES-1920w-300x400.png",300,400,true],"1536x1536":["https:\/\/site.educa.madrid.org\/cp.principesdeasturias.pozuelodealarcon\/\/wp-content\/uploads\/cp.principesdeasturias.pozuelodealarcon\/2025\/10\/ELECCIONES-1920w.png",750,497,false],"2048x2048":["https:\/\/site.educa.madrid.org\/cp.principesdeasturias.pozuelodealarcon\/\/wp-content\/uploads\/cp.principesdeasturias.pozuelodealarcon\/2025\/10\/ELECCIONES-1920w.png",750,497,false],"sow-carousel-default":["https:\/\/site.educa.madrid.org\/cp.principesdeasturias.pozuelodealarcon\/\/wp-content\/uploads\/cp.principesdeasturias.pozuelodealarcon\/2025\/10\/ELECCIONES-1920w-272x182.png",272,182,true],"sow-post-carousel-overlay-theme":["https:\/\/site.educa.madrid.org\/cp.principesdeasturias.pozuelodealarcon\/\/wp-content\/uploads\/cp.principesdeasturias.pozuelodealarcon\/2025\/10\/ELECCIONES-1920w.png",360,239,false],"sow-post-carousel-cards-theme":["https:\/\/site.educa.madrid.org\/cp.principesdeasturias.pozuelodealarcon\/\/wp-content\/uploads\/cp.principesdeasturias.pozuelodealarcon\/2025\/10\/ELECCIONES-1920w.png",360,240,false],"rt_custom":["https:\/\/site.educa.madrid.org\/cp.principesdeasturias.pozuelodealarcon\/\/wp-content\/uploads\/cp.principesdeasturias.pozuelodealarcon\/2025\/10\/ELECCIONES-1920w.png",750,497,false]},"rttpg_author":{"display_name":"Jes\u00fas Alvaro Rivilla","author_link":"https:\/\/site.educa.madrid.org\/cp.principesdeasturias.pozuelodealarcon\/index.php\/author\/jess_alvaro-rivilla\/"},"rttpg_comment":0,"rttpg_category":"<a href=\"https:\/\/site.educa.madrid.org\/cp.principesdeasturias.pozuelodealarcon\/index.php\/category\/sin-categoria\/\" rel=\"category tag\">Sin categor\u00eda<\/a>","rttpg_excerpt":"Elecciones al Consejo Escolar 2025 De acuerdo con la normativa vigente, el centro convoca elecciones para renovar parte del\u00a0Consejo Escolar, \u00f3rgano que representa a toda la comunidad educativa. En esta ocasi\u00f3n se renovar\u00e1n\u00a0dos representantes de las familias\u00a0(uno por votaci\u00f3n y otro designado por el AMPA). La\u00a0Junta Electoral, formada por miembros de cada sector, organizar\u00e1 elLeer&hellip;","post_mailing_queue_ids":[],"_links":{"self":[{"href":"https:\/\/site.educa.madrid.org\/cp.principesdeasturias.pozuelodealarcon\/index.php\/wp-json\/wp\/v2\/posts\/2061","targetHints":{"allow":["GET"]}}],"collection":[{"href":"https:\/\/site.educa.madrid.org\/cp.principesdeasturias.pozuelodealarcon\/index.php\/wp-json\/wp\/v2\/posts"}],"about":[{"href":"https:\/\/site.educa.madrid.org\/cp.principesdeasturias.pozuelodealarcon\/index.php\/wp-json\/wp\/v2\/types\/post"}],"author":[{"embeddable":true,"href":"https:\/\/site.educa.madrid.org\/cp.principesdeasturias.pozuelodealarcon\/index.php\/wp-json\/wp\/v2\/users\/7"}],"replies":[{"embeddable":true,"href":"https:\/\/site.educa.madrid.org\/cp.principesdeasturias.pozuelodealarcon\/index.php\/wp-json\/wp\/v2\/comments?post=2061"}],"version-history":[{"count":3,"href":"https:\/\/site.educa.madrid.org\/cp.principesdeasturias.pozuelodealarcon\/index.php\/wp-json\/wp\/v2\/posts\/2061\/revisions"}],"predecessor-version":[{"id":2081,"href":"https:\/\/site.educa.madrid.org\/cp.principesdeasturias.pozuelodealarcon\/index.php\/wp-json\/wp\/v2\/posts\/2061\/revisions\/2081"}],"wp:featuredmedia":[{"embeddable":true,"href":"https:\/\/site.educa.madrid.org\/cp.principesdeasturias.pozuelodealarcon\/index.php\/wp-json\/wp\/v2\/media\/2062"}],"wp:attachment":[{"href":"https:\/\/site.educa.madrid.org\/cp.principesdeasturias.pozuelodealarcon\/index.php\/wp-json\/wp\/v2\/media?parent=2061"}],"wp:term":[{"taxonomy":"category","embeddable":true,"href":"https:\/\/site.educa.madrid.org\/cp.principesdeasturias.pozuelodealarcon\/index.php\/wp-json\/wp\/v2\/categories?post=2061"},{"taxonomy":"post_tag","embeddable":true,"href":"https:\/\/site.educa.madrid.org\/cp.principesdeasturias.pozuelodealarcon\/index.php\/wp-json\/wp\/v2\/tags?post=2061"},{"taxonomy":"post_folder","embeddable":true,"href":"https:\/\/site.educa.madrid.org\/cp.principesdeasturias.pozuelodealarcon\/index.php\/wp-json\/wp\/v2\/post_folder?post=2061"}],"curies":[{"name":"wp","href":"https:\/\/api.w.org\/{rel}","templated":true}]}}