{"id":2102,"date":"2025-11-05T23:39:44","date_gmt":"2025-11-05T22:39:44","guid":{"rendered":"https:\/\/site.educa.madrid.org\/cp.principesdeasturias.pozuelodealarcon\/?p=2102"},"modified":"2025-11-06T14:24:10","modified_gmt":"2025-11-06T13:24:10","slug":"padrinos-y-ahijados","status":"publish","type":"post","link":"https:\/\/site.educa.madrid.org\/cp.principesdeasturias.pozuelodealarcon\/index.php\/2025\/11\/05\/padrinos-y-ahijados\/","title":{"rendered":"Padrinos y ahijados"},"content":{"rendered":"\n<p class=\"has-text-align-center\">&nbsp;<\/p>\n\n\n\n<p>Durante este mes de octubre, se ha producido la primera de muchas visitas que compartiremos a lo largo del curso. Ver c\u00f3mo se construye el v\u00ednculo entre estas dos generaciones de alumnos es simplemente m\u00e1gico: es incre\u00edble c\u00f3mo <strong>cuidar de los dem\u00e1s<\/strong> y <strong>sentirse mayor<\/strong> son dos sensaciones que nos hacen sentir bien a todos. Desde cuentos compartidos hasta juegos sencillos, estos encuentros nutren las habilidades sociales de forma natural. La aventura culminar\u00e1 con su graduaci\u00f3n conjunta el pr\u00f3ximo mes de junio, un hito que simboliza perfectamente nuestra <strong>continuidad educativa<\/strong> de <strong>Infantil a Secundaria<\/strong>.<\/p>\n\n\n\n<div style=\"position: relative; width: 100%; height: 0; padding-top: 70.0000%;\n padding-bottom: 0; box-shadow: 0 2px 8px 0 rgba(63,69,81,0.16); margin-top: 1.6em; margin-bottom: 0.9em; overflow: hidden;\n border-radius: 8px; will-change: transform;\">\n  <iframe loading=\"lazy\" style=\"position: absolute; width: 80%; height: 80%; top: 0; left: 0; border: none; padding: 0;margin: 0;\"\n    src=\"https:\/\/www.canva.com\/design\/DAG33_S9Pdw\/hSr29CcJexXfGSHxl4aFLw\/watch?embed\" allowfullscreen=\"allowfullscreen\" allow=\"fullscreen\">\n  <\/iframe>\n<\/div>\n<a href=\"https:&#x2F;&#x2F;www.canva.com&#x2F;design&#x2F;DAG33_S9Pdw&#x2F;hSr29CcJexXfGSHxl4aFLw&#x2F;watch?utm_content=DAG33_S9Pdw&amp;utm_campaign=designshare&amp;utm_medium=embeds&amp;utm_source=link\" target=\"_blank\" rel=\"noopener\">\n","protected":false},"excerpt":{"rendered":"<p>&nbsp; Durante este mes de octubre, se ha producido la primera de muchas visitas que compartiremos a lo largo del curso. Ver c\u00f3mo se construye el v\u00ednculo entre estas dos generaciones de alumnos es simplemente m\u00e1gico: es incre\u00edble c\u00f3mo cuidar de los dem\u00e1s y sentirse mayor son dos sensaciones que nos hacen sentir bien a<\/p><\/div>\n<div class=\"blog-btn\"><a href=\"https:\/\/site.educa.madrid.org\/cp.principesdeasturias.pozuelodealarcon\/index.php\/2025\/11\/05\/padrinos-y-ahijados\/\" class=\"home-blog-btn\">Leer m\u00e1s<\/a><\/p>\n","protected":false},"author":7,"featured_media":2108,"comment_status":"open","ping_status":"open","sticky":false,"template":"","format":"standard","meta":{"footnotes":""},"categories":[1],"tags":[],"post_folder":[],"class_list":["post-2102","post","type-post","status-publish","format-standard","has-post-thumbnail","hentry","category-sin-categoria"],"rttpg_featured_image_url":{"full":["https:\/\/site.educa.madrid.org\/cp.principesdeasturias.pozuelodealarcon\/\/wp-content\/uploads\/cp.principesdeasturias.pozuelodealarcon\/2025\/11\/IMG-20251030-WA0011-e1762382498825.jpg",2048,1536,false],"landscape":["https:\/\/site.educa.madrid.org\/cp.principesdeasturias.pozuelodealarcon\/\/wp-content\/uploads\/cp.principesdeasturias.pozuelodealarcon\/2025\/11\/IMG-20251030-WA0011-e1762382498825.jpg",2048,1536,false],"portraits":["https:\/\/site.educa.madrid.org\/cp.principesdeasturias.pozuelodealarcon\/\/wp-content\/uploads\/cp.principesdeasturias.pozuelodealarcon\/2025\/11\/IMG-20251030-WA0011-e1762382498825.jpg",2048,1536,false],"thumbnail":["https:\/\/site.educa.madrid.org\/cp.principesdeasturias.pozuelodealarcon\/\/wp-content\/uploads\/cp.principesdeasturias.pozuelodealarcon\/2025\/11\/IMG-20251030-WA0011-e1762382498825-150x150.jpg",150,150,true],"medium":["https:\/\/site.educa.madrid.org\/cp.principesdeasturias.pozuelodealarcon\/\/wp-content\/uploads\/cp.principesdeasturias.pozuelodealarcon\/2025\/11\/IMG-20251030-WA0011-e1762382498825-300x225.jpg",300,225,true],"large":["https:\/\/site.educa.madrid.org\/cp.principesdeasturias.pozuelodealarcon\/\/wp-content\/uploads\/cp.principesdeasturias.pozuelodealarcon\/2025\/11\/IMG-20251030-WA0011-e1762382498825-1024x768.jpg",696,522,true],"thumblist":["https:\/\/site.educa.madrid.org\/cp.principesdeasturias.pozuelodealarcon\/\/wp-content\/uploads\/cp.principesdeasturias.pozuelodealarcon\/2025\/11\/IMG-20251030-WA0011-e1762382498825-300x300.jpg",300,300,true],"thumbrelated":["https:\/\/site.educa.madrid.org\/cp.principesdeasturias.pozuelodealarcon\/\/wp-content\/uploads\/cp.principesdeasturias.pozuelodealarcon\/2025\/11\/IMG-20251030-WA0011-e1762382498825-500x500.jpg",500,500,true],"meccarouselthumb":["https:\/\/site.educa.madrid.org\/cp.principesdeasturias.pozuelodealarcon\/\/wp-content\/uploads\/cp.principesdeasturias.pozuelodealarcon\/2025\/11\/IMG-20251030-WA0011-e1762382498825-474x324.jpg",474,324,true],"gridsquare":["https:\/\/site.educa.madrid.org\/cp.principesdeasturias.pozuelodealarcon\/\/wp-content\/uploads\/cp.principesdeasturias.pozuelodealarcon\/2025\/11\/IMG-20251030-WA0011-e1762382498825-391x260.jpg",391,260,true],"tileview":["https:\/\/site.educa.madrid.org\/cp.principesdeasturias.pozuelodealarcon\/\/wp-content\/uploads\/cp.principesdeasturias.pozuelodealarcon\/2025\/11\/IMG-20251030-WA0011-e1762382498825-300x400.jpg",300,400,true],"1536x1536":["https:\/\/site.educa.madrid.org\/cp.principesdeasturias.pozuelodealarcon\/\/wp-content\/uploads\/cp.principesdeasturias.pozuelodealarcon\/2025\/11\/IMG-20251030-WA0011-e1762382498825-1536x1152.jpg",1536,1152,true],"2048x2048":["https:\/\/site.educa.madrid.org\/cp.principesdeasturias.pozuelodealarcon\/\/wp-content\/uploads\/cp.principesdeasturias.pozuelodealarcon\/2025\/11\/IMG-20251030-WA0011-e1762382498825.jpg",2048,1536,false],"sow-carousel-default":["https:\/\/site.educa.madrid.org\/cp.principesdeasturias.pozuelodealarcon\/\/wp-content\/uploads\/cp.principesdeasturias.pozuelodealarcon\/2025\/11\/IMG-20251030-WA0011-e1762382498825-272x182.jpg",272,182,true],"sow-post-carousel-overlay-theme":["https:\/\/site.educa.madrid.org\/cp.principesdeasturias.pozuelodealarcon\/\/wp-content\/uploads\/cp.principesdeasturias.pozuelodealarcon\/2025\/11\/IMG-20251030-WA0011-e1762382498825.jpg",360,270,false],"sow-post-carousel-cards-theme":["https:\/\/site.educa.madrid.org\/cp.principesdeasturias.pozuelodealarcon\/\/wp-content\/uploads\/cp.principesdeasturias.pozuelodealarcon\/2025\/11\/IMG-20251030-WA0011-e1762382498825.jpg",320,240,false],"rt_custom":["https:\/\/site.educa.madrid.org\/cp.principesdeasturias.pozuelodealarcon\/\/wp-content\/uploads\/cp.principesdeasturias.pozuelodealarcon\/2025\/11\/IMG-20251030-WA0011-e1762382498825.jpg",2048,1536,false]},"rttpg_author":{"display_name":"Jes\u00fas Alvaro Rivilla","author_link":"https:\/\/site.educa.madrid.org\/cp.principesdeasturias.pozuelodealarcon\/index.php\/author\/jess_alvaro-rivilla\/"},"rttpg_comment":0,"rttpg_category":"<a href=\"https:\/\/site.educa.madrid.org\/cp.principesdeasturias.pozuelodealarcon\/index.php\/category\/sin-categoria\/\" rel=\"category tag\">Sin categor\u00eda<\/a>","rttpg_excerpt":"&nbsp; Durante este mes de octubre, se ha producido la primera de muchas visitas que compartiremos a lo largo del curso. Ver c\u00f3mo se construye el v\u00ednculo entre estas dos generaciones de alumnos es simplemente m\u00e1gico: es incre\u00edble c\u00f3mo cuidar de los dem\u00e1s y sentirse mayor son dos sensaciones que nos hacen sentir bien aLeer&hellip;","post_mailing_queue_ids":[],"_links":{"self":[{"href":"https:\/\/site.educa.madrid.org\/cp.principesdeasturias.pozuelodealarcon\/index.php\/wp-json\/wp\/v2\/posts\/2102","targetHints":{"allow":["GET"]}}],"collection":[{"href":"https:\/\/site.educa.madrid.org\/cp.principesdeasturias.pozuelodealarcon\/index.php\/wp-json\/wp\/v2\/posts"}],"about":[{"href":"https:\/\/site.educa.madrid.org\/cp.principesdeasturias.pozuelodealarcon\/index.php\/wp-json\/wp\/v2\/types\/post"}],"author":[{"embeddable":true,"href":"https:\/\/site.educa.madrid.org\/cp.principesdeasturias.pozuelodealarcon\/index.php\/wp-json\/wp\/v2\/users\/7"}],"replies":[{"embeddable":true,"href":"https:\/\/site.educa.madrid.org\/cp.principesdeasturias.pozuelodealarcon\/index.php\/wp-json\/wp\/v2\/comments?post=2102"}],"version-history":[{"count":20,"href":"https:\/\/site.educa.madrid.org\/cp.principesdeasturias.pozuelodealarcon\/index.php\/wp-json\/wp\/v2\/posts\/2102\/revisions"}],"predecessor-version":[{"id":2151,"href":"https:\/\/site.educa.madrid.org\/cp.principesdeasturias.pozuelodealarcon\/index.php\/wp-json\/wp\/v2\/posts\/2102\/revisions\/2151"}],"wp:featuredmedia":[{"embeddable":true,"href":"https:\/\/site.educa.madrid.org\/cp.principesdeasturias.pozuelodealarcon\/index.php\/wp-json\/wp\/v2\/media\/2108"}],"wp:attachment":[{"href":"https:\/\/site.educa.madrid.org\/cp.principesdeasturias.pozuelodealarcon\/index.php\/wp-json\/wp\/v2\/media?parent=2102"}],"wp:term":[{"taxonomy":"category","embeddable":true,"href":"https:\/\/site.educa.madrid.org\/cp.principesdeasturias.pozuelodealarcon\/index.php\/wp-json\/wp\/v2\/categories?post=2102"},{"taxonomy":"post_tag","embeddable":true,"href":"https:\/\/site.educa.madrid.org\/cp.principesdeasturias.pozuelodealarcon\/index.php\/wp-json\/wp\/v2\/tags?post=2102"},{"taxonomy":"post_folder","embeddable":true,"href":"https:\/\/site.educa.madrid.org\/cp.principesdeasturias.pozuelodealarcon\/index.php\/wp-json\/wp\/v2\/post_folder?post=2102"}],"curies":[{"name":"wp","href":"https:\/\/api.w.org\/{rel}","templated":true}]}}