{"id":2122,"date":"2025-11-06T13:37:56","date_gmt":"2025-11-06T12:37:56","guid":{"rendered":"https:\/\/site.educa.madrid.org\/cp.principesdeasturias.pozuelodealarcon\/?p=2122"},"modified":"2025-11-12T14:45:20","modified_gmt":"2025-11-12T13:45:20","slug":"reconocimiento-al-merito-y-excelencia","status":"publish","type":"post","link":"https:\/\/site.educa.madrid.org\/cp.principesdeasturias.pozuelodealarcon\/index.php\/2025\/11\/06\/reconocimiento-al-merito-y-excelencia\/","title":{"rendered":"Reconocimiento al m\u00e9rito y excelencia"},"content":{"rendered":"\n<p>Estamos inmensamente orgullosos de la comunidad del <b>CEIPSO Pr\u00edncipes de Asturias. <\/b>Nuestros alumnos han participado en edici\u00f3n anual del <strong>Acto de Reconocimiento a la Excelencia y al M\u00e9rito Acad\u00e9mico de Pozuelo de Alarc\u00f3n, <\/strong>organizado por el ayuntamiento.<\/p>\n\n\n\n<p>Asistir a este tipo de actos oficiales nos reafirma en la calidad de nuestro <b>proyecto educativo consolidado<\/b>. Es un honor ver c\u00f3mo el esfuerzo, la <b>inclusi\u00f3n<\/b> y el compromiso con la <b>excelencia acad\u00e9mica<\/b> dan sus frutos desde <b>Infantil a Secundaria<\/b>.<\/p>\n\n\n\n<p>Felicitamos a todos los alumnos que han sido reconocidos por su <b>m\u00e9rito y esfuerzo<\/b>&nbsp; y en, especial, a los alumnos de nuestro centro. Vuestro \u00e9xito es la prueba de que en nuestro centro se fomenta el crecimiento integral y el valor del trabajo constante.<\/p>\n\n\n\n<p>El Ayuntamiento de Pozuelo de Alarc\u00f3n, con la celebraci\u00f3n de esta convocatoria hace una distinci\u00f3n acad\u00e9mica a los mejores alumnos de 6\u00ba de Primaria y 4\u00ba de Secundaria de todos los centros educativos del municipio. Se concreta en una&nbsp;<strong>Menci\u00f3n a la Excelencia Acad\u00e9mica<\/strong>&nbsp;para aquellos alumnos con el mejor expediente acad\u00e9mico de cada uno de los dos cursos antes citados; y en una&nbsp;<strong>Menci\u00f3n al M\u00e9rito Acad\u00e9mico&nbsp;<\/strong>para aquellos alumnos \u2013tambi\u00e9n de cada uno de los cursos antes citados- con una actitud sobresaliente en dedicaci\u00f3n, esfuerzo e inter\u00e9s por el estudio y el aprendizaje.<\/p>\n\n\n\n<p>&nbsp;<\/p>\n\n\n\n<div class=\"wp-block-columns is-layout-flex wp-container-core-columns-is-layout-9d6595d7 wp-block-columns-is-layout-flex\">\n<div class=\"wp-block-column is-layout-flow wp-block-column-is-layout-flow\">\n<figure class=\"wp-block-image size-large is-resized\"><img loading=\"lazy\" decoding=\"async\" width=\"767\" height=\"1024\" src=\"https:\/\/site.educa.madrid.org\/cp.principesdeasturias.pozuelodealarcon\/\/wp-content\/uploads\/cp.principesdeasturias.pozuelodealarcon\/2025\/11\/PHOTO-2025-11-06-08-37-45-767x1024.jpg\" alt=\"\" class=\"wp-image-2126\" style=\"width:373px;height:auto\" srcset=\"https:\/\/site.educa.madrid.org\/cp.principesdeasturias.pozuelodealarcon\/\/wp-content\/uploads\/cp.principesdeasturias.pozuelodealarcon\/2025\/11\/PHOTO-2025-11-06-08-37-45-767x1024.jpg 767w, https:\/\/site.educa.madrid.org\/cp.principesdeasturias.pozuelodealarcon\/\/wp-content\/uploads\/cp.principesdeasturias.pozuelodealarcon\/2025\/11\/PHOTO-2025-11-06-08-37-45-225x300.jpg 225w, https:\/\/site.educa.madrid.org\/cp.principesdeasturias.pozuelodealarcon\/\/wp-content\/uploads\/cp.principesdeasturias.pozuelodealarcon\/2025\/11\/PHOTO-2025-11-06-08-37-45-768x1026.jpg 768w, https:\/\/site.educa.madrid.org\/cp.principesdeasturias.pozuelodealarcon\/\/wp-content\/uploads\/cp.principesdeasturias.pozuelodealarcon\/2025\/11\/PHOTO-2025-11-06-08-37-45-300x400.jpg 300w, https:\/\/site.educa.madrid.org\/cp.principesdeasturias.pozuelodealarcon\/\/wp-content\/uploads\/cp.principesdeasturias.pozuelodealarcon\/2025\/11\/PHOTO-2025-11-06-08-37-45.jpg 1078w\" sizes=\"auto, (max-width: 767px) 100vw, 767px\" \/><\/figure>\n<\/div>\n\n\n\n<div class=\"wp-block-column is-layout-flow wp-block-column-is-layout-flow\">\n<figure class=\"wp-block-image size-large is-resized\"><img loading=\"lazy\" decoding=\"async\" width=\"767\" height=\"1024\" src=\"https:\/\/site.educa.madrid.org\/cp.principesdeasturias.pozuelodealarcon\/\/wp-content\/uploads\/cp.principesdeasturias.pozuelodealarcon\/2025\/11\/PHOTO-2025-11-06-00-01-58-1-767x1024.jpg\" alt=\"\" class=\"wp-image-2127\" style=\"width:365px;height:auto\" srcset=\"https:\/\/site.educa.madrid.org\/cp.principesdeasturias.pozuelodealarcon\/\/wp-content\/uploads\/cp.principesdeasturias.pozuelodealarcon\/2025\/11\/PHOTO-2025-11-06-00-01-58-1-767x1024.jpg 767w, https:\/\/site.educa.madrid.org\/cp.principesdeasturias.pozuelodealarcon\/\/wp-content\/uploads\/cp.principesdeasturias.pozuelodealarcon\/2025\/11\/PHOTO-2025-11-06-00-01-58-1-225x300.jpg 225w, https:\/\/site.educa.madrid.org\/cp.principesdeasturias.pozuelodealarcon\/\/wp-content\/uploads\/cp.principesdeasturias.pozuelodealarcon\/2025\/11\/PHOTO-2025-11-06-00-01-58-1-768x1026.jpg 768w, https:\/\/site.educa.madrid.org\/cp.principesdeasturias.pozuelodealarcon\/\/wp-content\/uploads\/cp.principesdeasturias.pozuelodealarcon\/2025\/11\/PHOTO-2025-11-06-00-01-58-1-300x400.jpg 300w, https:\/\/site.educa.madrid.org\/cp.principesdeasturias.pozuelodealarcon\/\/wp-content\/uploads\/cp.principesdeasturias.pozuelodealarcon\/2025\/11\/PHOTO-2025-11-06-00-01-58-1.jpg 1078w\" sizes=\"auto, (max-width: 767px) 100vw, 767px\" \/><\/figure>\n<\/div>\n<\/div>\n\n\n\n<p><\/p>\n","protected":false},"excerpt":{"rendered":"<p>Estamos inmensamente orgullosos de la comunidad del CEIPSO Pr\u00edncipes de Asturias. Nuestros alumnos han participado en edici\u00f3n anual del Acto de Reconocimiento a la Excelencia y al M\u00e9rito Acad\u00e9mico de Pozuelo de Alarc\u00f3n, organizado por el ayuntamiento. Asistir a este tipo de actos oficiales nos reafirma en la calidad de nuestro proyecto educativo consolidado. Es<\/p><\/div>\n<div class=\"blog-btn\"><a href=\"https:\/\/site.educa.madrid.org\/cp.principesdeasturias.pozuelodealarcon\/index.php\/2025\/11\/06\/reconocimiento-al-merito-y-excelencia\/\" class=\"home-blog-btn\">Leer m\u00e1s<\/a><\/p>\n","protected":false},"author":2,"featured_media":2125,"comment_status":"open","ping_status":"open","sticky":false,"template":"","format":"standard","meta":{"footnotes":""},"categories":[1],"tags":[],"post_folder":[],"class_list":["post-2122","post","type-post","status-publish","format-standard","has-post-thumbnail","hentry","category-sin-categoria"],"rttpg_featured_image_url":{"full":["https:\/\/site.educa.madrid.org\/cp.principesdeasturias.pozuelodealarcon\/\/wp-content\/uploads\/cp.principesdeasturias.pozuelodealarcon\/2025\/11\/PHOTO-2025-11-06-00-01-58-e1762433211542.jpg",1027,760,false],"landscape":["https:\/\/site.educa.madrid.org\/cp.principesdeasturias.pozuelodealarcon\/\/wp-content\/uploads\/cp.principesdeasturias.pozuelodealarcon\/2025\/11\/PHOTO-2025-11-06-00-01-58-e1762433211542.jpg",1027,760,false],"portraits":["https:\/\/site.educa.madrid.org\/cp.principesdeasturias.pozuelodealarcon\/\/wp-content\/uploads\/cp.principesdeasturias.pozuelodealarcon\/2025\/11\/PHOTO-2025-11-06-00-01-58-e1762433211542.jpg",1027,760,false],"thumbnail":["https:\/\/site.educa.madrid.org\/cp.principesdeasturias.pozuelodealarcon\/\/wp-content\/uploads\/cp.principesdeasturias.pozuelodealarcon\/2025\/11\/PHOTO-2025-11-06-00-01-58-e1762433211542-150x150.jpg",150,150,true],"medium":["https:\/\/site.educa.madrid.org\/cp.principesdeasturias.pozuelodealarcon\/\/wp-content\/uploads\/cp.principesdeasturias.pozuelodealarcon\/2025\/11\/PHOTO-2025-11-06-00-01-58-e1762433211542-300x222.jpg",300,222,true],"large":["https:\/\/site.educa.madrid.org\/cp.principesdeasturias.pozuelodealarcon\/\/wp-content\/uploads\/cp.principesdeasturias.pozuelodealarcon\/2025\/11\/PHOTO-2025-11-06-00-01-58-e1762433211542-1024x758.jpg",696,515,true],"thumblist":["https:\/\/site.educa.madrid.org\/cp.principesdeasturias.pozuelodealarcon\/\/wp-content\/uploads\/cp.principesdeasturias.pozuelodealarcon\/2025\/11\/PHOTO-2025-11-06-00-01-58-e1762433211542-300x300.jpg",300,300,true],"thumbrelated":["https:\/\/site.educa.madrid.org\/cp.principesdeasturias.pozuelodealarcon\/\/wp-content\/uploads\/cp.principesdeasturias.pozuelodealarcon\/2025\/11\/PHOTO-2025-11-06-00-01-58-e1762433211542-500x500.jpg",500,500,true],"meccarouselthumb":["https:\/\/site.educa.madrid.org\/cp.principesdeasturias.pozuelodealarcon\/\/wp-content\/uploads\/cp.principesdeasturias.pozuelodealarcon\/2025\/11\/PHOTO-2025-11-06-00-01-58-e1762433211542-474x324.jpg",474,324,true],"gridsquare":["https:\/\/site.educa.madrid.org\/cp.principesdeasturias.pozuelodealarcon\/\/wp-content\/uploads\/cp.principesdeasturias.pozuelodealarcon\/2025\/11\/PHOTO-2025-11-06-00-01-58-e1762433211542-391x260.jpg",391,260,true],"tileview":["https:\/\/site.educa.madrid.org\/cp.principesdeasturias.pozuelodealarcon\/\/wp-content\/uploads\/cp.principesdeasturias.pozuelodealarcon\/2025\/11\/PHOTO-2025-11-06-00-01-58-e1762433211542-300x400.jpg",300,400,true],"1536x1536":["https:\/\/site.educa.madrid.org\/cp.principesdeasturias.pozuelodealarcon\/\/wp-content\/uploads\/cp.principesdeasturias.pozuelodealarcon\/2025\/11\/PHOTO-2025-11-06-00-01-58-e1762433211542.jpg",1027,760,false],"2048x2048":["https:\/\/site.educa.madrid.org\/cp.principesdeasturias.pozuelodealarcon\/\/wp-content\/uploads\/cp.principesdeasturias.pozuelodealarcon\/2025\/11\/PHOTO-2025-11-06-00-01-58-e1762433211542.jpg",1027,760,false],"sow-carousel-default":["https:\/\/site.educa.madrid.org\/cp.principesdeasturias.pozuelodealarcon\/\/wp-content\/uploads\/cp.principesdeasturias.pozuelodealarcon\/2025\/11\/PHOTO-2025-11-06-00-01-58-e1762433211542-272x182.jpg",272,182,true],"sow-post-carousel-overlay-theme":["https:\/\/site.educa.madrid.org\/cp.principesdeasturias.pozuelodealarcon\/\/wp-content\/uploads\/cp.principesdeasturias.pozuelodealarcon\/2025\/11\/PHOTO-2025-11-06-00-01-58-e1762433211542.jpg",360,266,false],"sow-post-carousel-cards-theme":["https:\/\/site.educa.madrid.org\/cp.principesdeasturias.pozuelodealarcon\/\/wp-content\/uploads\/cp.principesdeasturias.pozuelodealarcon\/2025\/11\/PHOTO-2025-11-06-00-01-58-e1762433211542.jpg",324,240,false],"rt_custom":["https:\/\/site.educa.madrid.org\/cp.principesdeasturias.pozuelodealarcon\/\/wp-content\/uploads\/cp.principesdeasturias.pozuelodealarcon\/2025\/11\/PHOTO-2025-11-06-00-01-58-e1762433211542.jpg",1027,760,false]},"rttpg_author":{"display_name":"tic.cp.principesdeasturias.pozuelodealarcon","author_link":"https:\/\/site.educa.madrid.org\/cp.principesdeasturias.pozuelodealarcon\/index.php\/author\/cuenta_tic-cp-principesdeasturias-pozuelodealarcon\/"},"rttpg_comment":0,"rttpg_category":"<a href=\"https:\/\/site.educa.madrid.org\/cp.principesdeasturias.pozuelodealarcon\/index.php\/category\/sin-categoria\/\" rel=\"category tag\">Sin categor\u00eda<\/a>","rttpg_excerpt":"Estamos inmensamente orgullosos de la comunidad del CEIPSO Pr\u00edncipes de Asturias. Nuestros alumnos han participado en edici\u00f3n anual del Acto de Reconocimiento a la Excelencia y al M\u00e9rito Acad\u00e9mico de Pozuelo de Alarc\u00f3n, organizado por el ayuntamiento. Asistir a este tipo de actos oficiales nos reafirma en la calidad de nuestro proyecto educativo consolidado. EsLeer&hellip;","post_mailing_queue_ids":[],"_links":{"self":[{"href":"https:\/\/site.educa.madrid.org\/cp.principesdeasturias.pozuelodealarcon\/index.php\/wp-json\/wp\/v2\/posts\/2122","targetHints":{"allow":["GET"]}}],"collection":[{"href":"https:\/\/site.educa.madrid.org\/cp.principesdeasturias.pozuelodealarcon\/index.php\/wp-json\/wp\/v2\/posts"}],"about":[{"href":"https:\/\/site.educa.madrid.org\/cp.principesdeasturias.pozuelodealarcon\/index.php\/wp-json\/wp\/v2\/types\/post"}],"author":[{"embeddable":true,"href":"https:\/\/site.educa.madrid.org\/cp.principesdeasturias.pozuelodealarcon\/index.php\/wp-json\/wp\/v2\/users\/2"}],"replies":[{"embeddable":true,"href":"https:\/\/site.educa.madrid.org\/cp.principesdeasturias.pozuelodealarcon\/index.php\/wp-json\/wp\/v2\/comments?post=2122"}],"version-history":[{"count":5,"href":"https:\/\/site.educa.madrid.org\/cp.principesdeasturias.pozuelodealarcon\/index.php\/wp-json\/wp\/v2\/posts\/2122\/revisions"}],"predecessor-version":[{"id":2155,"href":"https:\/\/site.educa.madrid.org\/cp.principesdeasturias.pozuelodealarcon\/index.php\/wp-json\/wp\/v2\/posts\/2122\/revisions\/2155"}],"wp:featuredmedia":[{"embeddable":true,"href":"https:\/\/site.educa.madrid.org\/cp.principesdeasturias.pozuelodealarcon\/index.php\/wp-json\/wp\/v2\/media\/2125"}],"wp:attachment":[{"href":"https:\/\/site.educa.madrid.org\/cp.principesdeasturias.pozuelodealarcon\/index.php\/wp-json\/wp\/v2\/media?parent=2122"}],"wp:term":[{"taxonomy":"category","embeddable":true,"href":"https:\/\/site.educa.madrid.org\/cp.principesdeasturias.pozuelodealarcon\/index.php\/wp-json\/wp\/v2\/categories?post=2122"},{"taxonomy":"post_tag","embeddable":true,"href":"https:\/\/site.educa.madrid.org\/cp.principesdeasturias.pozuelodealarcon\/index.php\/wp-json\/wp\/v2\/tags?post=2122"},{"taxonomy":"post_folder","embeddable":true,"href":"https:\/\/site.educa.madrid.org\/cp.principesdeasturias.pozuelodealarcon\/index.php\/wp-json\/wp\/v2\/post_folder?post=2122"}],"curies":[{"name":"wp","href":"https:\/\/api.w.org\/{rel}","templated":true}]}}