{"id":2170,"date":"2025-11-14T12:23:09","date_gmt":"2025-11-14T11:23:09","guid":{"rendered":"https:\/\/site.educa.madrid.org\/cp.principesdeasturias.pozuelodealarcon\/?p=2170"},"modified":"2025-11-16T18:26:25","modified_gmt":"2025-11-16T17:26:25","slug":"jubilacion-profesor-emilio-2","status":"publish","type":"post","link":"https:\/\/site.educa.madrid.org\/cp.principesdeasturias.pozuelodealarcon\/index.php\/2025\/11\/14\/jubilacion-profesor-emilio-2\/","title":{"rendered":"Emilio se jubila"},"content":{"rendered":"\n<p><\/p>\n\n\n\n<p>Como parte del proyecto <strong>Taller de Noticias<\/strong> de la asignatura de <strong>MAE<\/strong>, los alumnos de 3\u00ba de ESO han tenido la oportunidad de convertirse en aut\u00e9nticos redactores y maquetadores. Se ha elegido la jubilaci\u00f3n del profesor de Tecnolog\u00eda, Emilio Echevarr\u00eda, para realizarle una entrevista a partir de la cual han elaborado diversas p\u00e1ginas informativas que muestran no solo lo aprendido en clase, sino tambi\u00e9n su capacidad para comunicar. En esta ocasi\u00f3n, pod\u00e9is ver las distintas opciones entre todas las propuestas presentadas ya que son un excelente ejemplo del esfuerzo, la dedicaci\u00f3n y el talento del grupo. Sin duda, ha sido un ejercicio muy enriquecedor para todos.<\/p>\n\n\n\n<div style=\"position: relative; width: 100%; height: 0; padding-top: 141.4286%;\n padding-bottom: 0; box-shadow: 0 2px 8px 0 rgba(63,69,81,0.16); margin-top: 1.6em; margin-bottom: 0.9em; overflow: hidden;\n border-radius: 8px; will-change: transform;\">\n  <iframe loading=\"lazy\" style=\"position: absolute; width: 100%; height: 100%; top: 0; left: 0; border: none; padding: 0;margin: 0;\"\n    src=\"https:\/\/www.canva.com\/design\/DAG3ogBTM2c\/xEqFg3JHUSfxCzhGyHJqqQ\/view?embed\" allowfullscreen=\"allowfullscreen\" allow=\"fullscreen\">\n  <\/iframe>\n<\/div>\n<a href=\"https:&#x2F;&#x2F;www.canva.com&#x2F;design&#x2F;DAG3ogBTM2c&#x2F;xEqFg3JHUSfxCzhGyHJqqQ&#x2F;view?utm_content=DAG3ogBTM2c&amp;utm_campaign=designshare&amp;utm_medium=embeds&amp;utm_source=link\" target=\"_blank\" rel=\"noopener\">\n\n\n\n<p><\/p>\n","protected":false},"excerpt":{"rendered":"<p>Como parte del proyecto Taller de Noticias de la asignatura de MAE, los alumnos de 3\u00ba de ESO han tenido la oportunidad de convertirse en aut\u00e9nticos redactores y maquetadores. Se ha elegido la jubilaci\u00f3n del profesor de Tecnolog\u00eda, Emilio Echevarr\u00eda, para realizarle una entrevista a partir de la cual han elaborado diversas p\u00e1ginas informativas que<\/p><\/div>\n<div class=\"blog-btn\"><a href=\"https:\/\/site.educa.madrid.org\/cp.principesdeasturias.pozuelodealarcon\/index.php\/2025\/11\/14\/jubilacion-profesor-emilio-2\/\" class=\"home-blog-btn\">Leer m\u00e1s<\/a><\/p>\n","protected":false},"author":2,"featured_media":2165,"comment_status":"open","ping_status":"open","sticky":false,"template":"","format":"standard","meta":{"footnotes":""},"categories":[1],"tags":[],"post_folder":[],"class_list":["post-2170","post","type-post","status-publish","format-standard","has-post-thumbnail","hentry","category-sin-categoria"],"rttpg_featured_image_url":{"full":["https:\/\/site.educa.madrid.org\/cp.principesdeasturias.pozuelodealarcon\/\/wp-content\/uploads\/cp.principesdeasturias.pozuelodealarcon\/2025\/11\/WhatsApp-Image-2025-11-14-at-09.34.07-1-e1763116642666.jpeg",300,225,false],"landscape":["https:\/\/site.educa.madrid.org\/cp.principesdeasturias.pozuelodealarcon\/\/wp-content\/uploads\/cp.principesdeasturias.pozuelodealarcon\/2025\/11\/WhatsApp-Image-2025-11-14-at-09.34.07-1-e1763116642666.jpeg",300,225,false],"portraits":["https:\/\/site.educa.madrid.org\/cp.principesdeasturias.pozuelodealarcon\/\/wp-content\/uploads\/cp.principesdeasturias.pozuelodealarcon\/2025\/11\/WhatsApp-Image-2025-11-14-at-09.34.07-1-e1763116642666.jpeg",300,225,false],"thumbnail":["https:\/\/site.educa.madrid.org\/cp.principesdeasturias.pozuelodealarcon\/\/wp-content\/uploads\/cp.principesdeasturias.pozuelodealarcon\/2025\/11\/WhatsApp-Image-2025-11-14-at-09.34.07-1-150x150.jpeg",150,150,true],"medium":["https:\/\/site.educa.madrid.org\/cp.principesdeasturias.pozuelodealarcon\/\/wp-content\/uploads\/cp.principesdeasturias.pozuelodealarcon\/2025\/11\/WhatsApp-Image-2025-11-14-at-09.34.07-1-300x225.jpeg",300,225,true],"large":["https:\/\/site.educa.madrid.org\/cp.principesdeasturias.pozuelodealarcon\/\/wp-content\/uploads\/cp.principesdeasturias.pozuelodealarcon\/2025\/11\/WhatsApp-Image-2025-11-14-at-09.34.07-1-e1763116642666.jpeg",300,225,false],"thumblist":["https:\/\/site.educa.madrid.org\/cp.principesdeasturias.pozuelodealarcon\/\/wp-content\/uploads\/cp.principesdeasturias.pozuelodealarcon\/2025\/11\/WhatsApp-Image-2025-11-14-at-09.34.07-1-300x300.jpeg",300,300,true],"thumbrelated":["https:\/\/site.educa.madrid.org\/cp.principesdeasturias.pozuelodealarcon\/\/wp-content\/uploads\/cp.principesdeasturias.pozuelodealarcon\/2025\/11\/WhatsApp-Image-2025-11-14-at-09.34.07-1-500x500.jpeg",500,500,true],"meccarouselthumb":["https:\/\/site.educa.madrid.org\/cp.principesdeasturias.pozuelodealarcon\/\/wp-content\/uploads\/cp.principesdeasturias.pozuelodealarcon\/2025\/11\/WhatsApp-Image-2025-11-14-at-09.34.07-1-474x324.jpeg",474,324,true],"gridsquare":["https:\/\/site.educa.madrid.org\/cp.principesdeasturias.pozuelodealarcon\/\/wp-content\/uploads\/cp.principesdeasturias.pozuelodealarcon\/2025\/11\/WhatsApp-Image-2025-11-14-at-09.34.07-1-391x260.jpeg",391,260,true],"tileview":["https:\/\/site.educa.madrid.org\/cp.principesdeasturias.pozuelodealarcon\/\/wp-content\/uploads\/cp.principesdeasturias.pozuelodealarcon\/2025\/11\/WhatsApp-Image-2025-11-14-at-09.34.07-1-300x400.jpeg",300,400,true],"1536x1536":["https:\/\/site.educa.madrid.org\/cp.principesdeasturias.pozuelodealarcon\/\/wp-content\/uploads\/cp.principesdeasturias.pozuelodealarcon\/2025\/11\/WhatsApp-Image-2025-11-14-at-09.34.07-1-e1763116642666.jpeg",300,225,false],"2048x2048":["https:\/\/site.educa.madrid.org\/cp.principesdeasturias.pozuelodealarcon\/\/wp-content\/uploads\/cp.principesdeasturias.pozuelodealarcon\/2025\/11\/WhatsApp-Image-2025-11-14-at-09.34.07-1-e1763116642666.jpeg",300,225,false],"sow-carousel-default":["https:\/\/site.educa.madrid.org\/cp.principesdeasturias.pozuelodealarcon\/\/wp-content\/uploads\/cp.principesdeasturias.pozuelodealarcon\/2025\/11\/WhatsApp-Image-2025-11-14-at-09.34.07-1-272x182.jpeg",272,182,true],"sow-post-carousel-overlay-theme":["https:\/\/site.educa.madrid.org\/cp.principesdeasturias.pozuelodealarcon\/\/wp-content\/uploads\/cp.principesdeasturias.pozuelodealarcon\/2025\/11\/WhatsApp-Image-2025-11-14-at-09.34.07-1-e1763116642666.jpeg",300,225,false],"sow-post-carousel-cards-theme":["https:\/\/site.educa.madrid.org\/cp.principesdeasturias.pozuelodealarcon\/\/wp-content\/uploads\/cp.principesdeasturias.pozuelodealarcon\/2025\/11\/WhatsApp-Image-2025-11-14-at-09.34.07-1-e1763116642666.jpeg",300,225,false],"rt_custom":["https:\/\/site.educa.madrid.org\/cp.principesdeasturias.pozuelodealarcon\/\/wp-content\/uploads\/cp.principesdeasturias.pozuelodealarcon\/2025\/11\/WhatsApp-Image-2025-11-14-at-09.34.07-1-e1763116642666.jpeg",300,225,false]},"rttpg_author":{"display_name":"tic.cp.principesdeasturias.pozuelodealarcon","author_link":"https:\/\/site.educa.madrid.org\/cp.principesdeasturias.pozuelodealarcon\/index.php\/author\/cuenta_tic-cp-principesdeasturias-pozuelodealarcon\/"},"rttpg_comment":0,"rttpg_category":"<a href=\"https:\/\/site.educa.madrid.org\/cp.principesdeasturias.pozuelodealarcon\/index.php\/category\/sin-categoria\/\" rel=\"category tag\">Sin categor\u00eda<\/a>","rttpg_excerpt":"Como parte del proyecto Taller de Noticias de la asignatura de MAE, los alumnos de 3\u00ba de ESO han tenido la oportunidad de convertirse en aut\u00e9nticos redactores y maquetadores. Se ha elegido la jubilaci\u00f3n del profesor de Tecnolog\u00eda, Emilio Echevarr\u00eda, para realizarle una entrevista a partir de la cual han elaborado diversas p\u00e1ginas informativas queLeer&hellip;","post_mailing_queue_ids":[],"_links":{"self":[{"href":"https:\/\/site.educa.madrid.org\/cp.principesdeasturias.pozuelodealarcon\/index.php\/wp-json\/wp\/v2\/posts\/2170","targetHints":{"allow":["GET"]}}],"collection":[{"href":"https:\/\/site.educa.madrid.org\/cp.principesdeasturias.pozuelodealarcon\/index.php\/wp-json\/wp\/v2\/posts"}],"about":[{"href":"https:\/\/site.educa.madrid.org\/cp.principesdeasturias.pozuelodealarcon\/index.php\/wp-json\/wp\/v2\/types\/post"}],"author":[{"embeddable":true,"href":"https:\/\/site.educa.madrid.org\/cp.principesdeasturias.pozuelodealarcon\/index.php\/wp-json\/wp\/v2\/users\/2"}],"replies":[{"embeddable":true,"href":"https:\/\/site.educa.madrid.org\/cp.principesdeasturias.pozuelodealarcon\/index.php\/wp-json\/wp\/v2\/comments?post=2170"}],"version-history":[{"count":3,"href":"https:\/\/site.educa.madrid.org\/cp.principesdeasturias.pozuelodealarcon\/index.php\/wp-json\/wp\/v2\/posts\/2170\/revisions"}],"predecessor-version":[{"id":2195,"href":"https:\/\/site.educa.madrid.org\/cp.principesdeasturias.pozuelodealarcon\/index.php\/wp-json\/wp\/v2\/posts\/2170\/revisions\/2195"}],"wp:featuredmedia":[{"embeddable":true,"href":"https:\/\/site.educa.madrid.org\/cp.principesdeasturias.pozuelodealarcon\/index.php\/wp-json\/wp\/v2\/media\/2165"}],"wp:attachment":[{"href":"https:\/\/site.educa.madrid.org\/cp.principesdeasturias.pozuelodealarcon\/index.php\/wp-json\/wp\/v2\/media?parent=2170"}],"wp:term":[{"taxonomy":"category","embeddable":true,"href":"https:\/\/site.educa.madrid.org\/cp.principesdeasturias.pozuelodealarcon\/index.php\/wp-json\/wp\/v2\/categories?post=2170"},{"taxonomy":"post_tag","embeddable":true,"href":"https:\/\/site.educa.madrid.org\/cp.principesdeasturias.pozuelodealarcon\/index.php\/wp-json\/wp\/v2\/tags?post=2170"},{"taxonomy":"post_folder","embeddable":true,"href":"https:\/\/site.educa.madrid.org\/cp.principesdeasturias.pozuelodealarcon\/index.php\/wp-json\/wp\/v2\/post_folder?post=2170"}],"curies":[{"name":"wp","href":"https:\/\/api.w.org\/{rel}","templated":true}]}}