{"id":2343,"date":"2025-12-18T18:44:38","date_gmt":"2025-12-18T17:44:38","guid":{"rendered":"https:\/\/site.educa.madrid.org\/cp.principesdeasturias.pozuelodealarcon\/?p=2343"},"modified":"2025-12-18T18:45:01","modified_gmt":"2025-12-18T17:45:01","slug":"los-reyes-magos-en-el-colegio","status":"publish","type":"post","link":"https:\/\/site.educa.madrid.org\/cp.principesdeasturias.pozuelodealarcon\/index.php\/2025\/12\/18\/los-reyes-magos-en-el-colegio\/","title":{"rendered":"Los Reyes Magos en el colegio"},"content":{"rendered":"<p style=\"text-align: center;\">Como es tradici\u00f3n, <em><strong>sus Majestades los Reyes Magos<\/strong><\/em>, mandan a sus emisarios por todo el mundo para que vayan preparando a los ni\u00f1os y ni\u00f1as para el gran d\u00eda de 6 de enero, donde la magia hace su presencia en forma de sorpresas y regalos.<\/p>\n<p style=\"text-align: center;\">Este a\u00f1o, han pasado por infantil, 1\u00ba, 2\u00ba y 3\u00ba de primaria para saludar y hacer preguntas que nos hacen reflexionar sobre nuestras maneras de comportarnos e intentar ser mejores personas en el nuevo a\u00f1o. Por ejemplo, en 2\u00ba de primaria, <em><strong>han preguntado qu\u00e9 es los que cada uno tiene que hacer mejor de lo que hace y tambi\u00e9n, qu\u00e9 cosas haces muy bien por los dem\u00e1s.\u00a0<\/strong><\/em><\/p>\n<p>&nbsp;<\/p>\n<p><img loading=\"lazy\" decoding=\"async\" class=\"aligncenter wp-image-2337 size-large\" src=\"https:\/\/site.educa.madrid.org\/cp.principesdeasturias.pozuelodealarcon\/\/wp-content\/uploads\/cp.principesdeasturias.pozuelodealarcon\/2025\/12\/IMG-20251218-WA0020-1024x763.jpg\" alt=\"\" width=\"696\" height=\"519\" \/> <img loading=\"lazy\" decoding=\"async\" class=\"aligncenter wp-image-2335 size-large\" src=\"https:\/\/site.educa.madrid.org\/cp.principesdeasturias.pozuelodealarcon\/\/wp-content\/uploads\/cp.principesdeasturias.pozuelodealarcon\/2025\/12\/IMG-20251218-WA0012-1024x768.jpg\" alt=\"\" width=\"696\" height=\"522\" srcset=\"https:\/\/site.educa.madrid.org\/cp.principesdeasturias.pozuelodealarcon\/\/wp-content\/uploads\/cp.principesdeasturias.pozuelodealarcon\/2025\/12\/IMG-20251218-WA0012-1024x768.jpg 1024w, https:\/\/site.educa.madrid.org\/cp.principesdeasturias.pozuelodealarcon\/\/wp-content\/uploads\/cp.principesdeasturias.pozuelodealarcon\/2025\/12\/IMG-20251218-WA0012-300x225.jpg 300w, https:\/\/site.educa.madrid.org\/cp.principesdeasturias.pozuelodealarcon\/\/wp-content\/uploads\/cp.principesdeasturias.pozuelodealarcon\/2025\/12\/IMG-20251218-WA0012-768x576.jpg 768w, https:\/\/site.educa.madrid.org\/cp.principesdeasturias.pozuelodealarcon\/\/wp-content\/uploads\/cp.principesdeasturias.pozuelodealarcon\/2025\/12\/IMG-20251218-WA0012-1536x1152.jpg 1536w, https:\/\/site.educa.madrid.org\/cp.principesdeasturias.pozuelodealarcon\/\/wp-content\/uploads\/cp.principesdeasturias.pozuelodealarcon\/2025\/12\/IMG-20251218-WA0012.jpg 1600w\" sizes=\"auto, (max-width: 696px) 100vw, 696px\" \/><\/p>\n<p>&nbsp;<\/p>\n","protected":false},"excerpt":{"rendered":"<p>Como es tradici\u00f3n, sus Majestades los Reyes Magos, mandan a sus emisarios por todo el mundo para que vayan preparando a los ni\u00f1os y ni\u00f1as para el gran d\u00eda de 6 de enero, donde la magia hace su presencia en forma de sorpresas y regalos. Este a\u00f1o, han pasado por infantil, 1\u00ba, 2\u00ba y 3\u00ba<\/p><\/div>\n<div class=\"blog-btn\"><a href=\"https:\/\/site.educa.madrid.org\/cp.principesdeasturias.pozuelodealarcon\/index.php\/2025\/12\/18\/los-reyes-magos-en-el-colegio\/\" class=\"home-blog-btn\">Leer m\u00e1s<\/a><\/p>\n","protected":false},"author":2,"featured_media":2337,"comment_status":"open","ping_status":"open","sticky":false,"template":"","format":"standard","meta":{"footnotes":""},"categories":[1],"tags":[],"post_folder":[],"class_list":["post-2343","post","type-post","status-publish","format-standard","has-post-thumbnail","hentry","category-sin-categoria"],"rttpg_featured_image_url":{"full":["https:\/\/site.educa.madrid.org\/cp.principesdeasturias.pozuelodealarcon\/\/wp-content\/uploads\/cp.principesdeasturias.pozuelodealarcon\/2025\/12\/IMG-20251218-WA0020-e1766079920646.jpg",56,48,false],"landscape":["https:\/\/site.educa.madrid.org\/cp.principesdeasturias.pozuelodealarcon\/\/wp-content\/uploads\/cp.principesdeasturias.pozuelodealarcon\/2025\/12\/IMG-20251218-WA0020-e1766079920646.jpg",56,48,false],"portraits":["https:\/\/site.educa.madrid.org\/cp.principesdeasturias.pozuelodealarcon\/\/wp-content\/uploads\/cp.principesdeasturias.pozuelodealarcon\/2025\/12\/IMG-20251218-WA0020-e1766079920646.jpg",56,48,false],"thumbnail":["https:\/\/site.educa.madrid.org\/cp.principesdeasturias.pozuelodealarcon\/\/wp-content\/uploads\/cp.principesdeasturias.pozuelodealarcon\/2025\/12\/IMG-20251218-WA0020-150x150.jpg",150,150,true],"medium":["https:\/\/site.educa.madrid.org\/cp.principesdeasturias.pozuelodealarcon\/\/wp-content\/uploads\/cp.principesdeasturias.pozuelodealarcon\/2025\/12\/IMG-20251218-WA0020-300x224.jpg",300,224,true],"large":["https:\/\/site.educa.madrid.org\/cp.principesdeasturias.pozuelodealarcon\/\/wp-content\/uploads\/cp.principesdeasturias.pozuelodealarcon\/2025\/12\/IMG-20251218-WA0020-1024x763.jpg",696,519,true],"thumblist":["https:\/\/site.educa.madrid.org\/cp.principesdeasturias.pozuelodealarcon\/\/wp-content\/uploads\/cp.principesdeasturias.pozuelodealarcon\/2025\/12\/IMG-20251218-WA0020-300x300.jpg",300,300,true],"thumbrelated":["https:\/\/site.educa.madrid.org\/cp.principesdeasturias.pozuelodealarcon\/\/wp-content\/uploads\/cp.principesdeasturias.pozuelodealarcon\/2025\/12\/IMG-20251218-WA0020-500x500.jpg",500,500,true],"meccarouselthumb":["https:\/\/site.educa.madrid.org\/cp.principesdeasturias.pozuelodealarcon\/\/wp-content\/uploads\/cp.principesdeasturias.pozuelodealarcon\/2025\/12\/IMG-20251218-WA0020-474x324.jpg",474,324,true],"gridsquare":["https:\/\/site.educa.madrid.org\/cp.principesdeasturias.pozuelodealarcon\/\/wp-content\/uploads\/cp.principesdeasturias.pozuelodealarcon\/2025\/12\/IMG-20251218-WA0020-391x260.jpg",391,260,true],"tileview":["https:\/\/site.educa.madrid.org\/cp.principesdeasturias.pozuelodealarcon\/\/wp-content\/uploads\/cp.principesdeasturias.pozuelodealarcon\/2025\/12\/IMG-20251218-WA0020-300x400.jpg",300,400,true],"1536x1536":["https:\/\/site.educa.madrid.org\/cp.principesdeasturias.pozuelodealarcon\/\/wp-content\/uploads\/cp.principesdeasturias.pozuelodealarcon\/2025\/12\/IMG-20251218-WA0020-e1766079920646.jpg",56,48,false],"2048x2048":["https:\/\/site.educa.madrid.org\/cp.principesdeasturias.pozuelodealarcon\/\/wp-content\/uploads\/cp.principesdeasturias.pozuelodealarcon\/2025\/12\/IMG-20251218-WA0020-e1766079920646.jpg",56,48,false],"sow-carousel-default":["https:\/\/site.educa.madrid.org\/cp.principesdeasturias.pozuelodealarcon\/\/wp-content\/uploads\/cp.principesdeasturias.pozuelodealarcon\/2025\/12\/IMG-20251218-WA0020-272x182.jpg",272,182,true],"sow-post-carousel-overlay-theme":["https:\/\/site.educa.madrid.org\/cp.principesdeasturias.pozuelodealarcon\/\/wp-content\/uploads\/cp.principesdeasturias.pozuelodealarcon\/2025\/12\/IMG-20251218-WA0020-360x476.jpg",360,476,true],"sow-post-carousel-cards-theme":["https:\/\/site.educa.madrid.org\/cp.principesdeasturias.pozuelodealarcon\/\/wp-content\/uploads\/cp.principesdeasturias.pozuelodealarcon\/2025\/12\/IMG-20251218-WA0020-360x240.jpg",360,240,true],"rt_custom":["https:\/\/site.educa.madrid.org\/cp.principesdeasturias.pozuelodealarcon\/\/wp-content\/uploads\/cp.principesdeasturias.pozuelodealarcon\/2025\/12\/IMG-20251218-WA0020-e1766079920646.jpg",56,48,false]},"rttpg_author":{"display_name":"tic.cp.principesdeasturias.pozuelodealarcon","author_link":"https:\/\/site.educa.madrid.org\/cp.principesdeasturias.pozuelodealarcon\/index.php\/author\/cuenta_tic-cp-principesdeasturias-pozuelodealarcon\/"},"rttpg_comment":0,"rttpg_category":"<a href=\"https:\/\/site.educa.madrid.org\/cp.principesdeasturias.pozuelodealarcon\/index.php\/category\/sin-categoria\/\" rel=\"category tag\">Sin categor\u00eda<\/a>","rttpg_excerpt":"Como es tradici\u00f3n, sus Majestades los Reyes Magos, mandan a sus emisarios por todo el mundo para que vayan preparando a los ni\u00f1os y ni\u00f1as para el gran d\u00eda de 6 de enero, donde la magia hace su presencia en forma de sorpresas y regalos. Este a\u00f1o, han pasado por infantil, 1\u00ba, 2\u00ba y 3\u00baLeer&hellip;","post_mailing_queue_ids":[],"_links":{"self":[{"href":"https:\/\/site.educa.madrid.org\/cp.principesdeasturias.pozuelodealarcon\/index.php\/wp-json\/wp\/v2\/posts\/2343","targetHints":{"allow":["GET"]}}],"collection":[{"href":"https:\/\/site.educa.madrid.org\/cp.principesdeasturias.pozuelodealarcon\/index.php\/wp-json\/wp\/v2\/posts"}],"about":[{"href":"https:\/\/site.educa.madrid.org\/cp.principesdeasturias.pozuelodealarcon\/index.php\/wp-json\/wp\/v2\/types\/post"}],"author":[{"embeddable":true,"href":"https:\/\/site.educa.madrid.org\/cp.principesdeasturias.pozuelodealarcon\/index.php\/wp-json\/wp\/v2\/users\/2"}],"replies":[{"embeddable":true,"href":"https:\/\/site.educa.madrid.org\/cp.principesdeasturias.pozuelodealarcon\/index.php\/wp-json\/wp\/v2\/comments?post=2343"}],"version-history":[{"count":1,"href":"https:\/\/site.educa.madrid.org\/cp.principesdeasturias.pozuelodealarcon\/index.php\/wp-json\/wp\/v2\/posts\/2343\/revisions"}],"predecessor-version":[{"id":2344,"href":"https:\/\/site.educa.madrid.org\/cp.principesdeasturias.pozuelodealarcon\/index.php\/wp-json\/wp\/v2\/posts\/2343\/revisions\/2344"}],"wp:featuredmedia":[{"embeddable":true,"href":"https:\/\/site.educa.madrid.org\/cp.principesdeasturias.pozuelodealarcon\/index.php\/wp-json\/wp\/v2\/media\/2337"}],"wp:attachment":[{"href":"https:\/\/site.educa.madrid.org\/cp.principesdeasturias.pozuelodealarcon\/index.php\/wp-json\/wp\/v2\/media?parent=2343"}],"wp:term":[{"taxonomy":"category","embeddable":true,"href":"https:\/\/site.educa.madrid.org\/cp.principesdeasturias.pozuelodealarcon\/index.php\/wp-json\/wp\/v2\/categories?post=2343"},{"taxonomy":"post_tag","embeddable":true,"href":"https:\/\/site.educa.madrid.org\/cp.principesdeasturias.pozuelodealarcon\/index.php\/wp-json\/wp\/v2\/tags?post=2343"},{"taxonomy":"post_folder","embeddable":true,"href":"https:\/\/site.educa.madrid.org\/cp.principesdeasturias.pozuelodealarcon\/index.php\/wp-json\/wp\/v2\/post_folder?post=2343"}],"curies":[{"name":"wp","href":"https:\/\/api.w.org\/{rel}","templated":true}]}}