{"id":2461,"date":"2026-01-30T17:53:01","date_gmt":"2026-01-30T16:53:01","guid":{"rendered":"https:\/\/site.educa.madrid.org\/cp.principesdeasturias.pozuelodealarcon\/?p=2461"},"modified":"2026-01-30T18:08:44","modified_gmt":"2026-01-30T17:08:44","slug":"dia-de-la-paz-2","status":"publish","type":"post","link":"https:\/\/site.educa.madrid.org\/cp.principesdeasturias.pozuelodealarcon\/index.php\/2026\/01\/30\/dia-de-la-paz-2\/","title":{"rendered":"D\u00eda de la Paz"},"content":{"rendered":"\n<p>La tradicional celebraci\u00f3n del d\u00eda de la Paz de nuestro colegio no ha podido celebrarse como en a\u00f1os anteriores. Esta vez, no hicimos la marcha por el Parque de las C\u00e1rcavas debido al temporal de viento y lluvia que hemos tenido esta semana. <\/p>\n\n\n\n<p>En cambio, hemos estado todo el colegio en el gimnasio celebrando un acto muy emotivo junto a una representante de la <a href=\"https:\/\/aladina.org\/\">Fundaci\u00f3n Aladina<\/a>, Patricia, que nos ha contado los nuevos proyectos de la organizaci\u00f3n que trabaja para mejorar la calidad de vida en ni\u00f1os y ni\u00f1as con c\u00e1ncer. <\/p>\n\n\n\n<p>La donaci\u00f3n ha sido de unos 1.500\u20ac aproximadamente y esperamos que se utilice para llevar a cabo todos los sue\u00f1os que ten\u00e9is pendientes. <\/p>\n\n\n\n<p>Despu\u00e9s un grupos de alumnos de 5 a\u00f1os y 1\u00ba de primaria se han abrazado cantando una canci\u00f3n muy emotiva titulada \u00abel abrazo\u00bb.<\/p>\n\n\n\n<p>Por \u00fatlimo, <strong><em>gracias a la profesora de Religi\u00f3n, Gloria,<\/em><\/strong> hemos seguido la tradici\u00f3n de escuchar la canci\u00f3n de <strong><em>Unai Quir\u00f3s<\/em><\/strong> que cada a\u00f1o nos regala una canci\u00f3n de la paz, este a\u00f1o titulada <strong><em>\u00abLa f\u00f3rmula de la Paz\u00bb.<\/em><\/strong> Todos los alumnos representantes de cada clase han montado el puzzle de la imagen que precede este texto y adem\u00e1s, tres ni\u00f1as de 5\u00ba de primaria se han inventado una coreograf\u00eda y han ense\u00f1ado los pasos durante esta semana a todas las clases y, con mucho desparpajo, se han metido al p\u00fablico en el bolsillo y nos han regalado un momento de uni\u00f3n en estos tiempos tan polarizados.<\/p>\n\n\n\n<p>Un gran d\u00eda.<\/p>\n\n\n\n<p><\/p>\n","protected":false},"excerpt":{"rendered":"<p>La tradicional celebraci\u00f3n del d\u00eda de la Paz de nuestro colegio no ha podido celebrarse como en a\u00f1os anteriores. Esta vez, no hicimos la marcha por el Parque de las C\u00e1rcavas debido al temporal de viento y lluvia que hemos tenido esta semana. En cambio, hemos estado todo el colegio en el gimnasio celebrando un<\/p><\/div>\n<div class=\"blog-btn\"><a href=\"https:\/\/site.educa.madrid.org\/cp.principesdeasturias.pozuelodealarcon\/index.php\/2026\/01\/30\/dia-de-la-paz-2\/\" class=\"home-blog-btn\">Leer m\u00e1s<\/a><\/p>\n","protected":false},"author":2,"featured_media":2466,"comment_status":"open","ping_status":"open","sticky":false,"template":"","format":"standard","meta":{"footnotes":""},"categories":[1],"tags":[],"post_folder":[],"class_list":["post-2461","post","type-post","status-publish","format-standard","has-post-thumbnail","hentry","category-sin-categoria"],"rttpg_featured_image_url":{"full":["https:\/\/site.educa.madrid.org\/cp.principesdeasturias.pozuelodealarcon\/\/wp-content\/uploads\/cp.principesdeasturias.pozuelodealarcon\/2026\/01\/IMG-20260130-WA0010.jpg",986,1495,false],"landscape":["https:\/\/site.educa.madrid.org\/cp.principesdeasturias.pozuelodealarcon\/\/wp-content\/uploads\/cp.principesdeasturias.pozuelodealarcon\/2026\/01\/IMG-20260130-WA0010.jpg",986,1495,false],"portraits":["https:\/\/site.educa.madrid.org\/cp.principesdeasturias.pozuelodealarcon\/\/wp-content\/uploads\/cp.principesdeasturias.pozuelodealarcon\/2026\/01\/IMG-20260130-WA0010.jpg",986,1495,false],"thumbnail":["https:\/\/site.educa.madrid.org\/cp.principesdeasturias.pozuelodealarcon\/\/wp-content\/uploads\/cp.principesdeasturias.pozuelodealarcon\/2026\/01\/IMG-20260130-WA0010-150x150.jpg",150,150,true],"medium":["https:\/\/site.educa.madrid.org\/cp.principesdeasturias.pozuelodealarcon\/\/wp-content\/uploads\/cp.principesdeasturias.pozuelodealarcon\/2026\/01\/IMG-20260130-WA0010-198x300.jpg",198,300,true],"large":["https:\/\/site.educa.madrid.org\/cp.principesdeasturias.pozuelodealarcon\/\/wp-content\/uploads\/cp.principesdeasturias.pozuelodealarcon\/2026\/01\/IMG-20260130-WA0010-675x1024.jpg",675,1024,true],"thumblist":["https:\/\/site.educa.madrid.org\/cp.principesdeasturias.pozuelodealarcon\/\/wp-content\/uploads\/cp.principesdeasturias.pozuelodealarcon\/2026\/01\/IMG-20260130-WA0010-300x300.jpg",300,300,true],"thumbrelated":["https:\/\/site.educa.madrid.org\/cp.principesdeasturias.pozuelodealarcon\/\/wp-content\/uploads\/cp.principesdeasturias.pozuelodealarcon\/2026\/01\/IMG-20260130-WA0010-500x500.jpg",500,500,true],"meccarouselthumb":["https:\/\/site.educa.madrid.org\/cp.principesdeasturias.pozuelodealarcon\/\/wp-content\/uploads\/cp.principesdeasturias.pozuelodealarcon\/2026\/01\/IMG-20260130-WA0010-474x324.jpg",474,324,true],"gridsquare":["https:\/\/site.educa.madrid.org\/cp.principesdeasturias.pozuelodealarcon\/\/wp-content\/uploads\/cp.principesdeasturias.pozuelodealarcon\/2026\/01\/IMG-20260130-WA0010-391x260.jpg",391,260,true],"tileview":["https:\/\/site.educa.madrid.org\/cp.principesdeasturias.pozuelodealarcon\/\/wp-content\/uploads\/cp.principesdeasturias.pozuelodealarcon\/2026\/01\/IMG-20260130-WA0010-300x400.jpg",300,400,true],"1536x1536":["https:\/\/site.educa.madrid.org\/cp.principesdeasturias.pozuelodealarcon\/\/wp-content\/uploads\/cp.principesdeasturias.pozuelodealarcon\/2026\/01\/IMG-20260130-WA0010.jpg",986,1495,false],"2048x2048":["https:\/\/site.educa.madrid.org\/cp.principesdeasturias.pozuelodealarcon\/\/wp-content\/uploads\/cp.principesdeasturias.pozuelodealarcon\/2026\/01\/IMG-20260130-WA0010.jpg",986,1495,false],"sow-carousel-default":["https:\/\/site.educa.madrid.org\/cp.principesdeasturias.pozuelodealarcon\/\/wp-content\/uploads\/cp.principesdeasturias.pozuelodealarcon\/2026\/01\/IMG-20260130-WA0010-272x182.jpg",272,182,true],"sow-post-carousel-overlay-theme":["https:\/\/site.educa.madrid.org\/cp.principesdeasturias.pozuelodealarcon\/\/wp-content\/uploads\/cp.principesdeasturias.pozuelodealarcon\/2026\/01\/IMG-20260130-WA0010-360x476.jpg",360,476,true],"sow-post-carousel-cards-theme":["https:\/\/site.educa.madrid.org\/cp.principesdeasturias.pozuelodealarcon\/\/wp-content\/uploads\/cp.principesdeasturias.pozuelodealarcon\/2026\/01\/IMG-20260130-WA0010-360x240.jpg",360,240,true],"rt_custom":["https:\/\/site.educa.madrid.org\/cp.principesdeasturias.pozuelodealarcon\/\/wp-content\/uploads\/cp.principesdeasturias.pozuelodealarcon\/2026\/01\/IMG-20260130-WA0010.jpg",986,1495,false]},"rttpg_author":{"display_name":"tic.cp.principesdeasturias.pozuelodealarcon","author_link":"https:\/\/site.educa.madrid.org\/cp.principesdeasturias.pozuelodealarcon\/index.php\/author\/cuenta_tic-cp-principesdeasturias-pozuelodealarcon\/"},"rttpg_comment":0,"rttpg_category":"<a href=\"https:\/\/site.educa.madrid.org\/cp.principesdeasturias.pozuelodealarcon\/index.php\/category\/sin-categoria\/\" rel=\"category tag\">Sin categor\u00eda<\/a>","rttpg_excerpt":"La tradicional celebraci\u00f3n del d\u00eda de la Paz de nuestro colegio no ha podido celebrarse como en a\u00f1os anteriores. Esta vez, no hicimos la marcha por el Parque de las C\u00e1rcavas debido al temporal de viento y lluvia que hemos tenido esta semana. En cambio, hemos estado todo el colegio en el gimnasio celebrando unLeer&hellip;","post_mailing_queue_ids":[],"_links":{"self":[{"href":"https:\/\/site.educa.madrid.org\/cp.principesdeasturias.pozuelodealarcon\/index.php\/wp-json\/wp\/v2\/posts\/2461","targetHints":{"allow":["GET"]}}],"collection":[{"href":"https:\/\/site.educa.madrid.org\/cp.principesdeasturias.pozuelodealarcon\/index.php\/wp-json\/wp\/v2\/posts"}],"about":[{"href":"https:\/\/site.educa.madrid.org\/cp.principesdeasturias.pozuelodealarcon\/index.php\/wp-json\/wp\/v2\/types\/post"}],"author":[{"embeddable":true,"href":"https:\/\/site.educa.madrid.org\/cp.principesdeasturias.pozuelodealarcon\/index.php\/wp-json\/wp\/v2\/users\/2"}],"replies":[{"embeddable":true,"href":"https:\/\/site.educa.madrid.org\/cp.principesdeasturias.pozuelodealarcon\/index.php\/wp-json\/wp\/v2\/comments?post=2461"}],"version-history":[{"count":6,"href":"https:\/\/site.educa.madrid.org\/cp.principesdeasturias.pozuelodealarcon\/index.php\/wp-json\/wp\/v2\/posts\/2461\/revisions"}],"predecessor-version":[{"id":2471,"href":"https:\/\/site.educa.madrid.org\/cp.principesdeasturias.pozuelodealarcon\/index.php\/wp-json\/wp\/v2\/posts\/2461\/revisions\/2471"}],"wp:featuredmedia":[{"embeddable":true,"href":"https:\/\/site.educa.madrid.org\/cp.principesdeasturias.pozuelodealarcon\/index.php\/wp-json\/wp\/v2\/media\/2466"}],"wp:attachment":[{"href":"https:\/\/site.educa.madrid.org\/cp.principesdeasturias.pozuelodealarcon\/index.php\/wp-json\/wp\/v2\/media?parent=2461"}],"wp:term":[{"taxonomy":"category","embeddable":true,"href":"https:\/\/site.educa.madrid.org\/cp.principesdeasturias.pozuelodealarcon\/index.php\/wp-json\/wp\/v2\/categories?post=2461"},{"taxonomy":"post_tag","embeddable":true,"href":"https:\/\/site.educa.madrid.org\/cp.principesdeasturias.pozuelodealarcon\/index.php\/wp-json\/wp\/v2\/tags?post=2461"},{"taxonomy":"post_folder","embeddable":true,"href":"https:\/\/site.educa.madrid.org\/cp.principesdeasturias.pozuelodealarcon\/index.php\/wp-json\/wp\/v2\/post_folder?post=2461"}],"curies":[{"name":"wp","href":"https:\/\/api.w.org\/{rel}","templated":true}]}}