{"id":2556,"date":"2026-02-24T14:36:46","date_gmt":"2026-02-24T13:36:46","guid":{"rendered":"https:\/\/site.educa.madrid.org\/cp.principesdeasturias.pozuelodealarcon\/?p=2556"},"modified":"2026-02-24T14:51:00","modified_gmt":"2026-02-24T13:51:00","slug":"carnaval-2026-el-cine-lleno-de-magia-el-colegio-principes-de-asturias","status":"publish","type":"post","link":"https:\/\/site.educa.madrid.org\/cp.principesdeasturias.pozuelodealarcon\/index.php\/2026\/02\/24\/carnaval-2026-el-cine-lleno-de-magia-el-colegio-principes-de-asturias\/","title":{"rendered":"Carnaval 2026: \u00a1El cine llen\u00f3 de magia el Colegio Pr\u00edncipes de Asturias!"},"content":{"rendered":"<p data-start=\"145\" data-end=\"439\">Este a\u00f1o, nuestro Carnaval 2026 ha brillado con luz propia bajo una tem\u00e1tica muy especial: <strong data-start=\"236\" data-end=\"249\">\u201cEl Cine\u201d<\/strong>, en sinton\u00eda con el proyecto anual que estamos desarrollando durante este curso. Y como no pod\u00eda ser de otra manera\u2026 \u00a1nuestros alumnos estuvieron a la altura de una aut\u00e9ntica alfombra roja!<\/p>\n<p data-start=\"441\" data-end=\"802\">Desde primera hora se respiraba emoci\u00f3n en cada rinc\u00f3n del colegio. La imaginaci\u00f3n y la creatividad se desbordaron en una incre\u00edble variedad de disfraces inspirados en pel\u00edculas famosas, personajes inolvidables de la gran pantalla y tambi\u00e9n en el propio mundo del cine: vimos palomitas gigantes, c\u00e1maras, claquetas, directores de cine\u2026 \u00a1no falt\u00f3 ning\u00fan detalle!<\/p>\n<p data-start=\"804\" data-end=\"1138\">Queremos destacar especialmente la <strong data-start=\"839\" data-end=\"887\">originalidad y el esfuerzo de muchos alumnos<\/strong>, que elaboraron sus propios disfraces con ayuda de sus familias. El resultado fue espectacular: trajes \u00fanicos, llenos de ingenio y creatividad, que demostraron que cuando se mezclan ilusi\u00f3n y trabajo en equipo, el resultado siempre es extraordinario.<\/p>\n<p data-start=\"1140\" data-end=\"1439\">Aunque el tiempo no nos acompa\u00f1\u00f3 y no pudimos realizar el pasacalles por el exterior, el gimnasio se convirti\u00f3 en nuestro particular plat\u00f3 de cine. All\u00ed celebramos un animado pasacalles con m\u00fasica, baile y mucha diversi\u00f3n. Las sonrisas, los aplausos y la energ\u00eda llenaron cada momento de la jornada.<\/p>\n<p data-start=\"1441\" data-end=\"1747\">Como broche final, se entregaron numerosos premios que reconocieron la creatividad, el esfuerzo y la puesta en escena de nuestros peque\u00f1os grandes artistas. Sin embargo, el premio m\u00e1s importante fue para todos nosotros: poder reunirnos, compartir y celebrar juntos, como lo que somos, <strong data-start=\"1726\" data-end=\"1746\">una gran familia<\/strong>.<\/p>\n<p data-start=\"1749\" data-end=\"1864\" data-is-last-node=\"\" data-is-only-node=\"\">Gracias a toda la comunidad educativa por hacer posible un d\u00eda tan especial. \u00a1Corte y\u2026 seguimos rodando juntos!<\/p>\n<div style=\"position: relative; width: 100%; height: 0; padding-top: 56.2500%; padding-bottom: 0; box-shadow: 0 2px 8px 0 rgba(63,69,81,0.16); margin-top: 1.6em; margin-bottom: 0.9em; overflow: hidden; border-radius: 8px; will-change: transform;\"><iframe style=\"position: absolute; width: 75%; height: 75%; top: 0; left: 0; border: none; padding: 0; margin: 0;\" src=\"https:\/\/www.canva.com\/design\/DAHCPWP9Z0Y\/EJVYKXEBGQNC9gJbrCYN5A\/view?embed\" allowfullscreen=\"allowfullscreen\"><span data-mce-type=\"bookmark\" style=\"display: inline-block; width: 0px; overflow: hidden; line-height: 0;\" class=\"mce_SELRES_start\">\ufeff<\/span><br \/>\n<\/iframe><\/div>\n<p>&nbsp;<\/p>\n","protected":false},"excerpt":{"rendered":"<p>Este a\u00f1o, nuestro Carnaval 2026 ha brillado con luz propia bajo una tem\u00e1tica muy especial: \u201cEl Cine\u201d, en sinton\u00eda con el proyecto anual que estamos desarrollando durante este curso. Y como no pod\u00eda ser de otra manera\u2026 \u00a1nuestros alumnos estuvieron a la altura de una aut\u00e9ntica alfombra roja! Desde primera hora se respiraba emoci\u00f3n en<\/p><\/div>\n<div class=\"blog-btn\"><a href=\"https:\/\/site.educa.madrid.org\/cp.principesdeasturias.pozuelodealarcon\/index.php\/2026\/02\/24\/carnaval-2026-el-cine-lleno-de-magia-el-colegio-principes-de-asturias\/\" class=\"home-blog-btn\">Leer m\u00e1s<\/a><\/p>\n","protected":false},"author":2,"featured_media":2559,"comment_status":"open","ping_status":"open","sticky":false,"template":"","format":"standard","meta":{"footnotes":""},"categories":[1],"tags":[],"post_folder":[],"class_list":["post-2556","post","type-post","status-publish","format-standard","has-post-thumbnail","hentry","category-sin-categoria"],"rttpg_featured_image_url":{"full":["https:\/\/site.educa.madrid.org\/cp.principesdeasturias.pozuelodealarcon\/\/wp-content\/uploads\/cp.principesdeasturias.pozuelodealarcon\/2026\/02\/IMG_0458-1-scaled.jpg",2560,1879,false],"landscape":["https:\/\/site.educa.madrid.org\/cp.principesdeasturias.pozuelodealarcon\/\/wp-content\/uploads\/cp.principesdeasturias.pozuelodealarcon\/2026\/02\/IMG_0458-1-scaled.jpg",2560,1879,false],"portraits":["https:\/\/site.educa.madrid.org\/cp.principesdeasturias.pozuelodealarcon\/\/wp-content\/uploads\/cp.principesdeasturias.pozuelodealarcon\/2026\/02\/IMG_0458-1-scaled.jpg",2560,1879,false],"thumbnail":["https:\/\/site.educa.madrid.org\/cp.principesdeasturias.pozuelodealarcon\/\/wp-content\/uploads\/cp.principesdeasturias.pozuelodealarcon\/2026\/02\/IMG_0458-1-150x150.jpg",150,150,true],"medium":["https:\/\/site.educa.madrid.org\/cp.principesdeasturias.pozuelodealarcon\/\/wp-content\/uploads\/cp.principesdeasturias.pozuelodealarcon\/2026\/02\/IMG_0458-1-300x220.jpg",300,220,true],"large":["https:\/\/site.educa.madrid.org\/cp.principesdeasturias.pozuelodealarcon\/\/wp-content\/uploads\/cp.principesdeasturias.pozuelodealarcon\/2026\/02\/IMG_0458-1-1024x751.jpg",696,510,true],"thumblist":["https:\/\/site.educa.madrid.org\/cp.principesdeasturias.pozuelodealarcon\/\/wp-content\/uploads\/cp.principesdeasturias.pozuelodealarcon\/2026\/02\/IMG_0458-1-300x300.jpg",300,300,true],"thumbrelated":["https:\/\/site.educa.madrid.org\/cp.principesdeasturias.pozuelodealarcon\/\/wp-content\/uploads\/cp.principesdeasturias.pozuelodealarcon\/2026\/02\/IMG_0458-1-500x500.jpg",500,500,true],"meccarouselthumb":["https:\/\/site.educa.madrid.org\/cp.principesdeasturias.pozuelodealarcon\/\/wp-content\/uploads\/cp.principesdeasturias.pozuelodealarcon\/2026\/02\/IMG_0458-1-474x324.jpg",474,324,true],"gridsquare":["https:\/\/site.educa.madrid.org\/cp.principesdeasturias.pozuelodealarcon\/\/wp-content\/uploads\/cp.principesdeasturias.pozuelodealarcon\/2026\/02\/IMG_0458-1-391x260.jpg",391,260,true],"tileview":["https:\/\/site.educa.madrid.org\/cp.principesdeasturias.pozuelodealarcon\/\/wp-content\/uploads\/cp.principesdeasturias.pozuelodealarcon\/2026\/02\/IMG_0458-1-300x400.jpg",300,400,true],"1536x1536":["https:\/\/site.educa.madrid.org\/cp.principesdeasturias.pozuelodealarcon\/\/wp-content\/uploads\/cp.principesdeasturias.pozuelodealarcon\/2026\/02\/IMG_0458-1-1536x1127.jpg",1536,1127,true],"2048x2048":["https:\/\/site.educa.madrid.org\/cp.principesdeasturias.pozuelodealarcon\/\/wp-content\/uploads\/cp.principesdeasturias.pozuelodealarcon\/2026\/02\/IMG_0458-1-2048x1503.jpg",2048,1503,true],"sow-carousel-default":["https:\/\/site.educa.madrid.org\/cp.principesdeasturias.pozuelodealarcon\/\/wp-content\/uploads\/cp.principesdeasturias.pozuelodealarcon\/2026\/02\/IMG_0458-1-272x182.jpg",272,182,true],"sow-post-carousel-overlay-theme":["https:\/\/site.educa.madrid.org\/cp.principesdeasturias.pozuelodealarcon\/\/wp-content\/uploads\/cp.principesdeasturias.pozuelodealarcon\/2026\/02\/IMG_0458-1-360x476.jpg",360,476,true],"sow-post-carousel-cards-theme":["https:\/\/site.educa.madrid.org\/cp.principesdeasturias.pozuelodealarcon\/\/wp-content\/uploads\/cp.principesdeasturias.pozuelodealarcon\/2026\/02\/IMG_0458-1-360x240.jpg",360,240,true],"rt_custom":["https:\/\/site.educa.madrid.org\/cp.principesdeasturias.pozuelodealarcon\/\/wp-content\/uploads\/cp.principesdeasturias.pozuelodealarcon\/2026\/02\/IMG_0458-1-scaled.jpg",2560,1879,false]},"rttpg_author":{"display_name":"tic.cp.principesdeasturias.pozuelodealarcon","author_link":"https:\/\/site.educa.madrid.org\/cp.principesdeasturias.pozuelodealarcon\/index.php\/author\/cuenta_tic-cp-principesdeasturias-pozuelodealarcon\/"},"rttpg_comment":0,"rttpg_category":"<a href=\"https:\/\/site.educa.madrid.org\/cp.principesdeasturias.pozuelodealarcon\/index.php\/category\/sin-categoria\/\" rel=\"category tag\">Sin categor\u00eda<\/a>","rttpg_excerpt":"Este a\u00f1o, nuestro Carnaval 2026 ha brillado con luz propia bajo una tem\u00e1tica muy especial: \u201cEl Cine\u201d, en sinton\u00eda con el proyecto anual que estamos desarrollando durante este curso. Y como no pod\u00eda ser de otra manera\u2026 \u00a1nuestros alumnos estuvieron a la altura de una aut\u00e9ntica alfombra roja! Desde primera hora se respiraba emoci\u00f3n enLeer&hellip;","post_mailing_queue_ids":[],"_links":{"self":[{"href":"https:\/\/site.educa.madrid.org\/cp.principesdeasturias.pozuelodealarcon\/index.php\/wp-json\/wp\/v2\/posts\/2556","targetHints":{"allow":["GET"]}}],"collection":[{"href":"https:\/\/site.educa.madrid.org\/cp.principesdeasturias.pozuelodealarcon\/index.php\/wp-json\/wp\/v2\/posts"}],"about":[{"href":"https:\/\/site.educa.madrid.org\/cp.principesdeasturias.pozuelodealarcon\/index.php\/wp-json\/wp\/v2\/types\/post"}],"author":[{"embeddable":true,"href":"https:\/\/site.educa.madrid.org\/cp.principesdeasturias.pozuelodealarcon\/index.php\/wp-json\/wp\/v2\/users\/2"}],"replies":[{"embeddable":true,"href":"https:\/\/site.educa.madrid.org\/cp.principesdeasturias.pozuelodealarcon\/index.php\/wp-json\/wp\/v2\/comments?post=2556"}],"version-history":[{"count":2,"href":"https:\/\/site.educa.madrid.org\/cp.principesdeasturias.pozuelodealarcon\/index.php\/wp-json\/wp\/v2\/posts\/2556\/revisions"}],"predecessor-version":[{"id":2560,"href":"https:\/\/site.educa.madrid.org\/cp.principesdeasturias.pozuelodealarcon\/index.php\/wp-json\/wp\/v2\/posts\/2556\/revisions\/2560"}],"wp:featuredmedia":[{"embeddable":true,"href":"https:\/\/site.educa.madrid.org\/cp.principesdeasturias.pozuelodealarcon\/index.php\/wp-json\/wp\/v2\/media\/2559"}],"wp:attachment":[{"href":"https:\/\/site.educa.madrid.org\/cp.principesdeasturias.pozuelodealarcon\/index.php\/wp-json\/wp\/v2\/media?parent=2556"}],"wp:term":[{"taxonomy":"category","embeddable":true,"href":"https:\/\/site.educa.madrid.org\/cp.principesdeasturias.pozuelodealarcon\/index.php\/wp-json\/wp\/v2\/categories?post=2556"},{"taxonomy":"post_tag","embeddable":true,"href":"https:\/\/site.educa.madrid.org\/cp.principesdeasturias.pozuelodealarcon\/index.php\/wp-json\/wp\/v2\/tags?post=2556"},{"taxonomy":"post_folder","embeddable":true,"href":"https:\/\/site.educa.madrid.org\/cp.principesdeasturias.pozuelodealarcon\/index.php\/wp-json\/wp\/v2\/post_folder?post=2556"}],"curies":[{"name":"wp","href":"https:\/\/api.w.org\/{rel}","templated":true}]}}