{"id":2578,"date":"2026-02-24T22:32:50","date_gmt":"2026-02-24T21:32:50","guid":{"rendered":"https:\/\/site.educa.madrid.org\/cp.principesdeasturias.pozuelodealarcon\/?p=2578"},"modified":"2026-02-24T22:47:12","modified_gmt":"2026-02-24T21:47:12","slug":"capsula-del-tiempo-de-3o-primaria","status":"publish","type":"post","link":"https:\/\/site.educa.madrid.org\/cp.principesdeasturias.pozuelodealarcon\/index.php\/2026\/02\/24\/capsula-del-tiempo-de-3o-primaria\/","title":{"rendered":"C\u00e1psula del tiempo de 3\u00ba primaria"},"content":{"rendered":"\n<p>En 3\u00ba creamos una c\u00e1psula del tiempo a modo de carta para que cuando lleguemos a 6\u00ba de primaria, leamos a nuestro \u00abyo\u00bb del pasado. Con este taller finalizamos el paso del l\u00e1piz al bol\u00edgrafo, que iniciamos en enero con la sesi\u00f3n de escritura creativa con pluma.<\/p>\n","protected":false},"excerpt":{"rendered":"<p>En 3\u00ba creamos una c\u00e1psula del tiempo a modo de carta para que cuando lleguemos a 6\u00ba de primaria, leamos a nuestro \u00abyo\u00bb del pasado. Con este taller finalizamos el paso del l\u00e1piz al bol\u00edgrafo, que iniciamos en enero con la sesi\u00f3n de escritura creativa con pluma.<\/p>\n","protected":false},"author":2,"featured_media":2579,"comment_status":"open","ping_status":"open","sticky":false,"template":"","format":"standard","meta":{"footnotes":""},"categories":[1],"tags":[],"post_folder":[],"class_list":["post-2578","post","type-post","status-publish","format-standard","has-post-thumbnail","hentry","category-sin-categoria"],"rttpg_featured_image_url":{"full":["https:\/\/site.educa.madrid.org\/cp.principesdeasturias.pozuelodealarcon\/\/wp-content\/uploads\/cp.principesdeasturias.pozuelodealarcon\/2026\/02\/Black-and-Red-Modern-Brutalist-Giveaway-Music-Concert-Ticket-Contest-Instagram-Post.png",1080,1350,false],"landscape":["https:\/\/site.educa.madrid.org\/cp.principesdeasturias.pozuelodealarcon\/\/wp-content\/uploads\/cp.principesdeasturias.pozuelodealarcon\/2026\/02\/Black-and-Red-Modern-Brutalist-Giveaway-Music-Concert-Ticket-Contest-Instagram-Post.png",1080,1350,false],"portraits":["https:\/\/site.educa.madrid.org\/cp.principesdeasturias.pozuelodealarcon\/\/wp-content\/uploads\/cp.principesdeasturias.pozuelodealarcon\/2026\/02\/Black-and-Red-Modern-Brutalist-Giveaway-Music-Concert-Ticket-Contest-Instagram-Post.png",1080,1350,false],"thumbnail":["https:\/\/site.educa.madrid.org\/cp.principesdeasturias.pozuelodealarcon\/\/wp-content\/uploads\/cp.principesdeasturias.pozuelodealarcon\/2026\/02\/Black-and-Red-Modern-Brutalist-Giveaway-Music-Concert-Ticket-Contest-Instagram-Post-150x150.png",150,150,true],"medium":["https:\/\/site.educa.madrid.org\/cp.principesdeasturias.pozuelodealarcon\/\/wp-content\/uploads\/cp.principesdeasturias.pozuelodealarcon\/2026\/02\/Black-and-Red-Modern-Brutalist-Giveaway-Music-Concert-Ticket-Contest-Instagram-Post-240x300.png",240,300,true],"large":["https:\/\/site.educa.madrid.org\/cp.principesdeasturias.pozuelodealarcon\/\/wp-content\/uploads\/cp.principesdeasturias.pozuelodealarcon\/2026\/02\/Black-and-Red-Modern-Brutalist-Giveaway-Music-Concert-Ticket-Contest-Instagram-Post-819x1024.png",696,870,true],"thumblist":["https:\/\/site.educa.madrid.org\/cp.principesdeasturias.pozuelodealarcon\/\/wp-content\/uploads\/cp.principesdeasturias.pozuelodealarcon\/2026\/02\/Black-and-Red-Modern-Brutalist-Giveaway-Music-Concert-Ticket-Contest-Instagram-Post-300x300.png",300,300,true],"thumbrelated":["https:\/\/site.educa.madrid.org\/cp.principesdeasturias.pozuelodealarcon\/\/wp-content\/uploads\/cp.principesdeasturias.pozuelodealarcon\/2026\/02\/Black-and-Red-Modern-Brutalist-Giveaway-Music-Concert-Ticket-Contest-Instagram-Post-500x500.png",500,500,true],"meccarouselthumb":["https:\/\/site.educa.madrid.org\/cp.principesdeasturias.pozuelodealarcon\/\/wp-content\/uploads\/cp.principesdeasturias.pozuelodealarcon\/2026\/02\/Black-and-Red-Modern-Brutalist-Giveaway-Music-Concert-Ticket-Contest-Instagram-Post-474x324.png",474,324,true],"gridsquare":["https:\/\/site.educa.madrid.org\/cp.principesdeasturias.pozuelodealarcon\/\/wp-content\/uploads\/cp.principesdeasturias.pozuelodealarcon\/2026\/02\/Black-and-Red-Modern-Brutalist-Giveaway-Music-Concert-Ticket-Contest-Instagram-Post-391x260.png",391,260,true],"tileview":["https:\/\/site.educa.madrid.org\/cp.principesdeasturias.pozuelodealarcon\/\/wp-content\/uploads\/cp.principesdeasturias.pozuelodealarcon\/2026\/02\/Black-and-Red-Modern-Brutalist-Giveaway-Music-Concert-Ticket-Contest-Instagram-Post-300x400.png",300,400,true],"1536x1536":["https:\/\/site.educa.madrid.org\/cp.principesdeasturias.pozuelodealarcon\/\/wp-content\/uploads\/cp.principesdeasturias.pozuelodealarcon\/2026\/02\/Black-and-Red-Modern-Brutalist-Giveaway-Music-Concert-Ticket-Contest-Instagram-Post.png",1080,1350,false],"2048x2048":["https:\/\/site.educa.madrid.org\/cp.principesdeasturias.pozuelodealarcon\/\/wp-content\/uploads\/cp.principesdeasturias.pozuelodealarcon\/2026\/02\/Black-and-Red-Modern-Brutalist-Giveaway-Music-Concert-Ticket-Contest-Instagram-Post.png",1080,1350,false],"sow-carousel-default":["https:\/\/site.educa.madrid.org\/cp.principesdeasturias.pozuelodealarcon\/\/wp-content\/uploads\/cp.principesdeasturias.pozuelodealarcon\/2026\/02\/Black-and-Red-Modern-Brutalist-Giveaway-Music-Concert-Ticket-Contest-Instagram-Post-272x182.png",272,182,true],"sow-post-carousel-overlay-theme":["https:\/\/site.educa.madrid.org\/cp.principesdeasturias.pozuelodealarcon\/\/wp-content\/uploads\/cp.principesdeasturias.pozuelodealarcon\/2026\/02\/Black-and-Red-Modern-Brutalist-Giveaway-Music-Concert-Ticket-Contest-Instagram-Post-360x476.png",360,476,true],"sow-post-carousel-cards-theme":["https:\/\/site.educa.madrid.org\/cp.principesdeasturias.pozuelodealarcon\/\/wp-content\/uploads\/cp.principesdeasturias.pozuelodealarcon\/2026\/02\/Black-and-Red-Modern-Brutalist-Giveaway-Music-Concert-Ticket-Contest-Instagram-Post-360x240.png",360,240,true],"rt_custom":["https:\/\/site.educa.madrid.org\/cp.principesdeasturias.pozuelodealarcon\/\/wp-content\/uploads\/cp.principesdeasturias.pozuelodealarcon\/2026\/02\/Black-and-Red-Modern-Brutalist-Giveaway-Music-Concert-Ticket-Contest-Instagram-Post.png",1080,1350,false]},"rttpg_author":{"display_name":"tic.cp.principesdeasturias.pozuelodealarcon","author_link":"https:\/\/site.educa.madrid.org\/cp.principesdeasturias.pozuelodealarcon\/index.php\/author\/cuenta_tic-cp-principesdeasturias-pozuelodealarcon\/"},"rttpg_comment":0,"rttpg_category":"<a href=\"https:\/\/site.educa.madrid.org\/cp.principesdeasturias.pozuelodealarcon\/index.php\/category\/sin-categoria\/\" rel=\"category tag\">Sin categor\u00eda<\/a>","rttpg_excerpt":"En 3\u00ba creamos una c\u00e1psula del tiempo a modo de carta para que cuando lleguemos a 6\u00ba de primaria, leamos a nuestro \u00abyo\u00bb del pasado. Con este taller finalizamos el paso del l\u00e1piz al bol\u00edgrafo, que iniciamos en enero con la sesi\u00f3n de escritura creativa con pluma.","post_mailing_queue_ids":[],"_links":{"self":[{"href":"https:\/\/site.educa.madrid.org\/cp.principesdeasturias.pozuelodealarcon\/index.php\/wp-json\/wp\/v2\/posts\/2578","targetHints":{"allow":["GET"]}}],"collection":[{"href":"https:\/\/site.educa.madrid.org\/cp.principesdeasturias.pozuelodealarcon\/index.php\/wp-json\/wp\/v2\/posts"}],"about":[{"href":"https:\/\/site.educa.madrid.org\/cp.principesdeasturias.pozuelodealarcon\/index.php\/wp-json\/wp\/v2\/types\/post"}],"author":[{"embeddable":true,"href":"https:\/\/site.educa.madrid.org\/cp.principesdeasturias.pozuelodealarcon\/index.php\/wp-json\/wp\/v2\/users\/2"}],"replies":[{"embeddable":true,"href":"https:\/\/site.educa.madrid.org\/cp.principesdeasturias.pozuelodealarcon\/index.php\/wp-json\/wp\/v2\/comments?post=2578"}],"version-history":[{"count":5,"href":"https:\/\/site.educa.madrid.org\/cp.principesdeasturias.pozuelodealarcon\/index.php\/wp-json\/wp\/v2\/posts\/2578\/revisions"}],"predecessor-version":[{"id":2584,"href":"https:\/\/site.educa.madrid.org\/cp.principesdeasturias.pozuelodealarcon\/index.php\/wp-json\/wp\/v2\/posts\/2578\/revisions\/2584"}],"wp:featuredmedia":[{"embeddable":true,"href":"https:\/\/site.educa.madrid.org\/cp.principesdeasturias.pozuelodealarcon\/index.php\/wp-json\/wp\/v2\/media\/2579"}],"wp:attachment":[{"href":"https:\/\/site.educa.madrid.org\/cp.principesdeasturias.pozuelodealarcon\/index.php\/wp-json\/wp\/v2\/media?parent=2578"}],"wp:term":[{"taxonomy":"category","embeddable":true,"href":"https:\/\/site.educa.madrid.org\/cp.principesdeasturias.pozuelodealarcon\/index.php\/wp-json\/wp\/v2\/categories?post=2578"},{"taxonomy":"post_tag","embeddable":true,"href":"https:\/\/site.educa.madrid.org\/cp.principesdeasturias.pozuelodealarcon\/index.php\/wp-json\/wp\/v2\/tags?post=2578"},{"taxonomy":"post_folder","embeddable":true,"href":"https:\/\/site.educa.madrid.org\/cp.principesdeasturias.pozuelodealarcon\/index.php\/wp-json\/wp\/v2\/post_folder?post=2578"}],"curies":[{"name":"wp","href":"https:\/\/api.w.org\/{rel}","templated":true}]}}