{"id":2736,"date":"2026-03-22T21:51:31","date_gmt":"2026-03-22T20:51:31","guid":{"rendered":"https:\/\/site.educa.madrid.org\/cp.principesdeasturias.pozuelodealarcon\/?p=2736"},"modified":"2026-03-22T21:52:00","modified_gmt":"2026-03-22T20:52:00","slug":"ecoaventuras-en-secundaria","status":"publish","type":"post","link":"https:\/\/site.educa.madrid.org\/cp.principesdeasturias.pozuelodealarcon\/index.php\/2026\/03\/22\/ecoaventuras-en-secundaria\/","title":{"rendered":"Ecoaventuras en Secundaria"},"content":{"rendered":"<p>Los alumnos de 1\u00ba ESO, han disfrutado de la actividad en bicibleta \u00abECOAVENTURAS\u00bb organizada por el Aula de Educaci\u00f3n Ambiental del Ayuntamiento de Pozuelo de Alarc\u00f3n en el Parque Forestal Adolfo Su\u00e1rez.<\/p>\n<p>Una experiencia que combina naturaleza, educaci\u00f3n vial y trasporte sostenible, fomentando:<\/p>\n<ul>\n<li>Conciencia ambienta.<\/li>\n<li>Estilos de vida sostenibles<\/li>\n<li>Seguridad vial<\/li>\n<li>Aprendizaje activo<\/li>\n<li>Bienestar f\u00edsico y mental<\/li>\n<\/ul>\n<p>Adem\u00e1s, han aprendido a reconocer especies de fauna y flora del ecosistema mediterr\u00e1neo. \u00a1 Un d\u00eda fabuloso de aprendizaje al aire libre !<\/p>\n<p><img loading=\"lazy\" decoding=\"async\" class=\"aligncenter wp-image-2738 size-large\" src=\"https:\/\/site.educa.madrid.org\/cp.principesdeasturias.pozuelodealarcon\/\/wp-content\/uploads\/cp.principesdeasturias.pozuelodealarcon\/2026\/03\/IMG-20260227-WA0021-768x1024.jpg\" alt=\"\" width=\"696\" height=\"928\" \/> <img loading=\"lazy\" decoding=\"async\" class=\"aligncenter wp-image-2737 size-large\" src=\"https:\/\/site.educa.madrid.org\/cp.principesdeasturias.pozuelodealarcon\/\/wp-content\/uploads\/cp.principesdeasturias.pozuelodealarcon\/2026\/03\/IMG-20260227-WA0024-768x1024.jpg\" alt=\"\" width=\"696\" height=\"928\" srcset=\"https:\/\/site.educa.madrid.org\/cp.principesdeasturias.pozuelodealarcon\/\/wp-content\/uploads\/cp.principesdeasturias.pozuelodealarcon\/2026\/03\/IMG-20260227-WA0024-768x1024.jpg 768w, https:\/\/site.educa.madrid.org\/cp.principesdeasturias.pozuelodealarcon\/\/wp-content\/uploads\/cp.principesdeasturias.pozuelodealarcon\/2026\/03\/IMG-20260227-WA0024-225x300.jpg 225w, https:\/\/site.educa.madrid.org\/cp.principesdeasturias.pozuelodealarcon\/\/wp-content\/uploads\/cp.principesdeasturias.pozuelodealarcon\/2026\/03\/IMG-20260227-WA0024-300x400.jpg 300w, https:\/\/site.educa.madrid.org\/cp.principesdeasturias.pozuelodealarcon\/\/wp-content\/uploads\/cp.principesdeasturias.pozuelodealarcon\/2026\/03\/IMG-20260227-WA0024-1152x1536.jpg 1152w, https:\/\/site.educa.madrid.org\/cp.principesdeasturias.pozuelodealarcon\/\/wp-content\/uploads\/cp.principesdeasturias.pozuelodealarcon\/2026\/03\/IMG-20260227-WA0024.jpg 1200w\" sizes=\"auto, (max-width: 696px) 100vw, 696px\" \/><\/p>\n","protected":false},"excerpt":{"rendered":"<p>Los alumnos de 1\u00ba ESO, han disfrutado de la actividad en bicibleta \u00abECOAVENTURAS\u00bb organizada por el Aula de Educaci\u00f3n Ambiental del Ayuntamiento de Pozuelo de Alarc\u00f3n en el Parque Forestal Adolfo Su\u00e1rez. Una experiencia que combina naturaleza, educaci\u00f3n vial y trasporte sostenible, fomentando: Conciencia ambienta. Estilos de vida sostenibles Seguridad vial Aprendizaje activo Bienestar f\u00edsico<\/p><\/div>\n<div class=\"blog-btn\"><a href=\"https:\/\/site.educa.madrid.org\/cp.principesdeasturias.pozuelodealarcon\/index.php\/2026\/03\/22\/ecoaventuras-en-secundaria\/\" class=\"home-blog-btn\">Leer m\u00e1s<\/a><\/p>\n","protected":false},"author":2,"featured_media":2738,"comment_status":"open","ping_status":"open","sticky":false,"template":"","format":"standard","meta":{"footnotes":""},"categories":[1],"tags":[],"post_folder":[],"class_list":["post-2736","post","type-post","status-publish","format-standard","has-post-thumbnail","hentry","category-sin-categoria"],"rttpg_featured_image_url":{"full":["https:\/\/site.educa.madrid.org\/cp.principesdeasturias.pozuelodealarcon\/\/wp-content\/uploads\/cp.principesdeasturias.pozuelodealarcon\/2026\/03\/IMG-20260227-WA0021-e1774212712365.jpg",50,67,false],"landscape":["https:\/\/site.educa.madrid.org\/cp.principesdeasturias.pozuelodealarcon\/\/wp-content\/uploads\/cp.principesdeasturias.pozuelodealarcon\/2026\/03\/IMG-20260227-WA0021-e1774212712365.jpg",50,67,false],"portraits":["https:\/\/site.educa.madrid.org\/cp.principesdeasturias.pozuelodealarcon\/\/wp-content\/uploads\/cp.principesdeasturias.pozuelodealarcon\/2026\/03\/IMG-20260227-WA0021-e1774212712365.jpg",50,67,false],"thumbnail":["https:\/\/site.educa.madrid.org\/cp.principesdeasturias.pozuelodealarcon\/\/wp-content\/uploads\/cp.principesdeasturias.pozuelodealarcon\/2026\/03\/IMG-20260227-WA0021-150x150.jpg",150,150,true],"medium":["https:\/\/site.educa.madrid.org\/cp.principesdeasturias.pozuelodealarcon\/\/wp-content\/uploads\/cp.principesdeasturias.pozuelodealarcon\/2026\/03\/IMG-20260227-WA0021-225x300.jpg",225,300,true],"large":["https:\/\/site.educa.madrid.org\/cp.principesdeasturias.pozuelodealarcon\/\/wp-content\/uploads\/cp.principesdeasturias.pozuelodealarcon\/2026\/03\/IMG-20260227-WA0021-768x1024.jpg",696,928,true],"thumblist":["https:\/\/site.educa.madrid.org\/cp.principesdeasturias.pozuelodealarcon\/\/wp-content\/uploads\/cp.principesdeasturias.pozuelodealarcon\/2026\/03\/IMG-20260227-WA0021-300x300.jpg",300,300,true],"thumbrelated":["https:\/\/site.educa.madrid.org\/cp.principesdeasturias.pozuelodealarcon\/\/wp-content\/uploads\/cp.principesdeasturias.pozuelodealarcon\/2026\/03\/IMG-20260227-WA0021-500x500.jpg",500,500,true],"meccarouselthumb":["https:\/\/site.educa.madrid.org\/cp.principesdeasturias.pozuelodealarcon\/\/wp-content\/uploads\/cp.principesdeasturias.pozuelodealarcon\/2026\/03\/IMG-20260227-WA0021-474x324.jpg",474,324,true],"gridsquare":["https:\/\/site.educa.madrid.org\/cp.principesdeasturias.pozuelodealarcon\/\/wp-content\/uploads\/cp.principesdeasturias.pozuelodealarcon\/2026\/03\/IMG-20260227-WA0021-391x260.jpg",391,260,true],"tileview":["https:\/\/site.educa.madrid.org\/cp.principesdeasturias.pozuelodealarcon\/\/wp-content\/uploads\/cp.principesdeasturias.pozuelodealarcon\/2026\/03\/IMG-20260227-WA0021-300x400.jpg",300,400,true],"1536x1536":["https:\/\/site.educa.madrid.org\/cp.principesdeasturias.pozuelodealarcon\/\/wp-content\/uploads\/cp.principesdeasturias.pozuelodealarcon\/2026\/03\/IMG-20260227-WA0021-1152x1536.jpg",1152,1536,true],"2048x2048":["https:\/\/site.educa.madrid.org\/cp.principesdeasturias.pozuelodealarcon\/\/wp-content\/uploads\/cp.principesdeasturias.pozuelodealarcon\/2026\/03\/IMG-20260227-WA0021-e1774212712365.jpg",50,67,false],"sow-carousel-default":["https:\/\/site.educa.madrid.org\/cp.principesdeasturias.pozuelodealarcon\/\/wp-content\/uploads\/cp.principesdeasturias.pozuelodealarcon\/2026\/03\/IMG-20260227-WA0021-272x182.jpg",272,182,true],"sow-post-carousel-overlay-theme":["https:\/\/site.educa.madrid.org\/cp.principesdeasturias.pozuelodealarcon\/\/wp-content\/uploads\/cp.principesdeasturias.pozuelodealarcon\/2026\/03\/IMG-20260227-WA0021-360x476.jpg",360,476,true],"sow-post-carousel-cards-theme":["https:\/\/site.educa.madrid.org\/cp.principesdeasturias.pozuelodealarcon\/\/wp-content\/uploads\/cp.principesdeasturias.pozuelodealarcon\/2026\/03\/IMG-20260227-WA0021-360x240.jpg",360,240,true],"rt_custom":["https:\/\/site.educa.madrid.org\/cp.principesdeasturias.pozuelodealarcon\/\/wp-content\/uploads\/cp.principesdeasturias.pozuelodealarcon\/2026\/03\/IMG-20260227-WA0021-e1774212712365.jpg",50,67,false]},"rttpg_author":{"display_name":"tic.cp.principesdeasturias.pozuelodealarcon","author_link":"https:\/\/site.educa.madrid.org\/cp.principesdeasturias.pozuelodealarcon\/index.php\/author\/cuenta_tic-cp-principesdeasturias-pozuelodealarcon\/"},"rttpg_comment":0,"rttpg_category":"<a href=\"https:\/\/site.educa.madrid.org\/cp.principesdeasturias.pozuelodealarcon\/index.php\/category\/sin-categoria\/\" rel=\"category tag\">Sin categor\u00eda<\/a>","rttpg_excerpt":"Los alumnos de 1\u00ba ESO, han disfrutado de la actividad en bicibleta \u00abECOAVENTURAS\u00bb organizada por el Aula de Educaci\u00f3n Ambiental del Ayuntamiento de Pozuelo de Alarc\u00f3n en el Parque Forestal Adolfo Su\u00e1rez. Una experiencia que combina naturaleza, educaci\u00f3n vial y trasporte sostenible, fomentando: Conciencia ambienta. Estilos de vida sostenibles Seguridad vial Aprendizaje activo Bienestar f\u00edsicoLeer&hellip;","post_mailing_queue_ids":[],"_links":{"self":[{"href":"https:\/\/site.educa.madrid.org\/cp.principesdeasturias.pozuelodealarcon\/index.php\/wp-json\/wp\/v2\/posts\/2736","targetHints":{"allow":["GET"]}}],"collection":[{"href":"https:\/\/site.educa.madrid.org\/cp.principesdeasturias.pozuelodealarcon\/index.php\/wp-json\/wp\/v2\/posts"}],"about":[{"href":"https:\/\/site.educa.madrid.org\/cp.principesdeasturias.pozuelodealarcon\/index.php\/wp-json\/wp\/v2\/types\/post"}],"author":[{"embeddable":true,"href":"https:\/\/site.educa.madrid.org\/cp.principesdeasturias.pozuelodealarcon\/index.php\/wp-json\/wp\/v2\/users\/2"}],"replies":[{"embeddable":true,"href":"https:\/\/site.educa.madrid.org\/cp.principesdeasturias.pozuelodealarcon\/index.php\/wp-json\/wp\/v2\/comments?post=2736"}],"version-history":[{"count":1,"href":"https:\/\/site.educa.madrid.org\/cp.principesdeasturias.pozuelodealarcon\/index.php\/wp-json\/wp\/v2\/posts\/2736\/revisions"}],"predecessor-version":[{"id":2739,"href":"https:\/\/site.educa.madrid.org\/cp.principesdeasturias.pozuelodealarcon\/index.php\/wp-json\/wp\/v2\/posts\/2736\/revisions\/2739"}],"wp:featuredmedia":[{"embeddable":true,"href":"https:\/\/site.educa.madrid.org\/cp.principesdeasturias.pozuelodealarcon\/index.php\/wp-json\/wp\/v2\/media\/2738"}],"wp:attachment":[{"href":"https:\/\/site.educa.madrid.org\/cp.principesdeasturias.pozuelodealarcon\/index.php\/wp-json\/wp\/v2\/media?parent=2736"}],"wp:term":[{"taxonomy":"category","embeddable":true,"href":"https:\/\/site.educa.madrid.org\/cp.principesdeasturias.pozuelodealarcon\/index.php\/wp-json\/wp\/v2\/categories?post=2736"},{"taxonomy":"post_tag","embeddable":true,"href":"https:\/\/site.educa.madrid.org\/cp.principesdeasturias.pozuelodealarcon\/index.php\/wp-json\/wp\/v2\/tags?post=2736"},{"taxonomy":"post_folder","embeddable":true,"href":"https:\/\/site.educa.madrid.org\/cp.principesdeasturias.pozuelodealarcon\/index.php\/wp-json\/wp\/v2\/post_folder?post=2736"}],"curies":[{"name":"wp","href":"https:\/\/api.w.org\/{rel}","templated":true}]}}