{"id":2786,"date":"2026-03-22T23:13:51","date_gmt":"2026-03-22T22:13:51","guid":{"rendered":"https:\/\/site.educa.madrid.org\/cp.principesdeasturias.pozuelodealarcon\/?p=2786"},"modified":"2026-03-22T23:14:59","modified_gmt":"2026-03-22T22:14:59","slug":"los-alumnos-de-infantil-nos-vamos-al-cine","status":"publish","type":"post","link":"https:\/\/site.educa.madrid.org\/cp.principesdeasturias.pozuelodealarcon\/index.php\/2026\/03\/22\/los-alumnos-de-infantil-nos-vamos-al-cine\/","title":{"rendered":"Los alumnos de Infantil nos vamos al cine"},"content":{"rendered":"<p>El d\u00eda 13 de marzo los alumnos de Infantil hemos vivido una ma\u00f1ana muy emocionante realizando nuestra primera excursi\u00f3n juntos al cine. Una actividad muy especial, relacionada con el proyecto del centro que estamos trabajando este a\u00f1o, \u00abLuces, c\u00e1mara&#8230; \u00a1 acci\u00f3n !\u00bb con el que estamos descubriendo el mundo del cine.<br \/>\nHemos disfrutado mucho viendo la pel\u00edcula \u00abBilly el h\u00e1mster cowboy\u00bb y despu\u00e9s hemos compartido un peque\u00f1o picnic donde las profes nos han dado unas galletas antes de volver al cole.<br \/>\n\u00a1 Una ma\u00f1ana de 10 llena de cine, ilusi\u00f3n buenos momentos !<br \/>\n<img loading=\"lazy\" decoding=\"async\" class=\"aligncenter wp-image-2787 size-large\" src=\"https:\/\/site.educa.madrid.org\/cp.principesdeasturias.pozuelodealarcon\/\/wp-content\/uploads\/cp.principesdeasturias.pozuelodealarcon\/2026\/03\/IMG-20260313-WA0019-768x1024.jpg\" alt=\"\" width=\"696\" height=\"928\" \/><\/p>\n","protected":false},"excerpt":{"rendered":"<p>El d\u00eda 13 de marzo los alumnos de Infantil hemos vivido una ma\u00f1ana muy emocionante realizando nuestra primera excursi\u00f3n juntos al cine. Una actividad muy especial, relacionada con el proyecto del centro que estamos trabajando este a\u00f1o, \u00abLuces, c\u00e1mara&#8230; \u00a1 acci\u00f3n !\u00bb con el que estamos descubriendo el mundo del cine. Hemos disfrutado mucho viendo<\/p><\/div>\n<div class=\"blog-btn\"><a href=\"https:\/\/site.educa.madrid.org\/cp.principesdeasturias.pozuelodealarcon\/index.php\/2026\/03\/22\/los-alumnos-de-infantil-nos-vamos-al-cine\/\" class=\"home-blog-btn\">Leer m\u00e1s<\/a><\/p>\n","protected":false},"author":2,"featured_media":2787,"comment_status":"open","ping_status":"open","sticky":false,"template":"","format":"standard","meta":{"footnotes":""},"categories":[1],"tags":[],"post_folder":[],"class_list":["post-2786","post","type-post","status-publish","format-standard","has-post-thumbnail","hentry","category-sin-categoria"],"rttpg_featured_image_url":{"full":["https:\/\/site.educa.madrid.org\/cp.principesdeasturias.pozuelodealarcon\/\/wp-content\/uploads\/cp.principesdeasturias.pozuelodealarcon\/2026\/03\/IMG-20260313-WA0019-e1774217695719.jpg",20,27,false],"landscape":["https:\/\/site.educa.madrid.org\/cp.principesdeasturias.pozuelodealarcon\/\/wp-content\/uploads\/cp.principesdeasturias.pozuelodealarcon\/2026\/03\/IMG-20260313-WA0019-e1774217695719.jpg",20,27,false],"portraits":["https:\/\/site.educa.madrid.org\/cp.principesdeasturias.pozuelodealarcon\/\/wp-content\/uploads\/cp.principesdeasturias.pozuelodealarcon\/2026\/03\/IMG-20260313-WA0019-e1774217695719.jpg",20,27,false],"thumbnail":["https:\/\/site.educa.madrid.org\/cp.principesdeasturias.pozuelodealarcon\/\/wp-content\/uploads\/cp.principesdeasturias.pozuelodealarcon\/2026\/03\/IMG-20260313-WA0019-150x150.jpg",150,150,true],"medium":["https:\/\/site.educa.madrid.org\/cp.principesdeasturias.pozuelodealarcon\/\/wp-content\/uploads\/cp.principesdeasturias.pozuelodealarcon\/2026\/03\/IMG-20260313-WA0019-225x300.jpg",225,300,true],"large":["https:\/\/site.educa.madrid.org\/cp.principesdeasturias.pozuelodealarcon\/\/wp-content\/uploads\/cp.principesdeasturias.pozuelodealarcon\/2026\/03\/IMG-20260313-WA0019-768x1024.jpg",696,928,true],"thumblist":["https:\/\/site.educa.madrid.org\/cp.principesdeasturias.pozuelodealarcon\/\/wp-content\/uploads\/cp.principesdeasturias.pozuelodealarcon\/2026\/03\/IMG-20260313-WA0019-300x300.jpg",300,300,true],"thumbrelated":["https:\/\/site.educa.madrid.org\/cp.principesdeasturias.pozuelodealarcon\/\/wp-content\/uploads\/cp.principesdeasturias.pozuelodealarcon\/2026\/03\/IMG-20260313-WA0019-500x500.jpg",500,500,true],"meccarouselthumb":["https:\/\/site.educa.madrid.org\/cp.principesdeasturias.pozuelodealarcon\/\/wp-content\/uploads\/cp.principesdeasturias.pozuelodealarcon\/2026\/03\/IMG-20260313-WA0019-474x324.jpg",474,324,true],"gridsquare":["https:\/\/site.educa.madrid.org\/cp.principesdeasturias.pozuelodealarcon\/\/wp-content\/uploads\/cp.principesdeasturias.pozuelodealarcon\/2026\/03\/IMG-20260313-WA0019-391x260.jpg",391,260,true],"tileview":["https:\/\/site.educa.madrid.org\/cp.principesdeasturias.pozuelodealarcon\/\/wp-content\/uploads\/cp.principesdeasturias.pozuelodealarcon\/2026\/03\/IMG-20260313-WA0019-300x400.jpg",300,400,true],"1536x1536":["https:\/\/site.educa.madrid.org\/cp.principesdeasturias.pozuelodealarcon\/\/wp-content\/uploads\/cp.principesdeasturias.pozuelodealarcon\/2026\/03\/IMG-20260313-WA0019-1152x1536.jpg",1152,1536,true],"2048x2048":["https:\/\/site.educa.madrid.org\/cp.principesdeasturias.pozuelodealarcon\/\/wp-content\/uploads\/cp.principesdeasturias.pozuelodealarcon\/2026\/03\/IMG-20260313-WA0019-e1774217695719.jpg",20,27,false],"sow-carousel-default":["https:\/\/site.educa.madrid.org\/cp.principesdeasturias.pozuelodealarcon\/\/wp-content\/uploads\/cp.principesdeasturias.pozuelodealarcon\/2026\/03\/IMG-20260313-WA0019-272x182.jpg",272,182,true],"sow-post-carousel-overlay-theme":["https:\/\/site.educa.madrid.org\/cp.principesdeasturias.pozuelodealarcon\/\/wp-content\/uploads\/cp.principesdeasturias.pozuelodealarcon\/2026\/03\/IMG-20260313-WA0019-360x476.jpg",360,476,true],"sow-post-carousel-cards-theme":["https:\/\/site.educa.madrid.org\/cp.principesdeasturias.pozuelodealarcon\/\/wp-content\/uploads\/cp.principesdeasturias.pozuelodealarcon\/2026\/03\/IMG-20260313-WA0019-360x240.jpg",360,240,true],"rt_custom":["https:\/\/site.educa.madrid.org\/cp.principesdeasturias.pozuelodealarcon\/\/wp-content\/uploads\/cp.principesdeasturias.pozuelodealarcon\/2026\/03\/IMG-20260313-WA0019-e1774217695719.jpg",20,27,false]},"rttpg_author":{"display_name":"tic.cp.principesdeasturias.pozuelodealarcon","author_link":"https:\/\/site.educa.madrid.org\/cp.principesdeasturias.pozuelodealarcon\/index.php\/author\/cuenta_tic-cp-principesdeasturias-pozuelodealarcon\/"},"rttpg_comment":0,"rttpg_category":"<a href=\"https:\/\/site.educa.madrid.org\/cp.principesdeasturias.pozuelodealarcon\/index.php\/category\/sin-categoria\/\" rel=\"category tag\">Sin categor\u00eda<\/a>","rttpg_excerpt":"El d\u00eda 13 de marzo los alumnos de Infantil hemos vivido una ma\u00f1ana muy emocionante realizando nuestra primera excursi\u00f3n juntos al cine. Una actividad muy especial, relacionada con el proyecto del centro que estamos trabajando este a\u00f1o, \u00abLuces, c\u00e1mara&#8230; \u00a1 acci\u00f3n !\u00bb con el que estamos descubriendo el mundo del cine. Hemos disfrutado mucho viendoLeer&hellip;","post_mailing_queue_ids":[],"_links":{"self":[{"href":"https:\/\/site.educa.madrid.org\/cp.principesdeasturias.pozuelodealarcon\/index.php\/wp-json\/wp\/v2\/posts\/2786","targetHints":{"allow":["GET"]}}],"collection":[{"href":"https:\/\/site.educa.madrid.org\/cp.principesdeasturias.pozuelodealarcon\/index.php\/wp-json\/wp\/v2\/posts"}],"about":[{"href":"https:\/\/site.educa.madrid.org\/cp.principesdeasturias.pozuelodealarcon\/index.php\/wp-json\/wp\/v2\/types\/post"}],"author":[{"embeddable":true,"href":"https:\/\/site.educa.madrid.org\/cp.principesdeasturias.pozuelodealarcon\/index.php\/wp-json\/wp\/v2\/users\/2"}],"replies":[{"embeddable":true,"href":"https:\/\/site.educa.madrid.org\/cp.principesdeasturias.pozuelodealarcon\/index.php\/wp-json\/wp\/v2\/comments?post=2786"}],"version-history":[{"count":2,"href":"https:\/\/site.educa.madrid.org\/cp.principesdeasturias.pozuelodealarcon\/index.php\/wp-json\/wp\/v2\/posts\/2786\/revisions"}],"predecessor-version":[{"id":2789,"href":"https:\/\/site.educa.madrid.org\/cp.principesdeasturias.pozuelodealarcon\/index.php\/wp-json\/wp\/v2\/posts\/2786\/revisions\/2789"}],"wp:featuredmedia":[{"embeddable":true,"href":"https:\/\/site.educa.madrid.org\/cp.principesdeasturias.pozuelodealarcon\/index.php\/wp-json\/wp\/v2\/media\/2787"}],"wp:attachment":[{"href":"https:\/\/site.educa.madrid.org\/cp.principesdeasturias.pozuelodealarcon\/index.php\/wp-json\/wp\/v2\/media?parent=2786"}],"wp:term":[{"taxonomy":"category","embeddable":true,"href":"https:\/\/site.educa.madrid.org\/cp.principesdeasturias.pozuelodealarcon\/index.php\/wp-json\/wp\/v2\/categories?post=2786"},{"taxonomy":"post_tag","embeddable":true,"href":"https:\/\/site.educa.madrid.org\/cp.principesdeasturias.pozuelodealarcon\/index.php\/wp-json\/wp\/v2\/tags?post=2786"},{"taxonomy":"post_folder","embeddable":true,"href":"https:\/\/site.educa.madrid.org\/cp.principesdeasturias.pozuelodealarcon\/index.php\/wp-json\/wp\/v2\/post_folder?post=2786"}],"curies":[{"name":"wp","href":"https:\/\/api.w.org\/{rel}","templated":true}]}}