{"id":2797,"date":"2026-04-01T14:19:05","date_gmt":"2026-04-01T12:19:05","guid":{"rendered":"https:\/\/site.educa.madrid.org\/cp.principesdeasturias.pozuelodealarcon\/?p=2797"},"modified":"2026-04-01T14:22:41","modified_gmt":"2026-04-01T12:22:41","slug":"semana-cultural-2026-un-cole-de-cine","status":"publish","type":"post","link":"https:\/\/site.educa.madrid.org\/cp.principesdeasturias.pozuelodealarcon\/index.php\/2026\/04\/01\/semana-cultural-2026-un-cole-de-cine\/","title":{"rendered":"Semana Cultural 2026 \u00abUn cole de cine\u00bb"},"content":{"rendered":"<p>Finaliz\u00f3 la Semana Cultural 2026 en nuestro colegio. A lo largo de unos d\u00edas alumnos, profesores y familias han compartido el resultado de los trabajos realizado a lo largo de este curso escolar sobre el cine, en concreto, \u00abUn cole de cine\u00bb t\u00edtulo que daba nombre al mismo. Se pudo disfrutar de la exposici\u00f3n de trabajos en el gimnasio, conocer propuestas como el stand de rob\u00f3tica y el \u00e1rea de inclusi\u00f3n del aula TEA, y compartir momentos de juego en el patio adem\u00e1s de compartir un delicioso y saludable desayuno mediterr\u00e1neo.<\/p>\n<p>En la Semana Cultural han participado todos los niveles educativos \u2014Infantil, Primaria y Secundaria\u2014 mediante la realizaci\u00f3n de diferentes trabajos y actividades relacionadas con esta tem\u00e1tica. El resultado ha sido espectacular.Las familias han podido disfrutar de distintos itinerarios organizados para ver, compartir y conocer de cerca c\u00f3mo se trabaja en el CEIPSO Pr\u00edncipes de Asturias de Pozuelo.<\/p>\n<p>En la presentaci\u00f3n que acompa\u00f1a este texto se recoge, a trav\u00e9s de im\u00e1genes, el desarrollo de esta semana tan especial, que sin duda ha sido todo un \u00e9xito.<\/p>\n<div style=\"position: relative; width: 100%; height: 0; padding-top: 56.2500%; padding-bottom: 0; box-shadow: 0 2px 8px 0 rgba(63,69,81,0.16); margin-top: 1.6em; margin-bottom: 0.9em; overflow: hidden; border-radius: 8px; will-change: transform;\"><iframe style=\"position: absolute; width: 100%; height: 100%; top: 0; left: 0; border: none; padding: 0; margin: 0;\" src=\"https:\/\/www.canva.com\/design\/DAHFCjOrXLA\/hhtQBQY8srHCNoOHlka1Gg\/view?embed\" allowfullscreen=\"allowfullscreen\"><br \/>\n<\/iframe><\/div>\n","protected":false},"excerpt":{"rendered":"<p>Finaliz\u00f3 la Semana Cultural 2026 en nuestro colegio. A lo largo de unos d\u00edas alumnos, profesores y familias han compartido el resultado de los trabajos realizado a lo largo de este curso escolar sobre el cine, en concreto, \u00abUn cole de cine\u00bb t\u00edtulo que daba nombre al mismo. Se pudo disfrutar de la exposici\u00f3n de<\/p><\/div>\n<div class=\"blog-btn\"><a href=\"https:\/\/site.educa.madrid.org\/cp.principesdeasturias.pozuelodealarcon\/index.php\/2026\/04\/01\/semana-cultural-2026-un-cole-de-cine\/\" class=\"home-blog-btn\">Leer m\u00e1s<\/a><\/p>\n","protected":false},"author":2,"featured_media":2800,"comment_status":"open","ping_status":"open","sticky":false,"template":"","format":"standard","meta":{"footnotes":""},"categories":[1],"tags":[],"post_folder":[],"class_list":["post-2797","post","type-post","status-publish","format-standard","has-post-thumbnail","hentry","category-sin-categoria"],"rttpg_featured_image_url":{"full":["https:\/\/site.educa.madrid.org\/cp.principesdeasturias.pozuelodealarcon\/\/wp-content\/uploads\/cp.principesdeasturias.pozuelodealarcon\/2026\/04\/SEMANA-CULTURAL-2026-.png",573,382,false],"landscape":["https:\/\/site.educa.madrid.org\/cp.principesdeasturias.pozuelodealarcon\/\/wp-content\/uploads\/cp.principesdeasturias.pozuelodealarcon\/2026\/04\/SEMANA-CULTURAL-2026-.png",573,382,false],"portraits":["https:\/\/site.educa.madrid.org\/cp.principesdeasturias.pozuelodealarcon\/\/wp-content\/uploads\/cp.principesdeasturias.pozuelodealarcon\/2026\/04\/SEMANA-CULTURAL-2026-.png",573,382,false],"thumbnail":["https:\/\/site.educa.madrid.org\/cp.principesdeasturias.pozuelodealarcon\/\/wp-content\/uploads\/cp.principesdeasturias.pozuelodealarcon\/2026\/04\/SEMANA-CULTURAL-2026--150x150.png",150,150,true],"medium":["https:\/\/site.educa.madrid.org\/cp.principesdeasturias.pozuelodealarcon\/\/wp-content\/uploads\/cp.principesdeasturias.pozuelodealarcon\/2026\/04\/SEMANA-CULTURAL-2026--300x200.png",300,200,true],"large":["https:\/\/site.educa.madrid.org\/cp.principesdeasturias.pozuelodealarcon\/\/wp-content\/uploads\/cp.principesdeasturias.pozuelodealarcon\/2026\/04\/SEMANA-CULTURAL-2026-.png",573,382,false],"thumblist":["https:\/\/site.educa.madrid.org\/cp.principesdeasturias.pozuelodealarcon\/\/wp-content\/uploads\/cp.principesdeasturias.pozuelodealarcon\/2026\/04\/SEMANA-CULTURAL-2026--300x300.png",300,300,true],"thumbrelated":["https:\/\/site.educa.madrid.org\/cp.principesdeasturias.pozuelodealarcon\/\/wp-content\/uploads\/cp.principesdeasturias.pozuelodealarcon\/2026\/04\/SEMANA-CULTURAL-2026--500x382.png",500,382,true],"meccarouselthumb":["https:\/\/site.educa.madrid.org\/cp.principesdeasturias.pozuelodealarcon\/\/wp-content\/uploads\/cp.principesdeasturias.pozuelodealarcon\/2026\/04\/SEMANA-CULTURAL-2026--474x324.png",474,324,true],"gridsquare":["https:\/\/site.educa.madrid.org\/cp.principesdeasturias.pozuelodealarcon\/\/wp-content\/uploads\/cp.principesdeasturias.pozuelodealarcon\/2026\/04\/SEMANA-CULTURAL-2026--391x260.png",391,260,true],"tileview":["https:\/\/site.educa.madrid.org\/cp.principesdeasturias.pozuelodealarcon\/\/wp-content\/uploads\/cp.principesdeasturias.pozuelodealarcon\/2026\/04\/SEMANA-CULTURAL-2026--300x382.png",300,382,true],"1536x1536":["https:\/\/site.educa.madrid.org\/cp.principesdeasturias.pozuelodealarcon\/\/wp-content\/uploads\/cp.principesdeasturias.pozuelodealarcon\/2026\/04\/SEMANA-CULTURAL-2026-.png",573,382,false],"2048x2048":["https:\/\/site.educa.madrid.org\/cp.principesdeasturias.pozuelodealarcon\/\/wp-content\/uploads\/cp.principesdeasturias.pozuelodealarcon\/2026\/04\/SEMANA-CULTURAL-2026-.png",573,382,false],"sow-carousel-default":["https:\/\/site.educa.madrid.org\/cp.principesdeasturias.pozuelodealarcon\/\/wp-content\/uploads\/cp.principesdeasturias.pozuelodealarcon\/2026\/04\/SEMANA-CULTURAL-2026--272x182.png",272,182,true],"sow-post-carousel-overlay-theme":["https:\/\/site.educa.madrid.org\/cp.principesdeasturias.pozuelodealarcon\/\/wp-content\/uploads\/cp.principesdeasturias.pozuelodealarcon\/2026\/04\/SEMANA-CULTURAL-2026--360x382.png",360,382,true],"sow-post-carousel-cards-theme":["https:\/\/site.educa.madrid.org\/cp.principesdeasturias.pozuelodealarcon\/\/wp-content\/uploads\/cp.principesdeasturias.pozuelodealarcon\/2026\/04\/SEMANA-CULTURAL-2026--360x240.png",360,240,true],"rt_custom":["https:\/\/site.educa.madrid.org\/cp.principesdeasturias.pozuelodealarcon\/\/wp-content\/uploads\/cp.principesdeasturias.pozuelodealarcon\/2026\/04\/SEMANA-CULTURAL-2026-.png",573,382,false]},"rttpg_author":{"display_name":"tic.cp.principesdeasturias.pozuelodealarcon","author_link":"https:\/\/site.educa.madrid.org\/cp.principesdeasturias.pozuelodealarcon\/index.php\/author\/cuenta_tic-cp-principesdeasturias-pozuelodealarcon\/"},"rttpg_comment":0,"rttpg_category":"<a href=\"https:\/\/site.educa.madrid.org\/cp.principesdeasturias.pozuelodealarcon\/index.php\/category\/sin-categoria\/\" rel=\"category tag\">Sin categor\u00eda<\/a>","rttpg_excerpt":"Finaliz\u00f3 la Semana Cultural 2026 en nuestro colegio. A lo largo de unos d\u00edas alumnos, profesores y familias han compartido el resultado de los trabajos realizado a lo largo de este curso escolar sobre el cine, en concreto, \u00abUn cole de cine\u00bb t\u00edtulo que daba nombre al mismo. Se pudo disfrutar de la exposici\u00f3n deLeer&hellip;","post_mailing_queue_ids":[],"_links":{"self":[{"href":"https:\/\/site.educa.madrid.org\/cp.principesdeasturias.pozuelodealarcon\/index.php\/wp-json\/wp\/v2\/posts\/2797","targetHints":{"allow":["GET"]}}],"collection":[{"href":"https:\/\/site.educa.madrid.org\/cp.principesdeasturias.pozuelodealarcon\/index.php\/wp-json\/wp\/v2\/posts"}],"about":[{"href":"https:\/\/site.educa.madrid.org\/cp.principesdeasturias.pozuelodealarcon\/index.php\/wp-json\/wp\/v2\/types\/post"}],"author":[{"embeddable":true,"href":"https:\/\/site.educa.madrid.org\/cp.principesdeasturias.pozuelodealarcon\/index.php\/wp-json\/wp\/v2\/users\/2"}],"replies":[{"embeddable":true,"href":"https:\/\/site.educa.madrid.org\/cp.principesdeasturias.pozuelodealarcon\/index.php\/wp-json\/wp\/v2\/comments?post=2797"}],"version-history":[{"count":3,"href":"https:\/\/site.educa.madrid.org\/cp.principesdeasturias.pozuelodealarcon\/index.php\/wp-json\/wp\/v2\/posts\/2797\/revisions"}],"predecessor-version":[{"id":2802,"href":"https:\/\/site.educa.madrid.org\/cp.principesdeasturias.pozuelodealarcon\/index.php\/wp-json\/wp\/v2\/posts\/2797\/revisions\/2802"}],"wp:featuredmedia":[{"embeddable":true,"href":"https:\/\/site.educa.madrid.org\/cp.principesdeasturias.pozuelodealarcon\/index.php\/wp-json\/wp\/v2\/media\/2800"}],"wp:attachment":[{"href":"https:\/\/site.educa.madrid.org\/cp.principesdeasturias.pozuelodealarcon\/index.php\/wp-json\/wp\/v2\/media?parent=2797"}],"wp:term":[{"taxonomy":"category","embeddable":true,"href":"https:\/\/site.educa.madrid.org\/cp.principesdeasturias.pozuelodealarcon\/index.php\/wp-json\/wp\/v2\/categories?post=2797"},{"taxonomy":"post_tag","embeddable":true,"href":"https:\/\/site.educa.madrid.org\/cp.principesdeasturias.pozuelodealarcon\/index.php\/wp-json\/wp\/v2\/tags?post=2797"},{"taxonomy":"post_folder","embeddable":true,"href":"https:\/\/site.educa.madrid.org\/cp.principesdeasturias.pozuelodealarcon\/index.php\/wp-json\/wp\/v2\/post_folder?post=2797"}],"curies":[{"name":"wp","href":"https:\/\/api.w.org\/{rel}","templated":true}]}}