{"id":2943,"date":"2026-05-12T00:53:16","date_gmt":"2026-05-11T22:53:16","guid":{"rendered":"https:\/\/site.educa.madrid.org\/cp.principesdeasturias.pozuelodealarcon\/?p=2943"},"modified":"2026-05-12T00:56:45","modified_gmt":"2026-05-11T22:56:45","slug":"cercedilla-4o-primaria","status":"publish","type":"post","link":"https:\/\/site.educa.madrid.org\/cp.principesdeasturias.pozuelodealarcon\/index.php\/2026\/05\/12\/cercedilla-4o-primaria\/","title":{"rendered":"Cercedilla 4\u00ba Primaria"},"content":{"rendered":"<div style=\"position: relative; width: 100%; height: 0; padding-top: 56.2500%; padding-bottom: 0; box-shadow: 0 2px 8px 0 rgba(63,69,81,0.16); margin-top: 1.6em; margin-bottom: 0.9em; overflow: hidden; border-radius: 8px; will-change: transform;\"><br \/><iframe style=\"position: absolute; width: 100%; height: 100%; top: 0; left: 0; border: none; padding: 0; margin: 0;\" src=\"https:\/\/www.canva.com\/design\/DAHJZirZrUI\/W9Q30j9xQ0wrlwsy1VaG2g\/view?embed\" allowfullscreen=\"allowfullscreen\"><br \/>\n  <\/iframe><\/div>\n<p>\u00a0<\/p>\n<p>\ud83e\udd7e\ud83c\udf3f El pasado lunes 11 de mayo, los alumnos de 4\u00ba de Primaria disfrutaron de una preciosa ruta de senderismo por el Valle de la Fuenfr\u00eda, en Cercedilla, acompa\u00f1ados de sus profesores y del fant\u00e1stico equipo de monitores.<\/p>\n<p>Despu\u00e9s de varios d\u00edas de lluvia, la sierra estaba m\u00e1s verde y bonita que nunca \ud83c\udf32\u2600\ufe0f. Nuestros alumnos demostraron ser unos aut\u00e9nticos campeones recorriendo nada menos que 8 kil\u00f3metros, caminando sobre los restos de la hist\u00f3rica calzada romana del siglo I y aprendiendo sobre los \u00e1rboles, plantas y aves de la zona.<\/p>\n<p>Queremos agradecer al equipo de su ayuda y cercan\u00eda durante toda la jornada, as\u00ed como la organizaci\u00f3n del transporte\u2026 \u00a1cuyo trayecto tambi\u00e9n estuvo lleno de risas y diversi\u00f3n! \ud83d\ude8c\ud83d\udc9a<\/p>\n<p>#SenderismoEscolar #4Primaria #AprenderFueraDelAula #Naturaleza #Cercedilla #ValleDeLaFuenfr\u00eda<\/p>\n\n\n<p class=\"has-text-align-center\">\u00a1Challenge superado!<\/p>\n\n\n\n<p class=\"has-text-align-center\"><br>Nuestros alumnos de 4\u00ba de Primaria han demostrado hoy lo que significa trabajar en equipo. Los 48 alumnos han llegado juntos a la Ducha de los Alemanes en las Dehesas de Cercedilla, pasando por la calzada romana, cuid\u00e1ndose unos de otros y asegur\u00e1ndose que ning\u00fan compa\u00f1ero se quedara atr\u00e1s.<\/p>\n\n\n\n<p class=\"has-text-align-center\"><br>\u00a1Orgullosos de ver c\u00f3mo crecen no solo como estudiantes, sino como personas! \ud83e\udd7e\ud83c\udfd4\ufe0f<\/p>\n\n\n\n<h1 class=\"wp-block-heading\"><\/h1>\n","protected":false},"excerpt":{"rendered":"<p>\u00a0 \ud83e\udd7e\ud83c\udf3f El pasado lunes 11 de mayo, los alumnos de 4\u00ba de Primaria disfrutaron de una preciosa ruta de senderismo por el Valle de la Fuenfr\u00eda, en Cercedilla, acompa\u00f1ados de sus profesores y del fant\u00e1stico equipo de monitores. Despu\u00e9s de varios d\u00edas de lluvia, la sierra estaba m\u00e1s verde y bonita que nunca \ud83c\udf32\u2600\ufe0f.<\/p><\/div>\n<div class=\"blog-btn\"><a href=\"https:\/\/site.educa.madrid.org\/cp.principesdeasturias.pozuelodealarcon\/index.php\/2026\/05\/12\/cercedilla-4o-primaria\/\" class=\"home-blog-btn\">Leer m\u00e1s<\/a><\/p>\n","protected":false},"author":2,"featured_media":2945,"comment_status":"open","ping_status":"open","sticky":false,"template":"","format":"standard","meta":{"footnotes":""},"categories":[1],"tags":[],"post_folder":[],"class_list":["post-2943","post","type-post","status-publish","format-standard","has-post-thumbnail","hentry","category-sin-categoria"],"rttpg_featured_image_url":{"full":["https:\/\/site.educa.madrid.org\/cp.principesdeasturias.pozuelodealarcon\/\/wp-content\/uploads\/cp.principesdeasturias.pozuelodealarcon\/2026\/05\/WhatsApp-Image-2026-05-11-at-15.11.39-4-e1778540026752.jpeg",10,8,false],"landscape":["https:\/\/site.educa.madrid.org\/cp.principesdeasturias.pozuelodealarcon\/\/wp-content\/uploads\/cp.principesdeasturias.pozuelodealarcon\/2026\/05\/WhatsApp-Image-2026-05-11-at-15.11.39-4-e1778540026752.jpeg",10,8,false],"portraits":["https:\/\/site.educa.madrid.org\/cp.principesdeasturias.pozuelodealarcon\/\/wp-content\/uploads\/cp.principesdeasturias.pozuelodealarcon\/2026\/05\/WhatsApp-Image-2026-05-11-at-15.11.39-4-e1778540026752.jpeg",10,8,false],"thumbnail":["https:\/\/site.educa.madrid.org\/cp.principesdeasturias.pozuelodealarcon\/\/wp-content\/uploads\/cp.principesdeasturias.pozuelodealarcon\/2026\/05\/WhatsApp-Image-2026-05-11-at-15.11.39-4-150x150.jpeg",150,150,true],"medium":["https:\/\/site.educa.madrid.org\/cp.principesdeasturias.pozuelodealarcon\/\/wp-content\/uploads\/cp.principesdeasturias.pozuelodealarcon\/2026\/05\/WhatsApp-Image-2026-05-11-at-15.11.39-4-300x225.jpeg",300,225,true],"large":["https:\/\/site.educa.madrid.org\/cp.principesdeasturias.pozuelodealarcon\/\/wp-content\/uploads\/cp.principesdeasturias.pozuelodealarcon\/2026\/05\/WhatsApp-Image-2026-05-11-at-15.11.39-4-1024x768.jpeg",696,522,true],"thumblist":["https:\/\/site.educa.madrid.org\/cp.principesdeasturias.pozuelodealarcon\/\/wp-content\/uploads\/cp.principesdeasturias.pozuelodealarcon\/2026\/05\/WhatsApp-Image-2026-05-11-at-15.11.39-4-300x300.jpeg",300,300,true],"thumbrelated":["https:\/\/site.educa.madrid.org\/cp.principesdeasturias.pozuelodealarcon\/\/wp-content\/uploads\/cp.principesdeasturias.pozuelodealarcon\/2026\/05\/WhatsApp-Image-2026-05-11-at-15.11.39-4-500x500.jpeg",500,500,true],"meccarouselthumb":["https:\/\/site.educa.madrid.org\/cp.principesdeasturias.pozuelodealarcon\/\/wp-content\/uploads\/cp.principesdeasturias.pozuelodealarcon\/2026\/05\/WhatsApp-Image-2026-05-11-at-15.11.39-4-474x324.jpeg",474,324,true],"gridsquare":["https:\/\/site.educa.madrid.org\/cp.principesdeasturias.pozuelodealarcon\/\/wp-content\/uploads\/cp.principesdeasturias.pozuelodealarcon\/2026\/05\/WhatsApp-Image-2026-05-11-at-15.11.39-4-391x260.jpeg",391,260,true],"tileview":["https:\/\/site.educa.madrid.org\/cp.principesdeasturias.pozuelodealarcon\/\/wp-content\/uploads\/cp.principesdeasturias.pozuelodealarcon\/2026\/05\/WhatsApp-Image-2026-05-11-at-15.11.39-4-300x400.jpeg",300,400,true],"1536x1536":["https:\/\/site.educa.madrid.org\/cp.principesdeasturias.pozuelodealarcon\/\/wp-content\/uploads\/cp.principesdeasturias.pozuelodealarcon\/2026\/05\/WhatsApp-Image-2026-05-11-at-15.11.39-4-1536x1152.jpeg",1536,1152,true],"2048x2048":["https:\/\/site.educa.madrid.org\/cp.principesdeasturias.pozuelodealarcon\/\/wp-content\/uploads\/cp.principesdeasturias.pozuelodealarcon\/2026\/05\/WhatsApp-Image-2026-05-11-at-15.11.39-4-e1778540026752.jpeg",10,8,false],"sow-carousel-default":["https:\/\/site.educa.madrid.org\/cp.principesdeasturias.pozuelodealarcon\/\/wp-content\/uploads\/cp.principesdeasturias.pozuelodealarcon\/2026\/05\/WhatsApp-Image-2026-05-11-at-15.11.39-4-272x182.jpeg",272,182,true],"sow-post-carousel-overlay-theme":["https:\/\/site.educa.madrid.org\/cp.principesdeasturias.pozuelodealarcon\/\/wp-content\/uploads\/cp.principesdeasturias.pozuelodealarcon\/2026\/05\/WhatsApp-Image-2026-05-11-at-15.11.39-4-360x476.jpeg",360,476,true],"sow-post-carousel-cards-theme":["https:\/\/site.educa.madrid.org\/cp.principesdeasturias.pozuelodealarcon\/\/wp-content\/uploads\/cp.principesdeasturias.pozuelodealarcon\/2026\/05\/WhatsApp-Image-2026-05-11-at-15.11.39-4-360x240.jpeg",360,240,true],"rt_custom":["https:\/\/site.educa.madrid.org\/cp.principesdeasturias.pozuelodealarcon\/\/wp-content\/uploads\/cp.principesdeasturias.pozuelodealarcon\/2026\/05\/WhatsApp-Image-2026-05-11-at-15.11.39-4-e1778540026752.jpeg",10,8,false]},"rttpg_author":{"display_name":"tic.cp.principesdeasturias.pozuelodealarcon","author_link":"https:\/\/site.educa.madrid.org\/cp.principesdeasturias.pozuelodealarcon\/index.php\/author\/cuenta_tic-cp-principesdeasturias-pozuelodealarcon\/"},"rttpg_comment":0,"rttpg_category":"<a href=\"https:\/\/site.educa.madrid.org\/cp.principesdeasturias.pozuelodealarcon\/index.php\/category\/sin-categoria\/\" rel=\"category tag\">Sin categor\u00eda<\/a>","rttpg_excerpt":"\u00a0 \ud83e\udd7e\ud83c\udf3f El pasado lunes 11 de mayo, los alumnos de 4\u00ba de Primaria disfrutaron de una preciosa ruta de senderismo por el Valle de la Fuenfr\u00eda, en Cercedilla, acompa\u00f1ados de sus profesores y del fant\u00e1stico equipo de monitores. Despu\u00e9s de varios d\u00edas de lluvia, la sierra estaba m\u00e1s verde y bonita que nunca \ud83c\udf32\u2600\ufe0f.Leer&hellip;","post_mailing_queue_ids":[],"_links":{"self":[{"href":"https:\/\/site.educa.madrid.org\/cp.principesdeasturias.pozuelodealarcon\/index.php\/wp-json\/wp\/v2\/posts\/2943","targetHints":{"allow":["GET"]}}],"collection":[{"href":"https:\/\/site.educa.madrid.org\/cp.principesdeasturias.pozuelodealarcon\/index.php\/wp-json\/wp\/v2\/posts"}],"about":[{"href":"https:\/\/site.educa.madrid.org\/cp.principesdeasturias.pozuelodealarcon\/index.php\/wp-json\/wp\/v2\/types\/post"}],"author":[{"embeddable":true,"href":"https:\/\/site.educa.madrid.org\/cp.principesdeasturias.pozuelodealarcon\/index.php\/wp-json\/wp\/v2\/users\/2"}],"replies":[{"embeddable":true,"href":"https:\/\/site.educa.madrid.org\/cp.principesdeasturias.pozuelodealarcon\/index.php\/wp-json\/wp\/v2\/comments?post=2943"}],"version-history":[{"count":3,"href":"https:\/\/site.educa.madrid.org\/cp.principesdeasturias.pozuelodealarcon\/index.php\/wp-json\/wp\/v2\/posts\/2943\/revisions"}],"predecessor-version":[{"id":2947,"href":"https:\/\/site.educa.madrid.org\/cp.principesdeasturias.pozuelodealarcon\/index.php\/wp-json\/wp\/v2\/posts\/2943\/revisions\/2947"}],"wp:featuredmedia":[{"embeddable":true,"href":"https:\/\/site.educa.madrid.org\/cp.principesdeasturias.pozuelodealarcon\/index.php\/wp-json\/wp\/v2\/media\/2945"}],"wp:attachment":[{"href":"https:\/\/site.educa.madrid.org\/cp.principesdeasturias.pozuelodealarcon\/index.php\/wp-json\/wp\/v2\/media?parent=2943"}],"wp:term":[{"taxonomy":"category","embeddable":true,"href":"https:\/\/site.educa.madrid.org\/cp.principesdeasturias.pozuelodealarcon\/index.php\/wp-json\/wp\/v2\/categories?post=2943"},{"taxonomy":"post_tag","embeddable":true,"href":"https:\/\/site.educa.madrid.org\/cp.principesdeasturias.pozuelodealarcon\/index.php\/wp-json\/wp\/v2\/tags?post=2943"},{"taxonomy":"post_folder","embeddable":true,"href":"https:\/\/site.educa.madrid.org\/cp.principesdeasturias.pozuelodealarcon\/index.php\/wp-json\/wp\/v2\/post_folder?post=2943"}],"curies":[{"name":"wp","href":"https:\/\/api.w.org\/{rel}","templated":true}]}}