{"id":686,"date":"2025-01-22T22:22:45","date_gmt":"2025-01-22T21:22:45","guid":{"rendered":"https:\/\/site.educa.madrid.org\/cp.principesdeasturias.pozuelodealarcon\/?p=686"},"modified":"2025-01-22T23:50:00","modified_gmt":"2025-01-22T22:50:00","slug":"la-entrada-de-prueba","status":"publish","type":"post","link":"https:\/\/site.educa.madrid.org\/cp.principesdeasturias.pozuelodealarcon\/index.php\/2025\/01\/22\/la-entrada-de-prueba\/","title":{"rendered":"Programa Iguales y Diferentes"},"content":{"rendered":"\n<h3 class=\"wp-block-heading\" id=\"1700776665\">Programa de concienciaci\u00f3n sobre la igualdad y la diversidad&nbsp;\u00abIGUALES Y DIFERENTES\u00bb<\/h3>\n\n\n\n<p>El CEIPSO Pr\u00edncipes de Asturias se uni\u00f3 al&nbsp;<strong>Proyecto de Centro Preferente<\/strong>&nbsp;en 2006-07,&nbsp;<em>promoviendo la solidaridad, el respeto y la inclusi\u00f3n como valores fundamentales.<\/em>&nbsp;<strong>La escolarizaci\u00f3n preferente de estudiantes con trastornos del espectro autista es parte de su identidad.<\/strong><\/p>\n\n\n\n<p>En el mes de octubre ha dado comienzo el&nbsp;<strong>programa de concienciaci\u00f3n IGUALES Y DIRERENTES<\/strong>. Este programa busca que&nbsp;<em>todos reconozcamos nuestras similitudes y diferencias, fomentando el respeto y la inclusi\u00f3n, as\u00ed como previniendo el acoso<\/em>.&nbsp;<\/p>\n\n\n\n<p>Las sesiones consisten en charlas con chicos que tienen diferentes Trastornos del Espectro Autista (TEA). Posteriormente, cada alumno confecciona un p\u00f3ster en el que representa su ADN con sus caracter\u00edsticas personales. Recordemos que el ADN humano es un 99% similar y solo un 1% diferente; ese es el mensaje que queremos transmitir.<\/p>\n","protected":false},"excerpt":{"rendered":"<p>Programa de concienciaci\u00f3n sobre la igualdad y la diversidad&nbsp;\u00abIGUALES Y DIFERENTES\u00bb El CEIPSO Pr\u00edncipes de Asturias se uni\u00f3 al&nbsp;Proyecto de Centro Preferente&nbsp;en 2006-07,&nbsp;promoviendo la solidaridad, el respeto y la inclusi\u00f3n como valores fundamentales.&nbsp;La escolarizaci\u00f3n preferente de estudiantes con trastornos del espectro autista es parte de su identidad. En el mes de octubre ha dado comienzo<\/p><\/div>\n<div class=\"blog-btn\"><a href=\"https:\/\/site.educa.madrid.org\/cp.principesdeasturias.pozuelodealarcon\/index.php\/2025\/01\/22\/la-entrada-de-prueba\/\" class=\"home-blog-btn\">Leer m\u00e1s<\/a><\/p>\n","protected":false},"author":2,"featured_media":746,"comment_status":"open","ping_status":"open","sticky":false,"template":"","format":"standard","meta":{"footnotes":""},"categories":[1],"tags":[],"post_folder":[],"class_list":["post-686","post","type-post","status-publish","format-standard","has-post-thumbnail","hentry","category-sin-categoria"],"rttpg_featured_image_url":{"full":["https:\/\/site.educa.madrid.org\/cp.principesdeasturias.pozuelodealarcon\/\/wp-content\/uploads\/cp.principesdeasturias.pozuelodealarcon\/2025\/01\/Captura-de-pantalla-2025-01-22-23-48-18-e1737586147877.png",827,482,false],"landscape":["https:\/\/site.educa.madrid.org\/cp.principesdeasturias.pozuelodealarcon\/\/wp-content\/uploads\/cp.principesdeasturias.pozuelodealarcon\/2025\/01\/Captura-de-pantalla-2025-01-22-23-48-18-e1737586147877.png",827,482,false],"portraits":["https:\/\/site.educa.madrid.org\/cp.principesdeasturias.pozuelodealarcon\/\/wp-content\/uploads\/cp.principesdeasturias.pozuelodealarcon\/2025\/01\/Captura-de-pantalla-2025-01-22-23-48-18-e1737586147877.png",827,482,false],"thumbnail":["https:\/\/site.educa.madrid.org\/cp.principesdeasturias.pozuelodealarcon\/\/wp-content\/uploads\/cp.principesdeasturias.pozuelodealarcon\/2025\/01\/Captura-de-pantalla-2025-01-22-23-48-18-e1737586147877-150x150.png",150,150,true],"medium":["https:\/\/site.educa.madrid.org\/cp.principesdeasturias.pozuelodealarcon\/\/wp-content\/uploads\/cp.principesdeasturias.pozuelodealarcon\/2025\/01\/Captura-de-pantalla-2025-01-22-23-48-18-e1737586147877-300x175.png",300,175,true],"large":["https:\/\/site.educa.madrid.org\/cp.principesdeasturias.pozuelodealarcon\/\/wp-content\/uploads\/cp.principesdeasturias.pozuelodealarcon\/2025\/01\/Captura-de-pantalla-2025-01-22-23-48-18-1024x576.png",696,392,true],"thumblist":["https:\/\/site.educa.madrid.org\/cp.principesdeasturias.pozuelodealarcon\/\/wp-content\/uploads\/cp.principesdeasturias.pozuelodealarcon\/2025\/01\/Captura-de-pantalla-2025-01-22-23-48-18-e1737586147877-300x300.png",300,300,true],"thumbrelated":["https:\/\/site.educa.madrid.org\/cp.principesdeasturias.pozuelodealarcon\/\/wp-content\/uploads\/cp.principesdeasturias.pozuelodealarcon\/2025\/01\/Captura-de-pantalla-2025-01-22-23-48-18-e1737586147877-500x482.png",500,482,true],"meccarouselthumb":["https:\/\/site.educa.madrid.org\/cp.principesdeasturias.pozuelodealarcon\/\/wp-content\/uploads\/cp.principesdeasturias.pozuelodealarcon\/2025\/01\/Captura-de-pantalla-2025-01-22-23-48-18-e1737586147877-474x324.png",474,324,true],"gridsquare":["https:\/\/site.educa.madrid.org\/cp.principesdeasturias.pozuelodealarcon\/\/wp-content\/uploads\/cp.principesdeasturias.pozuelodealarcon\/2025\/01\/Captura-de-pantalla-2025-01-22-23-48-18-e1737586147877-391x260.png",391,260,true],"tileview":["https:\/\/site.educa.madrid.org\/cp.principesdeasturias.pozuelodealarcon\/\/wp-content\/uploads\/cp.principesdeasturias.pozuelodealarcon\/2025\/01\/Captura-de-pantalla-2025-01-22-23-48-18-e1737586147877-300x400.png",300,400,true],"1536x1536":["https:\/\/site.educa.madrid.org\/cp.principesdeasturias.pozuelodealarcon\/\/wp-content\/uploads\/cp.principesdeasturias.pozuelodealarcon\/2025\/01\/Captura-de-pantalla-2025-01-22-23-48-18-e1737586147877.png",827,482,false],"2048x2048":["https:\/\/site.educa.madrid.org\/cp.principesdeasturias.pozuelodealarcon\/\/wp-content\/uploads\/cp.principesdeasturias.pozuelodealarcon\/2025\/01\/Captura-de-pantalla-2025-01-22-23-48-18-e1737586147877.png",827,482,false],"sow-carousel-default":["https:\/\/site.educa.madrid.org\/cp.principesdeasturias.pozuelodealarcon\/\/wp-content\/uploads\/cp.principesdeasturias.pozuelodealarcon\/2025\/01\/Captura-de-pantalla-2025-01-22-23-48-18-e1737586147877-272x182.png",272,182,true],"sow-post-carousel-overlay-theme":["https:\/\/site.educa.madrid.org\/cp.principesdeasturias.pozuelodealarcon\/\/wp-content\/uploads\/cp.principesdeasturias.pozuelodealarcon\/2025\/01\/Captura-de-pantalla-2025-01-22-23-48-18-e1737586147877.png",360,210,false],"sow-post-carousel-cards-theme":["https:\/\/site.educa.madrid.org\/cp.principesdeasturias.pozuelodealarcon\/\/wp-content\/uploads\/cp.principesdeasturias.pozuelodealarcon\/2025\/01\/Captura-de-pantalla-2025-01-22-23-48-18-e1737586147877.png",360,210,false],"rt_custom":["https:\/\/site.educa.madrid.org\/cp.principesdeasturias.pozuelodealarcon\/\/wp-content\/uploads\/cp.principesdeasturias.pozuelodealarcon\/2025\/01\/Captura-de-pantalla-2025-01-22-23-48-18-e1737586147877.png",827,482,false]},"rttpg_author":{"display_name":"tic.cp.principesdeasturias.pozuelodealarcon","author_link":"https:\/\/site.educa.madrid.org\/cp.principesdeasturias.pozuelodealarcon\/index.php\/author\/cuenta_tic-cp-principesdeasturias-pozuelodealarcon\/"},"rttpg_comment":0,"rttpg_category":"<a href=\"https:\/\/site.educa.madrid.org\/cp.principesdeasturias.pozuelodealarcon\/index.php\/category\/sin-categoria\/\" rel=\"category tag\">Sin categor\u00eda<\/a>","rttpg_excerpt":"Programa de concienciaci\u00f3n sobre la igualdad y la diversidad&nbsp;\u00abIGUALES Y DIFERENTES\u00bb El CEIPSO Pr\u00edncipes de Asturias se uni\u00f3 al&nbsp;Proyecto de Centro Preferente&nbsp;en 2006-07,&nbsp;promoviendo la solidaridad, el respeto y la inclusi\u00f3n como valores fundamentales.&nbsp;La escolarizaci\u00f3n preferente de estudiantes con trastornos del espectro autista es parte de su identidad. En el mes de octubre ha dado comienzoLeer&hellip;","post_mailing_queue_ids":[],"_links":{"self":[{"href":"https:\/\/site.educa.madrid.org\/cp.principesdeasturias.pozuelodealarcon\/index.php\/wp-json\/wp\/v2\/posts\/686","targetHints":{"allow":["GET"]}}],"collection":[{"href":"https:\/\/site.educa.madrid.org\/cp.principesdeasturias.pozuelodealarcon\/index.php\/wp-json\/wp\/v2\/posts"}],"about":[{"href":"https:\/\/site.educa.madrid.org\/cp.principesdeasturias.pozuelodealarcon\/index.php\/wp-json\/wp\/v2\/types\/post"}],"author":[{"embeddable":true,"href":"https:\/\/site.educa.madrid.org\/cp.principesdeasturias.pozuelodealarcon\/index.php\/wp-json\/wp\/v2\/users\/2"}],"replies":[{"embeddable":true,"href":"https:\/\/site.educa.madrid.org\/cp.principesdeasturias.pozuelodealarcon\/index.php\/wp-json\/wp\/v2\/comments?post=686"}],"version-history":[{"count":4,"href":"https:\/\/site.educa.madrid.org\/cp.principesdeasturias.pozuelodealarcon\/index.php\/wp-json\/wp\/v2\/posts\/686\/revisions"}],"predecessor-version":[{"id":747,"href":"https:\/\/site.educa.madrid.org\/cp.principesdeasturias.pozuelodealarcon\/index.php\/wp-json\/wp\/v2\/posts\/686\/revisions\/747"}],"wp:featuredmedia":[{"embeddable":true,"href":"https:\/\/site.educa.madrid.org\/cp.principesdeasturias.pozuelodealarcon\/index.php\/wp-json\/wp\/v2\/media\/746"}],"wp:attachment":[{"href":"https:\/\/site.educa.madrid.org\/cp.principesdeasturias.pozuelodealarcon\/index.php\/wp-json\/wp\/v2\/media?parent=686"}],"wp:term":[{"taxonomy":"category","embeddable":true,"href":"https:\/\/site.educa.madrid.org\/cp.principesdeasturias.pozuelodealarcon\/index.php\/wp-json\/wp\/v2\/categories?post=686"},{"taxonomy":"post_tag","embeddable":true,"href":"https:\/\/site.educa.madrid.org\/cp.principesdeasturias.pozuelodealarcon\/index.php\/wp-json\/wp\/v2\/tags?post=686"},{"taxonomy":"post_folder","embeddable":true,"href":"https:\/\/site.educa.madrid.org\/cp.principesdeasturias.pozuelodealarcon\/index.php\/wp-json\/wp\/v2\/post_folder?post=686"}],"curies":[{"name":"wp","href":"https:\/\/api.w.org\/{rel}","templated":true}]}}