{"id":3633,"date":"2024-05-06T19:00:24","date_gmt":"2024-05-06T17:00:24","guid":{"rendered":"https:\/\/site.educa.madrid.org\/cp.sanchezalbornoz.alcorcon\/?p=3633"},"modified":"2024-06-27T21:22:11","modified_gmt":"2024-06-27T19:22:11","slug":"convocatoria-huelga-el-8-y-21-mayo","status":"publish","type":"post","link":"https:\/\/site.educa.madrid.org\/cp.sanchezalbornoz.alcorcon\/index.php\/2024\/05\/06\/convocatoria-huelga-el-8-y-21-mayo\/","title":{"rendered":"CONVOCATORIA DE HUELGA  8 y 21 MAYO"},"content":{"rendered":"\n<p><\/p>\n\n\n<p>Estimadas familias,<\/p>\n<p>os informamos de que las organizaciones sindicales FEM de CCOO en el sector de la ense\u00f1anza, ANPE- MADRID, ense\u00f1anza CSIF Madrid y UGT-SP Madrid enviaron a la autoridad laboral, el d\u00eda 10 de abril de 2024, comunicaci\u00f3n de convocatoria de huelga para los d\u00edas <strong>8 y 21 de mayo de 2024<\/strong>, extendi\u00e9ndose la misma al personal docente funcionario de carrera e interino de todos los centros y servicios educativos de la ense\u00f1anza p\u00fablica no universitaria de la Comunidad de Madrid, tanto de r\u00e9gimen general como de r\u00e9gimen especial.<\/p>\n<p>Posteriormente, el d\u00eda 23 de abril de 2024, las organizaciones sindicales Sindicato de Ense\u00f1anza de Madrid de la Confederaci\u00f3n General del Trabajo CGT; Sindicato de Trabajadoras\/es de la Ense\u00f1anza de Madrid (STEM) y Secci\u00f3n de Educaci\u00f3n P\u00fablica de la Comunidad de Madrid. de CNT enviaron a la autoridad laboral comunicaci\u00f3n de huelga para los mismos d\u00edas, 8 y 21 de mayo de 2024, y el mismo sector, funcionarios docentes interinos y de carrera de las etapas de ense\u00f1anza p\u00fablica no universitaria.<\/p>\n<p><strong>Seg\u00fan exponen los convocantes, la huelga se llevar\u00e1 a efecto desde las 0 horas a las 24 horas los d\u00edas 8 y 21 de mayo de 2024.<\/strong><\/p>\n<p>Os comunicamos que, durante los d\u00edas de huelga; el alumnado ser\u00e1 atendido por el personal nombrado como servicios m\u00ednimos sin poder saber con antelaci\u00f3n el personal docente que secundar\u00e1 la huelga.<\/p>\n<p><strong>Informaros de que tanto el servicio de desayuno como el de comedor SE LLEVAR\u00c1N A CABO CON ABSOLUTA NORMALIDAD, as\u00ed como las actividades extraescolares durante esos d\u00edas.<\/strong><\/p>\n<p>Agradeciendo vuestra colaboraci\u00f3n, os mandamos un fuerte abrazo.<\/p>\n<p>Luz<\/p>\n<div id=\"v1signature\"><\/div>","protected":false},"excerpt":{"rendered":"<p>Estimadas familias, os informamos de que las organizaciones sindicales FEM de CCOO en el sector de la ense\u00f1anza, ANPE- MADRID, ense\u00f1anza CSIF [&hellip;]<\/p>\n","protected":false},"author":3,"featured_media":0,"comment_status":"open","ping_status":"open","sticky":false,"template":"","format":"standard","meta":{"footnotes":""},"categories":[13,8],"tags":[],"post_folder":[],"class_list":["post-3633","post","type-post","status-publish","format-standard","hentry","category-avisos","category-noticias"],"rttpg_featured_image_url":null,"rttpg_author":{"display_name":"CEIP CLAUDIO S\u00c1NCHEZ ALBORNOZ","author_link":"https:\/\/site.educa.madrid.org\/cp.sanchezalbornoz.alcorcon\/index.php\/author\/cuenta_cp-sanchezalbornoz-alcorcon\/"},"rttpg_comment":0,"rttpg_category":"<a href=\"https:\/\/site.educa.madrid.org\/cp.sanchezalbornoz.alcorcon\/index.php\/category\/avisos\/\" rel=\"category tag\">Avisos<\/a> <a href=\"https:\/\/site.educa.madrid.org\/cp.sanchezalbornoz.alcorcon\/index.php\/category\/noticias\/\" rel=\"category tag\">Noticias<\/a>","rttpg_excerpt":"Estimadas familias, os informamos de que las organizaciones sindicales FEM de CCOO en el sector de la ense\u00f1anza, ANPE- MADRID, ense\u00f1anza CSIF [&hellip;]","post_mailing_queue_ids":[],"_links":{"self":[{"href":"https:\/\/site.educa.madrid.org\/cp.sanchezalbornoz.alcorcon\/index.php\/wp-json\/wp\/v2\/posts\/3633","targetHints":{"allow":["GET"]}}],"collection":[{"href":"https:\/\/site.educa.madrid.org\/cp.sanchezalbornoz.alcorcon\/index.php\/wp-json\/wp\/v2\/posts"}],"about":[{"href":"https:\/\/site.educa.madrid.org\/cp.sanchezalbornoz.alcorcon\/index.php\/wp-json\/wp\/v2\/types\/post"}],"author":[{"embeddable":true,"href":"https:\/\/site.educa.madrid.org\/cp.sanchezalbornoz.alcorcon\/index.php\/wp-json\/wp\/v2\/users\/3"}],"replies":[{"embeddable":true,"href":"https:\/\/site.educa.madrid.org\/cp.sanchezalbornoz.alcorcon\/index.php\/wp-json\/wp\/v2\/comments?post=3633"}],"version-history":[{"count":2,"href":"https:\/\/site.educa.madrid.org\/cp.sanchezalbornoz.alcorcon\/index.php\/wp-json\/wp\/v2\/posts\/3633\/revisions"}],"predecessor-version":[{"id":3635,"href":"https:\/\/site.educa.madrid.org\/cp.sanchezalbornoz.alcorcon\/index.php\/wp-json\/wp\/v2\/posts\/3633\/revisions\/3635"}],"wp:attachment":[{"href":"https:\/\/site.educa.madrid.org\/cp.sanchezalbornoz.alcorcon\/index.php\/wp-json\/wp\/v2\/media?parent=3633"}],"wp:term":[{"taxonomy":"category","embeddable":true,"href":"https:\/\/site.educa.madrid.org\/cp.sanchezalbornoz.alcorcon\/index.php\/wp-json\/wp\/v2\/categories?post=3633"},{"taxonomy":"post_tag","embeddable":true,"href":"https:\/\/site.educa.madrid.org\/cp.sanchezalbornoz.alcorcon\/index.php\/wp-json\/wp\/v2\/tags?post=3633"},{"taxonomy":"post_folder","embeddable":true,"href":"https:\/\/site.educa.madrid.org\/cp.sanchezalbornoz.alcorcon\/index.php\/wp-json\/wp\/v2\/post_folder?post=3633"}],"curies":[{"name":"wp","href":"https:\/\/api.w.org\/{rel}","templated":true}]}}