{"id":3985,"date":"2025-02-19T17:03:55","date_gmt":"2025-02-19T16:03:55","guid":{"rendered":"https:\/\/site.educa.madrid.org\/cp.sanchezalbornoz.alcorcon\/?p=3985"},"modified":"2025-02-19T23:09:23","modified_gmt":"2025-02-19T22:09:23","slug":"carnaval-27-febrero","status":"publish","type":"post","link":"https:\/\/site.educa.madrid.org\/cp.sanchezalbornoz.alcorcon\/index.php\/2025\/02\/19\/carnaval-27-febrero\/","title":{"rendered":"CARNAVAL 27 FEBRERO"},"content":{"rendered":"<p>Estimadas familias,<\/p>\n<p>os informamos de que el pr\u00f3ximo <strong>jueves 27 de febrero<\/strong> celebraremos el CARNAVAL CLAUDIANO. Las familias podr\u00e9is acceder a disfrutar del carnaval a las <strong>12 horas<\/strong>, el desfile se llevar\u00e1 a cabo en la pista de f\u00fatbol y las familias deber\u00e9is ubicaros EXCLUSIVAMENTE EN LAS GRADAS, no os coloqu\u00e9is en otros lugares.<\/p>\n<p>Os rogamos que durante el acto no llam\u00e9is a los \u00abpeques\u00bb ni acced\u00e1is a sus ubicaciones para hablar o hacerles fotos, todo ellos conlleva una falta de control por parte del profesorado.<\/p>\n<p>Adem\u00e1s, toda aquella familia que quiera llevarse ese d\u00eda a su \u00abpeque\u00bb despu\u00e9s del acto deber\u00e1 comunicarlo con la suficiente antelaci\u00f3n al tutor\/a respectivo dejando constancia en el libro de registro\/salidas al finalizar el desfile, ser\u00e1 la conserje quien se encargar\u00e1 de haceros entrega del menos una vez est\u00e9n ubicados en sus aulas y controlados por el tutor\/a.<\/p>\n<p>Solicitamos que cumpl\u00e1is rigurosamente las indicaciones transmitidas y entend\u00e1is que todo deriva en tener un control por parte del centro del alumnado.<\/p>\n<p>Os adjuntamos un documento con las <strong>CONSIGNAS DE CARNAVAL<\/strong> para la pr\u00f3xima semana, del 24 al 27 de febrero.<\/p>\n<p>Aprovechamos para informaros de un par de cosas:<\/p>\n<p>1.- El viernes <strong>28 de febrero y lunes 3 de marzo<\/strong> son d\u00edas <strong>NO LECTIVOS<\/strong>, por lo que; el centro permanecer\u00e1 cerrado.<\/p>\n<p>2.- El <strong>proceso de admisi\u00f3n comienza del 12 al 26 de marzo<\/strong>, todas aquellas familias obligadas a participar en dicho proceso (Infantil 3 a\u00f1os y 6\u00ba de primaria para el paso a la ESO, deber\u00e9is rellenar la solicitud, preferiblemente de forma telem\u00e1tica, durante esos d\u00edas). Desde el centro, os rogamos que, todas aquellas familias que vayan a solicitar un cambio o traslado de centro, nos lo comuniqu\u00e9is en cuanto lo sep\u00e1is, actualmente no disponemos de ninguna vacante en infantil (4 y 5 a\u00f1os) ni en toda la primaria, hay varias familias interesadas en matricular a sus hijos\/as en nuestro centro y necesitamos conocer si se van a producir vacantes para poderlas ofertar.<\/p>\n<p>Gracias de antemano por vuestra colaboraci\u00f3n, feliz tarde.<\/p>\n<p>Luz<\/p>\n<div id=\"v1signature\"><\/div>\n","protected":false},"excerpt":{"rendered":"<p>Estimadas familias, os informamos de que el pr\u00f3ximo jueves 27 de febrero celebraremos el CARNAVAL CLAUDIANO. Las familias podr\u00e9is acceder a disfrutar [&hellip;]<\/p>\n","protected":false},"author":3,"featured_media":0,"comment_status":"open","ping_status":"open","sticky":false,"template":"","format":"standard","meta":{"footnotes":""},"categories":[13,8],"tags":[],"post_folder":[],"class_list":["post-3985","post","type-post","status-publish","format-standard","hentry","category-avisos","category-noticias"],"rttpg_featured_image_url":null,"rttpg_author":{"display_name":"CEIP CLAUDIO S\u00c1NCHEZ ALBORNOZ","author_link":"https:\/\/site.educa.madrid.org\/cp.sanchezalbornoz.alcorcon\/index.php\/author\/cuenta_cp-sanchezalbornoz-alcorcon\/"},"rttpg_comment":0,"rttpg_category":"<a href=\"https:\/\/site.educa.madrid.org\/cp.sanchezalbornoz.alcorcon\/index.php\/category\/avisos\/\" rel=\"category tag\">Avisos<\/a> <a href=\"https:\/\/site.educa.madrid.org\/cp.sanchezalbornoz.alcorcon\/index.php\/category\/noticias\/\" rel=\"category tag\">Noticias<\/a>","rttpg_excerpt":"Estimadas familias, os informamos de que el pr\u00f3ximo jueves 27 de febrero celebraremos el CARNAVAL CLAUDIANO. Las familias podr\u00e9is acceder a disfrutar [&hellip;]","post_mailing_queue_ids":[],"_links":{"self":[{"href":"https:\/\/site.educa.madrid.org\/cp.sanchezalbornoz.alcorcon\/index.php\/wp-json\/wp\/v2\/posts\/3985","targetHints":{"allow":["GET"]}}],"collection":[{"href":"https:\/\/site.educa.madrid.org\/cp.sanchezalbornoz.alcorcon\/index.php\/wp-json\/wp\/v2\/posts"}],"about":[{"href":"https:\/\/site.educa.madrid.org\/cp.sanchezalbornoz.alcorcon\/index.php\/wp-json\/wp\/v2\/types\/post"}],"author":[{"embeddable":true,"href":"https:\/\/site.educa.madrid.org\/cp.sanchezalbornoz.alcorcon\/index.php\/wp-json\/wp\/v2\/users\/3"}],"replies":[{"embeddable":true,"href":"https:\/\/site.educa.madrid.org\/cp.sanchezalbornoz.alcorcon\/index.php\/wp-json\/wp\/v2\/comments?post=3985"}],"version-history":[{"count":1,"href":"https:\/\/site.educa.madrid.org\/cp.sanchezalbornoz.alcorcon\/index.php\/wp-json\/wp\/v2\/posts\/3985\/revisions"}],"predecessor-version":[{"id":3986,"href":"https:\/\/site.educa.madrid.org\/cp.sanchezalbornoz.alcorcon\/index.php\/wp-json\/wp\/v2\/posts\/3985\/revisions\/3986"}],"wp:attachment":[{"href":"https:\/\/site.educa.madrid.org\/cp.sanchezalbornoz.alcorcon\/index.php\/wp-json\/wp\/v2\/media?parent=3985"}],"wp:term":[{"taxonomy":"category","embeddable":true,"href":"https:\/\/site.educa.madrid.org\/cp.sanchezalbornoz.alcorcon\/index.php\/wp-json\/wp\/v2\/categories?post=3985"},{"taxonomy":"post_tag","embeddable":true,"href":"https:\/\/site.educa.madrid.org\/cp.sanchezalbornoz.alcorcon\/index.php\/wp-json\/wp\/v2\/tags?post=3985"},{"taxonomy":"post_folder","embeddable":true,"href":"https:\/\/site.educa.madrid.org\/cp.sanchezalbornoz.alcorcon\/index.php\/wp-json\/wp\/v2\/post_folder?post=3985"}],"curies":[{"name":"wp","href":"https:\/\/api.w.org\/{rel}","templated":true}]}}